{"id":17972,"date":"2026-04-27T18:33:41","date_gmt":"2026-04-27T16:33:41","guid":{"rendered":"https:\/\/agora.xtec.cat\/zerelsio\/?p=17972"},"modified":"2026-04-27T18:35:08","modified_gmt":"2026-04-27T16:35:08","slug":"diada-de-sant-jordi","status":"publish","type":"post","link":"https:\/\/agora.xtec.cat\/zerelsio\/portada\/diada-de-sant-jordi\/","title":{"rendered":"Diada de Sant Jordi"},"content":{"rendered":"<p data-start=\"39\" data-end=\"413\">El passat 23 d\u2019abril, coincidint amb la celebraci\u00f3 de <span class=\"hover:entity-accent entity-underline inline cursor-pointer align-baseline\"><span class=\"whitespace-normal\">Sant Jordi<\/span><\/span>, l\u2019escola es va omplir de cultura, creativitat i tradici\u00f3.\u00a0Al llarg de la jornada, l\u2019alumnat va participar en diverses activitats. Un dels moments m\u00e9s destacats va ser la presentaci\u00f3 del conte del Caparr\u00f3 <em>Lo Palou<\/em>, una hist\u00f2ria que va captivar petits i grans. A m\u00e9s, es van repartir els punts de llibre que els mateixos alumnes havien dissenyat i creat. Aquests es van elaborar amb l\u2019ajuda de la talladora l\u00e0ser, combinant tecnologia i creativitat per aconseguir uns resultats originals i molt cuidats.\u00a0La diada tamb\u00e9 va incloure una activitat manual molt especial: l\u2019elaboraci\u00f3 d\u2019una rosa. Cada alumne va poder crear la seva pr\u00f2pia rosa per regalar-la a alg\u00fa estimat o b\u00e9 per quedar-se-la com a record d\u2019aquest dia tan significatiu.<\/p>\n<p data-start=\"39\" data-end=\"413\">Teniu l\u2019enlla\u00e7 a les fotografies clicant\u00a0<a href=\"https:\/\/drive.google.com\/drive\/folders\/1pCHYrrfCdSIpwN5vImqZGAspgAYdUmhe?usp=sharing\">aqu\u00ed<\/a>.<\/p>\n<p data-start=\"39\" data-end=\"413\"><img loading=\"lazy\" decoding=\"async\" class=\"wp-image-17973 aligncenter\" src=\"https:\/\/agora.xtec.cat\/zerelsio\/wp-content\/uploads\/usu567\/2026\/04\/PHOTO-2026-04-27-18-23-02.jpg\" alt=\"\" width=\"334\" height=\"445\" srcset=\"https:\/\/agora.xtec.cat\/zerelsio\/wp-content\/uploads\/usu567\/2026\/04\/PHOTO-2026-04-27-18-23-02.jpg 1200w, https:\/\/agora.xtec.cat\/zerelsio\/wp-content\/uploads\/usu567\/2026\/04\/PHOTO-2026-04-27-18-23-02-225x300.jpg 225w, https:\/\/agora.xtec.cat\/zerelsio\/wp-content\/uploads\/usu567\/2026\/04\/PHOTO-2026-04-27-18-23-02-768x1024.jpg 768w, https:\/\/agora.xtec.cat\/zerelsio\/wp-content\/uploads\/usu567\/2026\/04\/PHOTO-2026-04-27-18-23-02-1152x1536.jpg 1152w\" sizes=\"auto, (max-width: 334px) 100vw, 334px\" \/><\/p>\n<p data-start=\"39\" data-end=\"413\">\n","protected":false},"excerpt":{"rendered":"<p>El passat 23 d\u2019abril, coincidint amb la celebraci\u00f3 de Sant Jordi, l\u2019escola es va omplir de cultura, creativitat i tradici\u00f3.\u00a0Al llarg de la jornada, l\u2019alumnat va participar en diverses activitats. Un dels moments m\u00e9s destacats va ser la presentaci\u00f3 del conte del Caparr\u00f3 Lo Palou,&hellip;  <a href=\"https:\/\/agora.xtec.cat\/zerelsio\/portada\/diada-de-sant-jordi\/\" title=\"Read Diada de Sant Jordi\">Llegeix m\u00e9s\u00bb<\/a><\/p>\n","protected":false},"author":1,"featured_media":0,"comment_status":"open","ping_status":"open","sticky":false,"template":"","format":"standard","meta":{"_bbp_topic_count":0,"_bbp_reply_count":0,"_bbp_total_topic_count":0,"_bbp_total_reply_count":0,"_bbp_voice_count":0,"_bbp_anonymous_reply_count":0,"_bbp_topic_count_hidden":0,"_bbp_reply_count_hidden":0,"_bbp_forum_subforum_count":0,"footnotes":""},"categories":[162,29,110],"tags":[],"class_list":["post-17972","post","type-post","status-publish","format-standard","hentry","category-general-en","category-portada","category-elsio"],"post_mailing_queue_ids":[],"_links":{"self":[{"href":"https:\/\/agora.xtec.cat\/zerelsio\/wp-json\/wp\/v2\/posts\/17972","targetHints":{"allow":["GET"]}}],"collection":[{"href":"https:\/\/agora.xtec.cat\/zerelsio\/wp-json\/wp\/v2\/posts"}],"about":[{"href":"https:\/\/agora.xtec.cat\/zerelsio\/wp-json\/wp\/v2\/types\/post"}],"author":[{"embeddable":true,"href":"https:\/\/agora.xtec.cat\/zerelsio\/wp-json\/wp\/v2\/users\/1"}],"replies":[{"embeddable":true,"href":"https:\/\/agora.xtec.cat\/zerelsio\/wp-json\/wp\/v2\/comments?post=17972"}],"version-history":[{"count":3,"href":"https:\/\/agora.xtec.cat\/zerelsio\/wp-json\/wp\/v2\/posts\/17972\/revisions"}],"predecessor-version":[{"id":17977,"href":"https:\/\/agora.xtec.cat\/zerelsio\/wp-json\/wp\/v2\/posts\/17972\/revisions\/17977"}],"wp:attachment":[{"href":"https:\/\/agora.xtec.cat\/zerelsio\/wp-json\/wp\/v2\/media?parent=17972"}],"wp:term":[{"taxonomy":"category","embeddable":true,"href":"https:\/\/agora.xtec.cat\/zerelsio\/wp-json\/wp\/v2\/categories?post=17972"},{"taxonomy":"post_tag","embeddable":true,"href":"https:\/\/agora.xtec.cat\/zerelsio\/wp-json\/wp\/v2\/tags?post=17972"}],"curies":[{"name":"wp","href":"https:\/\/api.w.org\/{rel}","templated":true}]}}