{"id":15815,"date":"2024-12-20T07:28:20","date_gmt":"2024-12-20T06:28:20","guid":{"rendered":"https:\/\/agora.xtec.cat\/zerelsio\/?p=15815"},"modified":"2025-02-11T13:55:55","modified_gmt":"2025-02-11T12:55:55","slug":"taller-descobrim-el-sol-cuidem-la-terra","status":"publish","type":"post","link":"https:\/\/agora.xtec.cat\/zerelsio\/general\/taller-descobrim-el-sol-cuidem-la-terra\/","title":{"rendered":"Taller &#8220;Descobrim el s\u00f2l, cuidem la Terra&#8221;"},"content":{"rendered":"<p><iframe loading=\"lazy\" src=\"https:\/\/drive.google.com\/file\/d\/1J3yXmgyZIigEDkBba4sQMUHWZqtgsl1k\/preview\" width=\"640\" height=\"480\"><span data-mce-type=\"bookmark\" style=\"display: inline-block; width: 0px; overflow: hidden; line-height: 0;\" class=\"mce_SELRES_start\">\ufeff<\/span><span data-mce-type=\"bookmark\" style=\"display: inline-block; width: 0px; overflow: hidden; line-height: 0;\" class=\"mce_SELRES_start\">\ufeff<\/span><\/iframe><\/p>\n<h3 style=\"text-align: justify;\">El passat 19 de desembre l&#8217;alumnat de la ZER vam fer a Preixens un taller amb l&#8217;<a href=\"https:\/\/www.google.com\/search?sca_esv=4100abd59f6d2bbe&amp;rlz=1C1WPZC_enES858ES858&amp;q=Inma+Roig%C3%A9+la+cistell%C3%A0+de+l%27imma&amp;spell=1&amp;sa=X&amp;ved=2ahUKEwjh1NWHybWKAxWQSKQEHYZlO_oQBSgAegQIGxAB&amp;biw=1093&amp;bih=513&amp;dpr=1.25#lpg=ik:CAoSLEFGMVFpcFB5SlMweVplVjg4TlhTSnNLRl9XWEJBaVpvOUZCcm55UVVjSDQx\">Imma Roig\u00e9 Porqueres<\/a>, per con\u00e8ixer el <a href=\"https:\/\/tresorderecursos.com\/el-sol\/\">s\u00f2l<\/a> i els diferents <a href=\"https:\/\/www.icgc.cat\/ca\/Ambits-tematics\/Territori-sostenible\/Sols\">tipus<\/a> que hi ha.<\/h3>\n<p style=\"text-align: justify;\"><iframe loading=\"lazy\" src=\"https:\/\/drive.google.com\/file\/d\/1W3f9N0zvvpSXkCynXZevcsnF1kDNWG-e\/preview\" width=\"640\" height=\"480\"><\/iframe><\/p>\n<h3>Primer vam anar a l&#8217;espai de l&#8217;hort de l&#8217;escola i es va explicar la difer\u00e8ncia entre diferents eines agr\u00edcoles: aixada, xapo&#8230; i la seva funci\u00f3.<\/h3>\n<h3><iframe loading=\"lazy\" src=\"https:\/\/drive.google.com\/file\/d\/1AAbDdYyjoPJBiv-Zol2wcoOhete-vSYs\/preview\" width=\"640\" height=\"480\"><\/iframe><\/h3>\n<h3 style=\"text-align: justify;\">Seguidament v\u00e0rem agafar una mostra del s\u00f2l. Abans ens va dir que hi naixien algunes plantes comestibles: <a href=\"https:\/\/ca.wikipedia.org\/wiki\/Malva\">malva<\/a>, <a href=\"https:\/\/es.wikipedia.org\/wiki\/Plantago_major\">llant\u00e9n<\/a>&#8230;<\/h3>\n<h3 style=\"text-align: justify;\">A l&#8217;escola l&#8217;<a href=\"https:\/\/www.youtube.com\/watch?v=30aOp797Qe8\">Imma<\/a> ens havia preparat la mostra de diferents <a href=\"https:\/\/bordas.garden\/tipologies-de-sols-les-plantes-mes-adequades-per-cada-tipus-de-terres\/\">tipus de s\u00f2l<\/a>: argilosos, llimosos, arenosos&#8230;<\/h3>\n<p><iframe loading=\"lazy\" src=\"https:\/\/drive.google.com\/file\/d\/1rrD2BQh3blqDlEAJt1C49l7ZFGaz5NDA\/preview\" width=\"640\" height=\"480\"><\/iframe><\/p>\n<h3 style=\"text-align: justify;\">i tamb\u00e9 d&#8217;alguns dels elements que hi podem trobar: palla, pedres, aigua, aire, organismes vius&#8230;<\/h3>\n<p><iframe loading=\"lazy\" src=\"https:\/\/drive.google.com\/file\/d\/1KrN-hpeLlOstzcVaSyS5k54D__lTRn4b\/preview\" width=\"640\" height=\"480\"><\/iframe><\/p>\n<h3 style=\"text-align: justify;\">Ens va fer reflexionar sobre la forma que tenen els elements de distribuir-se en el s\u00f2l. A <a href=\"https:\/\/geografiabatxillerat.wordpress.com\/wp-content\/uploads\/2016\/06\/tipus-de-sc3b2l.jpg\">dalt<\/a> de tot la mat\u00e8ria org\u00e0nica i al <a href=\"https:\/\/geografiabatxillerat.wordpress.com\/wp-content\/uploads\/2015\/07\/esquema-perfils-i-hortizons-del-sc3b2l.jpg\">fons<\/a> les pedres, entre mig llims, argiles&#8230;<\/h3>\n<p><iframe loading=\"lazy\" src=\"https:\/\/drive.google.com\/file\/d\/1IhsnQ__Y1UI7Xx9jzlZQBYSgNdQODJqZ\/preview\" width=\"640\" height=\"480\"><\/iframe><\/p>\n<h3 style=\"text-align: justify;\">Per observar l&#8217;estructura del s\u00f2l ens vam preparar 3 pots: un amb la mostra del nostre hort, l&#8217;altre venia del Pont de Suert i un tercer.<\/h3>\n<p><iframe loading=\"lazy\" src=\"https:\/\/drive.google.com\/file\/d\/1k2PcNiu7riBGzCrjRBE0o-WHMT8Bu_c8\/preview\" width=\"640\" height=\"480\"><\/iframe><br \/>\n<iframe loading=\"lazy\" src=\"https:\/\/drive.google.com\/file\/d\/1gitU3j3l2j5grYnRliozNeoRrQ91p3h9\/preview\" width=\"640\" height=\"480\"><\/iframe><\/p>\n<h3 style=\"text-align: justify;\">Vam haver de fer un &#8220;c\u00f2ctel&#8221; amb diferents elements. V\u00e0rem poder observar les diferents capes de l&#8217;<a href=\"https:\/\/ca.wikipedia.org\/wiki\/Textura_del_s%C3%B2l\">estructura i la textura dels seus elements<\/a>.<\/h3>\n<p><iframe loading=\"lazy\" src=\"https:\/\/drive.google.com\/file\/d\/1ywFRUv_Ykm03hspXk1JZZJ_Fv3e1jIE9\/preview\" width=\"640\" height=\"480\"><\/iframe><br \/>\n<iframe loading=\"lazy\" src=\"https:\/\/drive.google.com\/file\/d\/14De6KEk1SbX67kkOK-hqH8TBHCCMwhdT\/preview\" width=\"640\" height=\"480\"><\/iframe><\/p>\n<h3 style=\"text-align: justify;\">Per finalitzar vam haver de &#8220;fer pastetes&#8221; amb l&#8217;objectiu de determinar les propietats de cada tipus de s\u00f2l. Ara sabem que el millor s\u00f2l per fer hort \u00e9s el franc llim\u00f3s!<\/h3>\n<p><iframe loading=\"lazy\" src=\"https:\/\/drive.google.com\/file\/d\/1Cg_EnikmtnS4AxH0fa3VLTqz7-3q4DV1\/preview\" width=\"640\" height=\"480\"><\/iframe><br \/>\n<iframe loading=\"lazy\" src=\"https:\/\/drive.google.com\/file\/d\/1EjELXHNvjSDAPURT5pZe7S4zfBJ9kBRv\/preview\" width=\"640\" height=\"480\"><\/iframe><br \/>\n<iframe loading=\"lazy\" src=\"https:\/\/drive.google.com\/file\/d\/1XRgi14liFU1YgekBqmQEpSEfi1koms0k\/preview\" width=\"640\" height=\"480\"><\/iframe><br \/>\n<iframe loading=\"lazy\" src=\"https:\/\/drive.google.com\/file\/d\/1wnE3kxk7gq-fDUWTZxbZdlPbLurWsCVX\/preview\" width=\"640\" height=\"480\"><\/iframe><br \/>\n<iframe loading=\"lazy\" src=\"https:\/\/drive.google.com\/file\/d\/1JAhW1FqCmbRzCgIK2uJ4q7EUQNZ2m0Yi\/preview\" width=\"640\" height=\"480\"><\/iframe><br \/>\n<iframe loading=\"lazy\" src=\"https:\/\/drive.google.com\/file\/d\/1pK0HTjyrqCnZKuJ_iMVpThdGHVEnAlkk\/preview\" width=\"640\" height=\"480\"><\/iframe><br \/>\n<iframe loading=\"lazy\" src=\"https:\/\/drive.google.com\/file\/d\/10rTkeSz43BHidfYWDUnFja1FYHCmLlHB\/preview\" width=\"640\" height=\"480\"><\/iframe><\/p>\n<h3><span style=\"color: #ff0000;\">REFLEXI\u00d3 FINAL: AL S\u00d2L NO LI CAL POSAR RES.<\/span><\/h3>\n<h2><span style=\"color: #339966;\">Gr\u00e0cies Imma per les teves explicacions!<\/span><\/h2>\n<p><a href=\"https:\/\/drive.google.com\/drive\/folders\/1GvcgIUENwC9QTTSsYiUQwYP5E_y_M-vC?usp=drive_link\">Totes les imatges dels\/de les grans<\/a>.<\/p>\n<h1><span style=\"color: #ffcc00;\">Imatges dels\/de les m\u00e9s petits\/es.<\/span><\/h1>\n<p><iframe loading=\"lazy\" src=\"https:\/\/drive.google.com\/file\/d\/14c9XPweDJgZ66KG6AvA2lzz2QBR8Pdoj\/preview\" width=\"640\" height=\"480\"><\/iframe><br \/>\n<iframe loading=\"lazy\" src=\"https:\/\/drive.google.com\/file\/d\/1-Ip1yMakJKIIVauKpXn_IS8DA_B9BaWr\/preview\" width=\"640\" height=\"480\"><\/iframe><br \/>\n<iframe loading=\"lazy\" src=\"https:\/\/drive.google.com\/file\/d\/1Q1YLcCsWG-lS7cznDjXuqIcxIARQN300\/preview\" width=\"640\" height=\"480\"><\/iframe><br \/>\n<a href=\"https:\/\/drive.google.com\/drive\/folders\/1ykeb6xv61dtyTD3LuPb_PVIin3IS_tBX?usp=drive_link\" target=\"_blank\" rel=\"noopener\">Totes les imatges<\/a>.<\/p>\n","protected":false},"excerpt":{"rendered":"<p>Ara coneixem moltes m\u00e9s coses sobre el s\u00f2l!&hellip;  <a href=\"https:\/\/agora.xtec.cat\/zerelsio\/general\/taller-descobrim-el-sol-cuidem-la-terra\/\" title=\"Read Taller &#8220;Descobrim el s\u00f2l, cuidem la Terra&#8221;\">Llegeix m\u00e9s\u00bb<\/a><\/p>\n","protected":false},"author":3,"featured_media":15838,"comment_status":"open","ping_status":"closed","sticky":false,"template":"","format":"standard","meta":{"_bbp_topic_count":0,"_bbp_reply_count":0,"_bbp_total_topic_count":0,"_bbp_total_reply_count":0,"_bbp_voice_count":0,"_bbp_anonymous_reply_count":0,"_bbp_topic_count_hidden":0,"_bbp_reply_count_hidden":0,"_bbp_forum_subforum_count":0,"footnotes":""},"categories":[376,1,29,140,170,122],"tags":[],"class_list":["post-15815","post","type-post","status-publish","format-standard","has-post-thumbnail","hentry","category-curs-2024-2025","category-general","category-portada","category-sortides","category-steam","category-taller-de-ciencies"],"post_mailing_queue_ids":[],"_links":{"self":[{"href":"https:\/\/agora.xtec.cat\/zerelsio\/wp-json\/wp\/v2\/posts\/15815","targetHints":{"allow":["GET"]}}],"collection":[{"href":"https:\/\/agora.xtec.cat\/zerelsio\/wp-json\/wp\/v2\/posts"}],"about":[{"href":"https:\/\/agora.xtec.cat\/zerelsio\/wp-json\/wp\/v2\/types\/post"}],"author":[{"embeddable":true,"href":"https:\/\/agora.xtec.cat\/zerelsio\/wp-json\/wp\/v2\/users\/3"}],"replies":[{"embeddable":true,"href":"https:\/\/agora.xtec.cat\/zerelsio\/wp-json\/wp\/v2\/comments?post=15815"}],"version-history":[{"count":6,"href":"https:\/\/agora.xtec.cat\/zerelsio\/wp-json\/wp\/v2\/posts\/15815\/revisions"}],"predecessor-version":[{"id":15848,"href":"https:\/\/agora.xtec.cat\/zerelsio\/wp-json\/wp\/v2\/posts\/15815\/revisions\/15848"}],"wp:featuredmedia":[{"embeddable":true,"href":"https:\/\/agora.xtec.cat\/zerelsio\/wp-json\/wp\/v2\/media\/15838"}],"wp:attachment":[{"href":"https:\/\/agora.xtec.cat\/zerelsio\/wp-json\/wp\/v2\/media?parent=15815"}],"wp:term":[{"taxonomy":"category","embeddable":true,"href":"https:\/\/agora.xtec.cat\/zerelsio\/wp-json\/wp\/v2\/categories?post=15815"},{"taxonomy":"post_tag","embeddable":true,"href":"https:\/\/agora.xtec.cat\/zerelsio\/wp-json\/wp\/v2\/tags?post=15815"}],"curies":[{"name":"wp","href":"https:\/\/api.w.org\/{rel}","templated":true}]}}