{"id":772,"date":"2017-09-22T18:33:09","date_gmt":"2017-09-22T16:33:09","guid":{"rendered":"http:\/\/agora.xtec.cat\/zerelscastells\/?p=772"},"modified":"2017-09-22T18:33:09","modified_gmt":"2017-09-22T16:33:09","slug":"manifest-a-favor-de-la-democracia","status":"publish","type":"post","link":"https:\/\/agora.xtec.cat\/zerelscastells\/general\/manifest-a-favor-de-la-democracia\/","title":{"rendered":"MANIFEST A FAVOR DE LA DEMOCR\u00c0CIA"},"content":{"rendered":"<p>La ZER Els Castells ens adherim al manifest a favor de la democr\u00e0cia dif\u00f3s per la Junta territorial d\u2019Osona que representa les escoles d\u2019educaci\u00f3 Infantil i prim\u00e0ria de la comarca.<\/p>\n<p>&nbsp;<\/p>\n<p style=\"text-align: center;\"><strong>MANIFEST DE LA JUNTA TERRITORIAL DE LES ESCOLES D\u2019EDUCACI\u00d3 INFANTIL<br \/>\ni PRIM\u00c0RIA \u00a0<\/strong><strong>D\u2019OSONA A FAVOR DE LA DEMOCR\u00c0CIA<\/strong><\/p>\n<p>En representaci\u00f3 de les escoles p\u00fabliques d\u2019educaci\u00f3 infantil i prim\u00e0ria d\u2019Osona, la junta de directors d\u2019aquest territori volem manifestar-nos a favor dels drets que es deriven de la Democr\u00e0cia. Davant els fets ocorreguts aquests dies, creiem que s\u2019estan vulnerant els drets fonamentals de tota societat democr\u00e0tica com la llibertat d\u2019expressi\u00f3, el dret de reuni\u00f3, el dret a la intimitat, el dret a decidir,&#8230;entre d\u2019altres.<\/p>\n<p>\u00c9s per aix\u00f2 que manifestem que el di\u00e0leg \u00e9s i ha de ser sempre el cam\u00ed cap a l\u2019entesa i la resoluci\u00f3 pac\u00edfica.<\/p>\n<p>Des de les escoles, ens comprometem a ser exemples de di\u00e0leg, a promoure i respectar les opinions dels alumnes, dels mestres i de les fam\u00edlies i afavorir, sempre, actituds de Pau i de conviv\u00e8ncia.<\/p>\n<p>Atentament,<\/p>\n<p style=\"text-align: right;\">\u00a0\u00a0\u00a0\u00a0\u00a0\u00a0\u00a0\u00a0\u00a0\u00a0\u00a0\u00a0\u00a0\u00a0\u00a0\u00a0\u00a0\u00a0\u00a0\u00a0\u00a0\u00a0\u00a0\u00a0\u00a0\u00a0\u00a0\u00a0\u00a0\u00a0\u00a0\u00a0\u00a0\u00a0\u00a0\u00a0\u00a0\u00a0\u00a0\u00a0\u00a0\u00a0\u00a0\u00a0\u00a0\u00a0 \u00a0\u00a0\u00a0\u00a0\u00a0\u00a0\u00a0\u00a0\u00a0\u00a0\u00a0\u00a0\u00a0\u00a0\u00a0\u00a0\u00a0\u00a0\u00a0\u00a0\u00a0\u00a0\u00a0 Junta territorial de directors d\u2019Osona<\/p>\n<p style=\"text-align: right;\">\u00a0 \u00a0 \u00a0 \u00a0 \u00a0 \u00a0 \u00a0 \u00a0 \u00a0 \u00a0 \u00a0 \u00a0 \u00a0 \u00a0 \u00a0 \u00a0 \u00a0 \u00a0 \u00a0 \u00a0 \u00a0 \u00a0 \u00a0 \u00a0 \u00a0 \u00a0 \u00a0 \u00a0 \u00a0 \u00a0 \u00a0 \u00a0 \u00a0 \u00a0 \u00a0 \u00a0 Divendres 22 de setembre de 2017<\/p>\n","protected":false},"excerpt":{"rendered":"<p>La ZER Els Castells ens adherim al manifest a favor de la democr\u00e0cia dif\u00f3s per la Junta territorial d\u2019Osona que representa les escoles d\u2019educaci\u00f3 Infantil i prim\u00e0ria de la comarca. &nbsp; MANIFEST DE LA JUNTA TERRITORIAL DE LES ESCOLES D\u2019EDUCACI\u00d3 INFANTIL i PRIM\u00c0RIA \u00a0D\u2019OSONA A FAVOR DE LA DEMOCR\u00c0CIA En representaci\u00f3 de les escoles p\u00fabliques [&hellip;]<\/p>\n","protected":false},"author":3,"featured_media":0,"comment_status":"open","ping_status":"closed","sticky":false,"template":"","format":"standard","meta":{"_bbp_topic_count":0,"_bbp_reply_count":0,"_bbp_total_topic_count":0,"_bbp_total_reply_count":0,"_bbp_voice_count":0,"_bbp_anonymous_reply_count":0,"_bbp_topic_count_hidden":0,"_bbp_reply_count_hidden":0,"_bbp_forum_subforum_count":0,"site-sidebar-layout":"default","site-content-layout":"","ast-site-content-layout":"","site-content-style":"default","site-sidebar-style":"default","ast-global-header-display":"","ast-banner-title-visibility":"","ast-main-header-display":"","ast-hfb-above-header-display":"","ast-hfb-below-header-display":"","ast-hfb-mobile-header-display":"","site-post-title":"","ast-breadcrumbs-content":"","ast-featured-img":"","footer-sml-layout":"","theme-transparent-header-meta":"","adv-header-id-meta":"","stick-header-meta":"","header-above-stick-meta":"","header-main-stick-meta":"","header-below-stick-meta":"","astra-migrate-meta-layouts":"default","ast-page-background-enabled":"default","ast-page-background-meta":{"desktop":{"background-color":"var(--ast-global-color-4)","background-image":"","background-repeat":"repeat","background-position":"center center","background-size":"auto","background-attachment":"scroll","background-type":"","background-media":"","overlay-type":"","overlay-color":"","overlay-opacity":"","overlay-gradient":""},"tablet":{"background-color":"","background-image":"","background-repeat":"repeat","background-position":"center center","background-size":"auto","background-attachment":"scroll","background-type":"","background-media":"","overlay-type":"","overlay-color":"","overlay-opacity":"","overlay-gradient":""},"mobile":{"background-color":"","background-image":"","background-repeat":"repeat","background-position":"center center","background-size":"auto","background-attachment":"scroll","background-type":"","background-media":"","overlay-type":"","overlay-color":"","overlay-opacity":"","overlay-gradient":""}},"ast-content-background-meta":{"desktop":{"background-color":"var(--ast-global-color-5)","background-image":"","background-repeat":"repeat","background-position":"center center","background-size":"auto","background-attachment":"scroll","background-type":"","background-media":"","overlay-type":"","overlay-color":"","overlay-opacity":"","overlay-gradient":""},"tablet":{"background-color":"var(--ast-global-color-5)","background-image":"","background-repeat":"repeat","background-position":"center center","background-size":"auto","background-attachment":"scroll","background-type":"","background-media":"","overlay-type":"","overlay-color":"","overlay-opacity":"","overlay-gradient":""},"mobile":{"background-color":"var(--ast-global-color-5)","background-image":"","background-repeat":"repeat","background-position":"center center","background-size":"auto","background-attachment":"scroll","background-type":"","background-media":"","overlay-type":"","overlay-color":"","overlay-opacity":"","overlay-gradient":""}},"footnotes":""},"categories":[1,151,29,70],"tags":[155,156,114],"class_list":["post-772","post","type-post","status-publish","format-standard","hentry","category-general","category-baumeta","category-portada","category-santa-barbara","tag-baumeta","tag-santa-barbara","tag-zerelscastells"],"post_mailing_queue_ids":[],"_links":{"self":[{"href":"https:\/\/agora.xtec.cat\/zerelscastells\/wp-json\/wp\/v2\/posts\/772","targetHints":{"allow":["GET"]}}],"collection":[{"href":"https:\/\/agora.xtec.cat\/zerelscastells\/wp-json\/wp\/v2\/posts"}],"about":[{"href":"https:\/\/agora.xtec.cat\/zerelscastells\/wp-json\/wp\/v2\/types\/post"}],"author":[{"embeddable":true,"href":"https:\/\/agora.xtec.cat\/zerelscastells\/wp-json\/wp\/v2\/users\/3"}],"replies":[{"embeddable":true,"href":"https:\/\/agora.xtec.cat\/zerelscastells\/wp-json\/wp\/v2\/comments?post=772"}],"version-history":[{"count":1,"href":"https:\/\/agora.xtec.cat\/zerelscastells\/wp-json\/wp\/v2\/posts\/772\/revisions"}],"predecessor-version":[{"id":773,"href":"https:\/\/agora.xtec.cat\/zerelscastells\/wp-json\/wp\/v2\/posts\/772\/revisions\/773"}],"wp:attachment":[{"href":"https:\/\/agora.xtec.cat\/zerelscastells\/wp-json\/wp\/v2\/media?parent=772"}],"wp:term":[{"taxonomy":"category","embeddable":true,"href":"https:\/\/agora.xtec.cat\/zerelscastells\/wp-json\/wp\/v2\/categories?post=772"},{"taxonomy":"post_tag","embeddable":true,"href":"https:\/\/agora.xtec.cat\/zerelscastells\/wp-json\/wp\/v2\/tags?post=772"}],"curies":[{"name":"wp","href":"https:\/\/api.w.org\/{rel}","templated":true}]}}