{"id":5173,"date":"2021-06-08T22:19:57","date_gmt":"2021-06-08T20:19:57","guid":{"rendered":"http:\/\/agora.xtec.cat\/zerelscastells\/?p=5173"},"modified":"2021-06-08T22:19:57","modified_gmt":"2021-06-08T20:19:57","slug":"protagonista-de-la-setmana-la-gina","status":"publish","type":"post","link":"https:\/\/agora.xtec.cat\/zerelscastells\/santa-barbara\/protagonista-de-la-setmana-la-gina\/","title":{"rendered":"PROTAGONISTA DE LA SETMANA LA GINA"},"content":{"rendered":"<p>La setmana del 31 al 4 de juny 2021, la Gina Hien va ser la protagonista de la setmana.<\/p>\n<p>El 04-06-21 en Josep M. (el pare) i jo vam explicar la cartolina de quan la Gina era petita. Despr\u00e9s el pare va explicar el conte del &#8220;Sams\u00f3 l&#8217;eri\u00e7\u00f3&#8221; i vam acabar la sessi\u00f3 fent un eri\u00e7\u00f3 de fang.<\/p>\n<p>Els peixos van disfrutar molt de poder treballar amb el fang.<\/p>\n<p><img loading=\"lazy\" decoding=\"async\" class=\"\" src=\"https:\/\/lh3.googleusercontent.com\/bPcqzhaqiUDpxrDSTQ3sf2BlCpooo7ujIUxIPjQgIettu9z4ehzVvIR7XwlX4W3y6rqRmlMRq8GptbSS6eoq_Uxyoofmfvsl9Bm9JpocazOG3L80ZbCx8RB2Z3b01m6owv58aZxFDTd5tm8wxboB15yo6J-PqPCvy9XRyOL3NBueqLOzH0s5Gb9GvH-s6y_pCC4JnoyDGCgLvdhDiCmyHcImByGR1o9yebQNpxv8X2CEHGl05KZFC7F7_XA33iBw_wkPJKdWTMTcpNWmhlmMmXJ_n0VbOQOvGzZJimrvrja2heBVHLhapHBQAj4tN6EXbiyqzeUTlNtlmmj2MxvNRSZYFZYzwtiJ-UtQIKU5mM-TlzQcz8YdaIctzpJKU-yY69GEZ5LcCkbFWjQ5ZnVlwocNJLY31WhTXFxPj9mzjDmsMFeYR8HJGnjPtq5JrfYapX2WL--ei-ICieo6j_hYEYtuRfX6TC9lBnMYwMS76TiTCkN0DpBWuVenh0e37hHoR8jnsxxtZS0hTfnxgh6ZPkKd_J9fP2gD2a-1xbWI8Zvfk1PGCxbcaZ6MBJRE8DIijErVQjuvyrWXiZ9xaMNZv7-wkqTMUOnzlyhhmVPujeCivcx59b_IcybG7-9rSgorzx4Z5j2l6Y02MKIbSaVeLbsVXm7S3N4us0_-T9EJ5DDctH9BFUaZ-wJCu5Q9ARX16t3IND40AjXWVz6ppMlqmFuQ=w834-h625-no?authuser=2\" width=\"528\" height=\"396\" \/><\/p>\n<p><a href=\"https:\/\/photos.app.goo.gl\/1vLAVQaWdZSsWqGQA\">https:\/\/photos.app.goo.gl\/1vLAVQaWdZSsWqGQA<\/a><\/p>\n<p>&nbsp;<\/p>\n","protected":false},"excerpt":{"rendered":"<p>La setmana del 31 al 4 de juny 2021, la Gina Hien va ser la protagonista de la setmana. El 04-06-21 en Josep M. (el pare) i jo vam explicar la cartolina de quan la Gina era petita. Despr\u00e9s el pare va explicar el conte del &#8220;Sams\u00f3 l&#8217;eri\u00e7\u00f3&#8221; i vam acabar la sessi\u00f3 fent un [&hellip;]<\/p>\n","protected":false},"author":13,"featured_media":0,"comment_status":"open","ping_status":"closed","sticky":false,"template":"","format":"standard","meta":{"_bbp_topic_count":0,"_bbp_reply_count":0,"_bbp_total_topic_count":0,"_bbp_total_reply_count":0,"_bbp_voice_count":0,"_bbp_anonymous_reply_count":0,"_bbp_topic_count_hidden":0,"_bbp_reply_count_hidden":0,"_bbp_forum_subforum_count":0,"site-sidebar-layout":"default","site-content-layout":"","ast-site-content-layout":"","site-content-style":"default","site-sidebar-style":"default","ast-global-header-display":"","ast-banner-title-visibility":"","ast-main-header-display":"","ast-hfb-above-header-display":"","ast-hfb-below-header-display":"","ast-hfb-mobile-header-display":"","site-post-title":"","ast-breadcrumbs-content":"","ast-featured-img":"","footer-sml-layout":"","theme-transparent-header-meta":"","adv-header-id-meta":"","stick-header-meta":"","header-above-stick-meta":"","header-main-stick-meta":"","header-below-stick-meta":"","astra-migrate-meta-layouts":"default","ast-page-background-enabled":"default","ast-page-background-meta":{"desktop":{"background-color":"var(--ast-global-color-4)","background-image":"","background-repeat":"repeat","background-position":"center center","background-size":"auto","background-attachment":"scroll","background-type":"","background-media":"","overlay-type":"","overlay-color":"","overlay-opacity":"","overlay-gradient":""},"tablet":{"background-color":"","background-image":"","background-repeat":"repeat","background-position":"center center","background-size":"auto","background-attachment":"scroll","background-type":"","background-media":"","overlay-type":"","overlay-color":"","overlay-opacity":"","overlay-gradient":""},"mobile":{"background-color":"","background-image":"","background-repeat":"repeat","background-position":"center center","background-size":"auto","background-attachment":"scroll","background-type":"","background-media":"","overlay-type":"","overlay-color":"","overlay-opacity":"","overlay-gradient":""}},"ast-content-background-meta":{"desktop":{"background-color":"var(--ast-global-color-5)","background-image":"","background-repeat":"repeat","background-position":"center center","background-size":"auto","background-attachment":"scroll","background-type":"","background-media":"","overlay-type":"","overlay-color":"","overlay-opacity":"","overlay-gradient":""},"tablet":{"background-color":"var(--ast-global-color-5)","background-image":"","background-repeat":"repeat","background-position":"center center","background-size":"auto","background-attachment":"scroll","background-type":"","background-media":"","overlay-type":"","overlay-color":"","overlay-opacity":"","overlay-gradient":""},"mobile":{"background-color":"var(--ast-global-color-5)","background-image":"","background-repeat":"repeat","background-position":"center center","background-size":"auto","background-attachment":"scroll","background-type":"","background-media":"","overlay-type":"","overlay-color":"","overlay-opacity":"","overlay-gradient":""}},"footnotes":""},"categories":[70],"tags":[],"class_list":["post-5173","post","type-post","status-publish","format-standard","hentry","category-santa-barbara"],"post_mailing_queue_ids":[],"_links":{"self":[{"href":"https:\/\/agora.xtec.cat\/zerelscastells\/wp-json\/wp\/v2\/posts\/5173","targetHints":{"allow":["GET"]}}],"collection":[{"href":"https:\/\/agora.xtec.cat\/zerelscastells\/wp-json\/wp\/v2\/posts"}],"about":[{"href":"https:\/\/agora.xtec.cat\/zerelscastells\/wp-json\/wp\/v2\/types\/post"}],"author":[{"embeddable":true,"href":"https:\/\/agora.xtec.cat\/zerelscastells\/wp-json\/wp\/v2\/users\/13"}],"replies":[{"embeddable":true,"href":"https:\/\/agora.xtec.cat\/zerelscastells\/wp-json\/wp\/v2\/comments?post=5173"}],"version-history":[{"count":1,"href":"https:\/\/agora.xtec.cat\/zerelscastells\/wp-json\/wp\/v2\/posts\/5173\/revisions"}],"predecessor-version":[{"id":5174,"href":"https:\/\/agora.xtec.cat\/zerelscastells\/wp-json\/wp\/v2\/posts\/5173\/revisions\/5174"}],"wp:attachment":[{"href":"https:\/\/agora.xtec.cat\/zerelscastells\/wp-json\/wp\/v2\/media?parent=5173"}],"wp:term":[{"taxonomy":"category","embeddable":true,"href":"https:\/\/agora.xtec.cat\/zerelscastells\/wp-json\/wp\/v2\/categories?post=5173"},{"taxonomy":"post_tag","embeddable":true,"href":"https:\/\/agora.xtec.cat\/zerelscastells\/wp-json\/wp\/v2\/tags?post=5173"}],"curies":[{"name":"wp","href":"https:\/\/api.w.org\/{rel}","templated":true}]}}