{"id":1618,"date":"2018-04-24T22:06:25","date_gmt":"2018-04-24T20:06:25","guid":{"rendered":"http:\/\/agora.xtec.cat\/zerelscastells\/?p=1618"},"modified":"2018-05-09T22:47:50","modified_gmt":"2018-05-09T20:47:50","slug":"ens-visita-en-salvador-comelles","status":"publish","type":"post","link":"https:\/\/agora.xtec.cat\/zerelscastells\/general\/ens-visita-en-salvador-comelles\/","title":{"rendered":"ENS VISITA EN SALVADOR COMELLES"},"content":{"rendered":"<p>Avui a la ZER ens ha visitat en Salvador Comelles, autor dels llibres :\u00a0 \u201cEl pirata i la princesa\u201d , \u201cBona nit, Joan \u201c i \u201c Els Dracs a la Terra dels Cocos\u201d entre altres. Tots ells, llegits pels alumnes de CI.<\/p>\n<p>La seva visita ens ha perm\u00e8s entrar en contacte directe amb uns escriptor i establir-hi un di\u00e0leg al voltant dels seus llibres i d\u2019altres temes relacionats amb el fet literari com l\u2019ofici d\u2019escriure, el proc\u00e9s de creaci\u00f3, el m\u00f3n editorial.<\/p>\n<p>Ens ha agradat molt poder parlar amb ells dels llibres que hem llegit. Moltes gr\u00e0cies<\/p>\n<p><a href=\"https:\/\/photos.app.goo.gl\/iC4s3k7PbFmXvQKq1\"><img loading=\"lazy\" decoding=\"async\" class=\"aligncenter wp-image-1620\" src=\"http:\/\/agora.xtec.cat\/zerelscastells\/wp-content\/uploads\/usu1247\/2018\/04\/1524565049234-1024x1024.jpg\" alt=\"\" width=\"414\" height=\"414\" srcset=\"https:\/\/agora.xtec.cat\/zerelscastells\/wp-content\/uploads\/usu1247\/2018\/04\/1524565049234-1024x1024.jpg 1024w, https:\/\/agora.xtec.cat\/zerelscastells\/wp-content\/uploads\/usu1247\/2018\/04\/1524565049234-150x150.jpg 150w, https:\/\/agora.xtec.cat\/zerelscastells\/wp-content\/uploads\/usu1247\/2018\/04\/1524565049234-300x300.jpg 300w, https:\/\/agora.xtec.cat\/zerelscastells\/wp-content\/uploads\/usu1247\/2018\/04\/1524565049234-768x768.jpg 768w, https:\/\/agora.xtec.cat\/zerelscastells\/wp-content\/uploads\/usu1247\/2018\/04\/1524565049234.jpg 1600w\" sizes=\"auto, (max-width: 414px) 100vw, 414px\" \/><\/a><\/p>\n<p>CLICA SOBRE LA IMATGE PER VEURE LA GALERIA DE FOTOS<\/p>\n","protected":false},"excerpt":{"rendered":"<p>Avui a la ZER ens ha visitat en Salvador Comelles, autor dels llibres :\u00a0 \u201cEl pirata i la princesa\u201d , \u201cBona nit, Joan \u201c i \u201c Els Dracs a la Terra dels Cocos\u201d entre altres. Tots ells, llegits pels alumnes de CI. La seva visita ens ha perm\u00e8s entrar en contacte directe amb uns escriptor [&hellip;]<\/p>\n","protected":false},"author":4,"featured_media":0,"comment_status":"open","ping_status":"closed","sticky":false,"template":"","format":"standard","meta":{"_bbp_topic_count":0,"_bbp_reply_count":0,"_bbp_total_topic_count":0,"_bbp_total_reply_count":0,"_bbp_voice_count":0,"_bbp_anonymous_reply_count":0,"_bbp_topic_count_hidden":0,"_bbp_reply_count_hidden":0,"_bbp_forum_subforum_count":0,"site-sidebar-layout":"default","site-content-layout":"","ast-site-content-layout":"","site-content-style":"default","site-sidebar-style":"default","ast-global-header-display":"","ast-banner-title-visibility":"","ast-main-header-display":"","ast-hfb-above-header-display":"","ast-hfb-below-header-display":"","ast-hfb-mobile-header-display":"","site-post-title":"","ast-breadcrumbs-content":"","ast-featured-img":"","footer-sml-layout":"","theme-transparent-header-meta":"","adv-header-id-meta":"","stick-header-meta":"","header-above-stick-meta":"","header-main-stick-meta":"","header-below-stick-meta":"","astra-migrate-meta-layouts":"default","ast-page-background-enabled":"default","ast-page-background-meta":{"desktop":{"background-color":"var(--ast-global-color-4)","background-image":"","background-repeat":"repeat","background-position":"center center","background-size":"auto","background-attachment":"scroll","background-type":"","background-media":"","overlay-type":"","overlay-color":"","overlay-opacity":"","overlay-gradient":""},"tablet":{"background-color":"","background-image":"","background-repeat":"repeat","background-position":"center center","background-size":"auto","background-attachment":"scroll","background-type":"","background-media":"","overlay-type":"","overlay-color":"","overlay-opacity":"","overlay-gradient":""},"mobile":{"background-color":"","background-image":"","background-repeat":"repeat","background-position":"center center","background-size":"auto","background-attachment":"scroll","background-type":"","background-media":"","overlay-type":"","overlay-color":"","overlay-opacity":"","overlay-gradient":""}},"ast-content-background-meta":{"desktop":{"background-color":"var(--ast-global-color-5)","background-image":"","background-repeat":"repeat","background-position":"center center","background-size":"auto","background-attachment":"scroll","background-type":"","background-media":"","overlay-type":"","overlay-color":"","overlay-opacity":"","overlay-gradient":""},"tablet":{"background-color":"var(--ast-global-color-5)","background-image":"","background-repeat":"repeat","background-position":"center center","background-size":"auto","background-attachment":"scroll","background-type":"","background-media":"","overlay-type":"","overlay-color":"","overlay-opacity":"","overlay-gradient":""},"mobile":{"background-color":"var(--ast-global-color-5)","background-image":"","background-repeat":"repeat","background-position":"center center","background-size":"auto","background-attachment":"scroll","background-type":"","background-media":"","overlay-type":"","overlay-color":"","overlay-opacity":"","overlay-gradient":""}},"footnotes":""},"categories":[1,151,29,70],"tags":[],"class_list":["post-1618","post","type-post","status-publish","format-standard","hentry","category-general","category-baumeta","category-portada","category-santa-barbara"],"post_mailing_queue_ids":[],"_links":{"self":[{"href":"https:\/\/agora.xtec.cat\/zerelscastells\/wp-json\/wp\/v2\/posts\/1618","targetHints":{"allow":["GET"]}}],"collection":[{"href":"https:\/\/agora.xtec.cat\/zerelscastells\/wp-json\/wp\/v2\/posts"}],"about":[{"href":"https:\/\/agora.xtec.cat\/zerelscastells\/wp-json\/wp\/v2\/types\/post"}],"author":[{"embeddable":true,"href":"https:\/\/agora.xtec.cat\/zerelscastells\/wp-json\/wp\/v2\/users\/4"}],"replies":[{"embeddable":true,"href":"https:\/\/agora.xtec.cat\/zerelscastells\/wp-json\/wp\/v2\/comments?post=1618"}],"version-history":[{"count":4,"href":"https:\/\/agora.xtec.cat\/zerelscastells\/wp-json\/wp\/v2\/posts\/1618\/revisions"}],"predecessor-version":[{"id":1638,"href":"https:\/\/agora.xtec.cat\/zerelscastells\/wp-json\/wp\/v2\/posts\/1618\/revisions\/1638"}],"wp:attachment":[{"href":"https:\/\/agora.xtec.cat\/zerelscastells\/wp-json\/wp\/v2\/media?parent=1618"}],"wp:term":[{"taxonomy":"category","embeddable":true,"href":"https:\/\/agora.xtec.cat\/zerelscastells\/wp-json\/wp\/v2\/categories?post=1618"},{"taxonomy":"post_tag","embeddable":true,"href":"https:\/\/agora.xtec.cat\/zerelscastells\/wp-json\/wp\/v2\/tags?post=1618"}],"curies":[{"name":"wp","href":"https:\/\/api.w.org\/{rel}","templated":true}]}}