{"id":3905,"date":"2026-04-28T12:28:09","date_gmt":"2026-04-28T10:28:09","guid":{"rendered":"https:\/\/agora.xtec.cat\/zerelromani\/?p=3905"},"modified":"2026-04-28T12:28:09","modified_gmt":"2026-04-28T10:28:09","slug":"sant-jordi-a-la-zer-4","status":"publish","type":"post","link":"https:\/\/agora.xtec.cat\/zerelromani\/general\/sant-jordi-a-la-zer-4\/","title":{"rendered":"Sant Jordi a la ZER!!!"},"content":{"rendered":"<div data-test-render-count=\"1\">\n<div class=\"group\">\n<div>\n<div data-is-streaming=\"false\">\n<div>\n<div>\n<div>\n<p style=\"text-align: justify;\">Aquest any hem celebrat Sant Jordi amb molta il\u00b7lusi\u00f3 a totes les escoles de la ZER El Roman\u00ed. Lectures en veu alta, tallers, contes, teatres i activitats de tota mena han omplert el dia d&#8217;aquesta festa tan especial.<\/p>\n<p style=\"text-align: justify;\">Sant Jordi \u00e9s una ocasi\u00f3 perfecta per apropar els infants al m\u00f3n dels llibres i de la cultura, i per celebrar junts la llegenda de la rosa i el llibre amb creativitat i ganes.<\/p>\n<p style=\"text-align: justify;\">Des de la ZER, ens alegra veure com any rere any els nens i les nenes viuen aquesta festa amb tanta energia i participaci\u00f3. Fins l&#8217;any que ve!<\/p>\n<p>&nbsp;<\/p>\n<\/div>\n<\/div>\n<\/div>\n<\/div>\n<\/div>\n<div class=\"flex justify-start\" role=\"group\" aria-label=\"Message actions\">\n<div class=\"text-text-300\">\n<div class=\"text-text-300 flex items-stretch justify-between\">\n<div class=\"w-fit\" data-state=\"closed\">\n<div class=\"relative text-text-500 group-hover\/btn:text-text-100\">\n<div class=\"transition-all opacity-100 scale-100\"><a href=\"https:\/\/drive.google.com\/drive\/folders\/1cVtht1MlQwykh-cDqH8vGXysyIWwAiBq?usp=drive_link\" target=\"_blank\" rel=\"noopener\"><img loading=\"lazy\" decoding=\"async\" class=\"aligncenter wp-image-3906\" src=\"https:\/\/agora.xtec.cat\/zerelromani\/wp-content\/uploads\/usu1551\/2026\/04\/Sant-Jordi.jpeg\" alt=\"\" width=\"400\" height=\"224\" \/><\/a><\/div>\n<div class=\"absolute top-0 left-0 transition-all opacity-0 scale-50\"><\/div>\n<\/div>\n<\/div>\n<div class=\"w-fit\" data-state=\"closed\">\n<div class=\"text-text-500 group-hover\/btn:text-text-100\"><\/div>\n<\/div>\n<div class=\"w-fit\" data-state=\"closed\">\n<div class=\"text-text-500 group-hover\/btn:text-text-100\"><\/div>\n<\/div>\n<div class=\"flex items-center\">\n<div class=\"w-fit\" data-state=\"closed\">\n<div class=\"text-text-500 group-hover\/btn:text-text-100\"><\/div>\n<\/div>\n<\/div>\n<\/div>\n<\/div>\n<\/div>\n<\/div>\n<\/div>\n<div class=\"h-px w-full pointer-events-none\" aria-hidden=\"true\"><\/div>\n","protected":false},"excerpt":{"rendered":"<p>Aquest any hem celebrat Sant Jordi amb molta il\u00b7lusi\u00f3 a totes les escoles de la ZER El Roman\u00ed. Lectures en veu alta, tallers, contes, teatres i activitats de tota mena han omplert el dia d&#8217;aquesta festa tan especial. Sant Jordi \u00e9s una ocasi\u00f3 perfecta per apropar els infants al m\u00f3n dels llibres i de la [&hellip;]<\/p>\n","protected":false},"author":21,"featured_media":3906,"comment_status":"open","ping_status":"open","sticky":false,"template":"","format":"standard","meta":{"_bbp_topic_count":0,"_bbp_reply_count":0,"_bbp_total_topic_count":0,"_bbp_total_reply_count":0,"_bbp_voice_count":0,"_bbp_anonymous_reply_count":0,"_bbp_topic_count_hidden":0,"_bbp_reply_count_hidden":0,"_bbp_forum_subforum_count":0,"site-sidebar-layout":"default","site-content-layout":"","ast-site-content-layout":"default","site-content-style":"default","site-sidebar-style":"default","ast-global-header-display":"","ast-banner-title-visibility":"","ast-main-header-display":"","ast-hfb-above-header-display":"","ast-hfb-below-header-display":"","ast-hfb-mobile-header-display":"","site-post-title":"","ast-breadcrumbs-content":"","ast-featured-img":"","footer-sml-layout":"","theme-transparent-header-meta":"default","adv-header-id-meta":"","stick-header-meta":"","header-above-stick-meta":"","header-main-stick-meta":"","header-below-stick-meta":"","astra-migrate-meta-layouts":"set","ast-page-background-enabled":"default","ast-page-background-meta":{"desktop":{"background-color":"var(--ast-global-color-4)","background-image":"","background-repeat":"repeat","background-position":"center center","background-size":"auto","background-attachment":"scroll","background-type":"","background-media":"","overlay-type":"","overlay-color":"","overlay-opacity":"","overlay-gradient":""},"tablet":{"background-color":"","background-image":"","background-repeat":"repeat","background-position":"center center","background-size":"auto","background-attachment":"scroll","background-type":"","background-media":"","overlay-type":"","overlay-color":"","overlay-opacity":"","overlay-gradient":""},"mobile":{"background-color":"","background-image":"","background-repeat":"repeat","background-position":"center center","background-size":"auto","background-attachment":"scroll","background-type":"","background-media":"","overlay-type":"","overlay-color":"","overlay-opacity":"","overlay-gradient":""}},"ast-content-background-meta":{"desktop":{"background-color":"var(--ast-global-color-5)","background-image":"","background-repeat":"repeat","background-position":"center center","background-size":"auto","background-attachment":"scroll","background-type":"","background-media":"","overlay-type":"","overlay-color":"","overlay-opacity":"","overlay-gradient":""},"tablet":{"background-color":"var(--ast-global-color-5)","background-image":"","background-repeat":"repeat","background-position":"center center","background-size":"auto","background-attachment":"scroll","background-type":"","background-media":"","overlay-type":"","overlay-color":"","overlay-opacity":"","overlay-gradient":""},"mobile":{"background-color":"var(--ast-global-color-5)","background-image":"","background-repeat":"repeat","background-position":"center center","background-size":"auto","background-attachment":"scroll","background-type":"","background-media":"","overlay-type":"","overlay-color":"","overlay-opacity":"","overlay-gradient":""}},"footnotes":""},"categories":[123,118,1,116,115,29,117],"tags":[402,38,126],"class_list":["post-3905","post","type-post","status-publish","format-standard","has-post-thumbnail","hentry","category-agenda","category-cubells","category-general","category-la-sentiu","category-montgai","category-portada","category-vilanova","tag-diada","tag-sant-jordi","tag-zer"],"post_mailing_queue_ids":[],"_links":{"self":[{"href":"https:\/\/agora.xtec.cat\/zerelromani\/wp-json\/wp\/v2\/posts\/3905","targetHints":{"allow":["GET"]}}],"collection":[{"href":"https:\/\/agora.xtec.cat\/zerelromani\/wp-json\/wp\/v2\/posts"}],"about":[{"href":"https:\/\/agora.xtec.cat\/zerelromani\/wp-json\/wp\/v2\/types\/post"}],"author":[{"embeddable":true,"href":"https:\/\/agora.xtec.cat\/zerelromani\/wp-json\/wp\/v2\/users\/21"}],"replies":[{"embeddable":true,"href":"https:\/\/agora.xtec.cat\/zerelromani\/wp-json\/wp\/v2\/comments?post=3905"}],"version-history":[{"count":1,"href":"https:\/\/agora.xtec.cat\/zerelromani\/wp-json\/wp\/v2\/posts\/3905\/revisions"}],"predecessor-version":[{"id":3907,"href":"https:\/\/agora.xtec.cat\/zerelromani\/wp-json\/wp\/v2\/posts\/3905\/revisions\/3907"}],"wp:featuredmedia":[{"embeddable":true,"href":"https:\/\/agora.xtec.cat\/zerelromani\/wp-json\/wp\/v2\/media\/3906"}],"wp:attachment":[{"href":"https:\/\/agora.xtec.cat\/zerelromani\/wp-json\/wp\/v2\/media?parent=3905"}],"wp:term":[{"taxonomy":"category","embeddable":true,"href":"https:\/\/agora.xtec.cat\/zerelromani\/wp-json\/wp\/v2\/categories?post=3905"},{"taxonomy":"post_tag","embeddable":true,"href":"https:\/\/agora.xtec.cat\/zerelromani\/wp-json\/wp\/v2\/tags?post=3905"}],"curies":[{"name":"wp","href":"https:\/\/api.w.org\/{rel}","templated":true}]}}