{"id":3346,"date":"2023-05-11T11:16:55","date_gmt":"2023-05-11T09:16:55","guid":{"rendered":"https:\/\/agora.xtec.cat\/zerelromani\/?p=3346"},"modified":"2023-05-11T11:16:55","modified_gmt":"2023-05-11T09:16:55","slug":"la-sentiu-a-la-fira-de-la-ciencia","status":"publish","type":"post","link":"https:\/\/agora.xtec.cat\/zerelromani\/general\/la-sentiu-a-la-fira-de-la-ciencia\/","title":{"rendered":"La Sentiu a La Fira de la Ci\u00e8ncia!!!"},"content":{"rendered":"<p><span style=\"font-weight: 400;\">El passat 10 de maig els alumnes de CM i CS van assistir a la Fira de Ci\u00e8ncia a la Pla\u00e7a Mercadal de Balaguer on vam exposar el nostre experiment \u201cPer qu\u00e8 creix la massa del pa?\u201d a companys i companyes d\u2019altres escoles de Balaguer. Per acabar vam veure una actuaci\u00f3 del cient\u00edfic Dani Jim\u00e9nez que ens va deixar bocabadats.\u00a0<\/span><\/p>\n<p><span style=\"font-weight: 400;\">Ho valorem com una experi\u00e8ncia brutal!!\u00a0<\/span><\/p>\n<p><a href=\"https:\/\/drive.google.com\/drive\/folders\/1-0Q4Z_J02QPqB4-nqN8dxuLzrpXIvRok?usp=share_link\" target=\"_blank\" rel=\"noopener\"><img loading=\"lazy\" decoding=\"async\" class=\"aligncenter wp-image-3347 size-medium\" src=\"https:\/\/agora.xtec.cat\/zerelromani\/wp-content\/uploads\/usu1551\/2023\/05\/IMG_8133-300x225.jpg\" alt=\"\" width=\"300\" height=\"225\" srcset=\"https:\/\/agora.xtec.cat\/zerelromani\/wp-content\/uploads\/usu1551\/2023\/05\/IMG_8133-300x225.jpg 300w, https:\/\/agora.xtec.cat\/zerelromani\/wp-content\/uploads\/usu1551\/2023\/05\/IMG_8133-1024x768.jpg 1024w, https:\/\/agora.xtec.cat\/zerelromani\/wp-content\/uploads\/usu1551\/2023\/05\/IMG_8133-768x576.jpg 768w, https:\/\/agora.xtec.cat\/zerelromani\/wp-content\/uploads\/usu1551\/2023\/05\/IMG_8133-200x150.jpg 200w, https:\/\/agora.xtec.cat\/zerelromani\/wp-content\/uploads\/usu1551\/2023\/05\/IMG_8133.jpg 1365w\" sizes=\"auto, (max-width: 300px) 100vw, 300px\" \/><\/a><\/p>\n","protected":false},"excerpt":{"rendered":"<p>El passat 10 de maig els alumnes de CM i CS van assistir a la Fira de Ci\u00e8ncia a la Pla\u00e7a Mercadal de Balaguer on vam exposar el nostre experiment \u201cPer qu\u00e8 creix la massa del pa?\u201d a companys i companyes d\u2019altres escoles de Balaguer. Per acabar vam veure una actuaci\u00f3 del cient\u00edfic Dani Jim\u00e9nez [&hellip;]<\/p>\n","protected":false},"author":21,"featured_media":3347,"comment_status":"open","ping_status":"closed","sticky":false,"template":"","format":"standard","meta":{"_bbp_topic_count":0,"_bbp_reply_count":0,"_bbp_total_topic_count":0,"_bbp_total_reply_count":0,"_bbp_voice_count":0,"_bbp_anonymous_reply_count":0,"_bbp_topic_count_hidden":0,"_bbp_reply_count_hidden":0,"_bbp_forum_subforum_count":0,"site-sidebar-layout":"default","site-content-layout":"","ast-site-content-layout":"","site-content-style":"default","site-sidebar-style":"default","ast-global-header-display":"","ast-banner-title-visibility":"","ast-main-header-display":"","ast-hfb-above-header-display":"","ast-hfb-below-header-display":"","ast-hfb-mobile-header-display":"","site-post-title":"","ast-breadcrumbs-content":"","ast-featured-img":"","footer-sml-layout":"","theme-transparent-header-meta":"","adv-header-id-meta":"","stick-header-meta":"","header-above-stick-meta":"","header-main-stick-meta":"","header-below-stick-meta":"","astra-migrate-meta-layouts":"default","ast-page-background-enabled":"default","ast-page-background-meta":{"desktop":{"background-color":"var(--ast-global-color-4)","background-image":"","background-repeat":"repeat","background-position":"center center","background-size":"auto","background-attachment":"scroll","background-type":"","background-media":"","overlay-type":"","overlay-color":"","overlay-opacity":"","overlay-gradient":""},"tablet":{"background-color":"","background-image":"","background-repeat":"repeat","background-position":"center center","background-size":"auto","background-attachment":"scroll","background-type":"","background-media":"","overlay-type":"","overlay-color":"","overlay-opacity":"","overlay-gradient":""},"mobile":{"background-color":"","background-image":"","background-repeat":"repeat","background-position":"center center","background-size":"auto","background-attachment":"scroll","background-type":"","background-media":"","overlay-type":"","overlay-color":"","overlay-opacity":"","overlay-gradient":""}},"ast-content-background-meta":{"desktop":{"background-color":"var(--ast-global-color-5)","background-image":"","background-repeat":"repeat","background-position":"center center","background-size":"auto","background-attachment":"scroll","background-type":"","background-media":"","overlay-type":"","overlay-color":"","overlay-opacity":"","overlay-gradient":""},"tablet":{"background-color":"var(--ast-global-color-5)","background-image":"","background-repeat":"repeat","background-position":"center center","background-size":"auto","background-attachment":"scroll","background-type":"","background-media":"","overlay-type":"","overlay-color":"","overlay-opacity":"","overlay-gradient":""},"mobile":{"background-color":"var(--ast-global-color-5)","background-image":"","background-repeat":"repeat","background-position":"center center","background-size":"auto","background-attachment":"scroll","background-type":"","background-media":"","overlay-type":"","overlay-color":"","overlay-opacity":"","overlay-gradient":""}},"footnotes":""},"categories":[123,1,116,29],"tags":[248,246,137,249],"class_list":["post-3346","post","type-post","status-publish","format-standard","has-post-thumbnail","hentry","category-agenda","category-general","category-la-sentiu","category-portada","tag-ciencia","tag-fira","tag-la-sentiu","tag-medi"],"post_mailing_queue_ids":[],"_links":{"self":[{"href":"https:\/\/agora.xtec.cat\/zerelromani\/wp-json\/wp\/v2\/posts\/3346","targetHints":{"allow":["GET"]}}],"collection":[{"href":"https:\/\/agora.xtec.cat\/zerelromani\/wp-json\/wp\/v2\/posts"}],"about":[{"href":"https:\/\/agora.xtec.cat\/zerelromani\/wp-json\/wp\/v2\/types\/post"}],"author":[{"embeddable":true,"href":"https:\/\/agora.xtec.cat\/zerelromani\/wp-json\/wp\/v2\/users\/21"}],"replies":[{"embeddable":true,"href":"https:\/\/agora.xtec.cat\/zerelromani\/wp-json\/wp\/v2\/comments?post=3346"}],"version-history":[{"count":1,"href":"https:\/\/agora.xtec.cat\/zerelromani\/wp-json\/wp\/v2\/posts\/3346\/revisions"}],"predecessor-version":[{"id":3348,"href":"https:\/\/agora.xtec.cat\/zerelromani\/wp-json\/wp\/v2\/posts\/3346\/revisions\/3348"}],"wp:featuredmedia":[{"embeddable":true,"href":"https:\/\/agora.xtec.cat\/zerelromani\/wp-json\/wp\/v2\/media\/3347"}],"wp:attachment":[{"href":"https:\/\/agora.xtec.cat\/zerelromani\/wp-json\/wp\/v2\/media?parent=3346"}],"wp:term":[{"taxonomy":"category","embeddable":true,"href":"https:\/\/agora.xtec.cat\/zerelromani\/wp-json\/wp\/v2\/categories?post=3346"},{"taxonomy":"post_tag","embeddable":true,"href":"https:\/\/agora.xtec.cat\/zerelromani\/wp-json\/wp\/v2\/tags?post=3346"}],"curies":[{"name":"wp","href":"https:\/\/api.w.org\/{rel}","templated":true}]}}