{"id":2990,"date":"2022-03-04T16:43:03","date_gmt":"2022-03-04T15:43:03","guid":{"rendered":"https:\/\/agora.xtec.cat\/zerelromani\/?p=2990"},"modified":"2022-03-04T16:43:03","modified_gmt":"2022-03-04T15:43:03","slug":"taller-eduquem-les-emocions-a-lescola-a-montgai","status":"publish","type":"post","link":"https:\/\/agora.xtec.cat\/zerelromani\/general\/taller-eduquem-les-emocions-a-lescola-a-montgai\/","title":{"rendered":"Taller \u201cEduquem les emocions a l\u2019escola\u201d a Montgai!!!"},"content":{"rendered":"<p><span style=\"font-weight: 400;\">L\u2019Anna, la Carla i la Blanca de l\u2019Associaci\u00f3 Salut Mental la Noguera ens han fet una xerrada sobre la gesti\u00f3 de les emocions.\u00a0<\/span><\/p>\n<p><span style=\"font-weight: 400;\">Primer hem identificat cadascuna de les emocions, les hem relacionat amb diferents situacions de la vida quotidiana, hem fet uns jocs i finalment hem mirat un v\u00eddeo.<\/span><\/p>\n<p><span style=\"font-weight: 400;\">A la nostra escola ho hem treballat des de l\u2019\u00e0rea d\u2019angl\u00e8s amb el conte El monstre de colors.<\/span><\/p>\n<p><span style=\"font-weight: 400;\">Les noies que han vingut a fer la xerrada s\u2019han sorpr\u00e8s perqu\u00e8 sabem recon\u00e8ixer molt b\u00e9 les emocions i tamb\u00e9 les sabem contextualitzar en la nostra vida di\u00e0ria.<\/span><\/p>\n<p><span style=\"font-weight: 400;\">El treball fam\u00edlia i escola dona els seus resultats.<\/span><\/p>\n<p><a href=\"https:\/\/drive.google.com\/drive\/folders\/17Qgcy8wUG8mkpmGO21GoUT2KX3zyklmE?usp=sharing\" target=\"_blank\" rel=\"noopener\"><img loading=\"lazy\" decoding=\"async\" class=\"aligncenter wp-image-2991 size-medium\" src=\"https:\/\/agora.xtec.cat\/zerelromani\/wp-content\/uploads\/usu1551\/2022\/03\/IMG_20220302_104218-300x225.jpg\" alt=\"\" width=\"300\" height=\"225\" srcset=\"https:\/\/agora.xtec.cat\/zerelromani\/wp-content\/uploads\/usu1551\/2022\/03\/IMG_20220302_104218-300x225.jpg 300w, https:\/\/agora.xtec.cat\/zerelromani\/wp-content\/uploads\/usu1551\/2022\/03\/IMG_20220302_104218-1024x768.jpg 1024w, https:\/\/agora.xtec.cat\/zerelromani\/wp-content\/uploads\/usu1551\/2022\/03\/IMG_20220302_104218-768x576.jpg 768w, https:\/\/agora.xtec.cat\/zerelromani\/wp-content\/uploads\/usu1551\/2022\/03\/IMG_20220302_104218-200x150.jpg 200w, https:\/\/agora.xtec.cat\/zerelromani\/wp-content\/uploads\/usu1551\/2022\/03\/IMG_20220302_104218.jpg 1365w\" sizes=\"auto, (max-width: 300px) 100vw, 300px\" \/><\/a><\/p>\n","protected":false},"excerpt":{"rendered":"<p>L\u2019Anna, la Carla i la Blanca de l\u2019Associaci\u00f3 Salut Mental la Noguera ens han fet una xerrada sobre la gesti\u00f3 de les emocions.\u00a0 Primer hem identificat cadascuna de les emocions, les hem relacionat amb diferents situacions de la vida quotidiana, hem fet uns jocs i finalment hem mirat un v\u00eddeo. A la nostra escola ho [&hellip;]<\/p>\n","protected":false},"author":21,"featured_media":2991,"comment_status":"open","ping_status":"closed","sticky":false,"template":"","format":"standard","meta":{"_bbp_topic_count":0,"_bbp_reply_count":0,"_bbp_total_topic_count":0,"_bbp_total_reply_count":0,"_bbp_voice_count":0,"_bbp_anonymous_reply_count":0,"_bbp_topic_count_hidden":0,"_bbp_reply_count_hidden":0,"_bbp_forum_subforum_count":0,"site-sidebar-layout":"default","site-content-layout":"","ast-site-content-layout":"","site-content-style":"default","site-sidebar-style":"default","ast-global-header-display":"","ast-banner-title-visibility":"","ast-main-header-display":"","ast-hfb-above-header-display":"","ast-hfb-below-header-display":"","ast-hfb-mobile-header-display":"","site-post-title":"","ast-breadcrumbs-content":"","ast-featured-img":"","footer-sml-layout":"","theme-transparent-header-meta":"","adv-header-id-meta":"","stick-header-meta":"","header-above-stick-meta":"","header-main-stick-meta":"","header-below-stick-meta":"","astra-migrate-meta-layouts":"default","ast-page-background-enabled":"default","ast-page-background-meta":{"desktop":{"background-color":"var(--ast-global-color-4)","background-image":"","background-repeat":"repeat","background-position":"center center","background-size":"auto","background-attachment":"scroll","background-type":"","background-media":"","overlay-type":"","overlay-color":"","overlay-opacity":"","overlay-gradient":""},"tablet":{"background-color":"","background-image":"","background-repeat":"repeat","background-position":"center center","background-size":"auto","background-attachment":"scroll","background-type":"","background-media":"","overlay-type":"","overlay-color":"","overlay-opacity":"","overlay-gradient":""},"mobile":{"background-color":"","background-image":"","background-repeat":"repeat","background-position":"center center","background-size":"auto","background-attachment":"scroll","background-type":"","background-media":"","overlay-type":"","overlay-color":"","overlay-opacity":"","overlay-gradient":""}},"ast-content-background-meta":{"desktop":{"background-color":"var(--ast-global-color-5)","background-image":"","background-repeat":"repeat","background-position":"center center","background-size":"auto","background-attachment":"scroll","background-type":"","background-media":"","overlay-type":"","overlay-color":"","overlay-opacity":"","overlay-gradient":""},"tablet":{"background-color":"var(--ast-global-color-5)","background-image":"","background-repeat":"repeat","background-position":"center center","background-size":"auto","background-attachment":"scroll","background-type":"","background-media":"","overlay-type":"","overlay-color":"","overlay-opacity":"","overlay-gradient":""},"mobile":{"background-color":"var(--ast-global-color-5)","background-image":"","background-repeat":"repeat","background-position":"center center","background-size":"auto","background-attachment":"scroll","background-type":"","background-media":"","overlay-type":"","overlay-color":"","overlay-opacity":"","overlay-gradient":""}},"footnotes":""},"categories":[123,1,115,29],"tags":[243,128],"class_list":["post-2990","post","type-post","status-publish","format-standard","has-post-thumbnail","hentry","category-agenda","category-general","category-montgai","category-portada","tag-emocions","tag-montgai"],"post_mailing_queue_ids":[],"_links":{"self":[{"href":"https:\/\/agora.xtec.cat\/zerelromani\/wp-json\/wp\/v2\/posts\/2990","targetHints":{"allow":["GET"]}}],"collection":[{"href":"https:\/\/agora.xtec.cat\/zerelromani\/wp-json\/wp\/v2\/posts"}],"about":[{"href":"https:\/\/agora.xtec.cat\/zerelromani\/wp-json\/wp\/v2\/types\/post"}],"author":[{"embeddable":true,"href":"https:\/\/agora.xtec.cat\/zerelromani\/wp-json\/wp\/v2\/users\/21"}],"replies":[{"embeddable":true,"href":"https:\/\/agora.xtec.cat\/zerelromani\/wp-json\/wp\/v2\/comments?post=2990"}],"version-history":[{"count":1,"href":"https:\/\/agora.xtec.cat\/zerelromani\/wp-json\/wp\/v2\/posts\/2990\/revisions"}],"predecessor-version":[{"id":2992,"href":"https:\/\/agora.xtec.cat\/zerelromani\/wp-json\/wp\/v2\/posts\/2990\/revisions\/2992"}],"wp:featuredmedia":[{"embeddable":true,"href":"https:\/\/agora.xtec.cat\/zerelromani\/wp-json\/wp\/v2\/media\/2991"}],"wp:attachment":[{"href":"https:\/\/agora.xtec.cat\/zerelromani\/wp-json\/wp\/v2\/media?parent=2990"}],"wp:term":[{"taxonomy":"category","embeddable":true,"href":"https:\/\/agora.xtec.cat\/zerelromani\/wp-json\/wp\/v2\/categories?post=2990"},{"taxonomy":"post_tag","embeddable":true,"href":"https:\/\/agora.xtec.cat\/zerelromani\/wp-json\/wp\/v2\/tags?post=2990"}],"curies":[{"name":"wp","href":"https:\/\/api.w.org\/{rel}","templated":true}]}}