{"id":2930,"date":"2022-01-12T10:37:19","date_gmt":"2022-01-12T09:37:19","guid":{"rendered":"https:\/\/agora.xtec.cat\/zerelromani\/?p=2930"},"modified":"2022-01-12T10:38:20","modified_gmt":"2022-01-12T09:38:20","slug":"a-montgai-hem-llegit-els-postits-del-senyor-nohisoc","status":"publish","type":"post","link":"https:\/\/agora.xtec.cat\/zerelromani\/general\/a-montgai-hem-llegit-els-postits-del-senyor-nohisoc\/","title":{"rendered":"A Montgai hem llegit &#8220;Els P\u00f2stits del senyor Nohisoc&#8221;!!!"},"content":{"rendered":"<p style=\"text-align: justify;\"><span style=\"font-weight: 400;\">El passat trimestre, l\u2019alumnat de cicle mitj\u00e0 i cicle superior de l\u2019escola La Colomina vam fer la lectura del llibre <\/span><b>Els P\u00f2stits del senyor Nohisoc<\/b><span style=\"font-weight: 400;\"> de Tina Vall\u00e8s. Tamb\u00e9 vam realitzar diferents activitats com el treball de la biografia de l\u2019autora i l\u2019il\u00b7lustrador Christian Inarja, el dibuix dels personatges, el resum i una valoraci\u00f3 personal. <\/span><span style=\"font-weight: 400;\">Esperem que us agradi i us engresqui a llegir-lo!<\/span><\/p>\n<p><span style=\"font-weight: 400;\">Clicant la imatge podreu veure un v\u00eddeo amb el comentari del llibre:<\/span><\/p>\n<p><a href=\"https:\/\/drive.google.com\/drive\/folders\/1O5hXKnDCBD23vjE_SfB0xDybO9SFRu3_?usp=sharing\" target=\"_blank\" rel=\"noopener\"><img loading=\"lazy\" decoding=\"async\" class=\"aligncenter wp-image-2931 size-medium\" src=\"https:\/\/agora.xtec.cat\/zerelromani\/wp-content\/uploads\/usu1551\/2022\/01\/IMG_20211201_084144-300x225.jpg\" alt=\"\" width=\"300\" height=\"225\" srcset=\"https:\/\/agora.xtec.cat\/zerelromani\/wp-content\/uploads\/usu1551\/2022\/01\/IMG_20211201_084144-300x225.jpg 300w, https:\/\/agora.xtec.cat\/zerelromani\/wp-content\/uploads\/usu1551\/2022\/01\/IMG_20211201_084144-1024x768.jpg 1024w, https:\/\/agora.xtec.cat\/zerelromani\/wp-content\/uploads\/usu1551\/2022\/01\/IMG_20211201_084144-768x576.jpg 768w, https:\/\/agora.xtec.cat\/zerelromani\/wp-content\/uploads\/usu1551\/2022\/01\/IMG_20211201_084144-200x150.jpg 200w, https:\/\/agora.xtec.cat\/zerelromani\/wp-content\/uploads\/usu1551\/2022\/01\/IMG_20211201_084144.jpg 1365w\" sizes=\"auto, (max-width: 300px) 100vw, 300px\" \/><\/a><\/p>\n","protected":false},"excerpt":{"rendered":"<p>El passat trimestre, l\u2019alumnat de cicle mitj\u00e0 i cicle superior de l\u2019escola La Colomina vam fer la lectura del llibre Els P\u00f2stits del senyor Nohisoc de Tina Vall\u00e8s. Tamb\u00e9 vam realitzar diferents activitats com el treball de la biografia de l\u2019autora i l\u2019il\u00b7lustrador Christian Inarja, el dibuix dels personatges, el resum i una valoraci\u00f3 personal. [&hellip;]<\/p>\n","protected":false},"author":21,"featured_media":2931,"comment_status":"open","ping_status":"closed","sticky":false,"template":"","format":"standard","meta":{"_bbp_topic_count":0,"_bbp_reply_count":0,"_bbp_total_topic_count":0,"_bbp_total_reply_count":0,"_bbp_voice_count":0,"_bbp_anonymous_reply_count":0,"_bbp_topic_count_hidden":0,"_bbp_reply_count_hidden":0,"_bbp_forum_subforum_count":0,"site-sidebar-layout":"default","site-content-layout":"","ast-site-content-layout":"","site-content-style":"default","site-sidebar-style":"default","ast-global-header-display":"","ast-banner-title-visibility":"","ast-main-header-display":"","ast-hfb-above-header-display":"","ast-hfb-below-header-display":"","ast-hfb-mobile-header-display":"","site-post-title":"","ast-breadcrumbs-content":"","ast-featured-img":"","footer-sml-layout":"","theme-transparent-header-meta":"","adv-header-id-meta":"","stick-header-meta":"","header-above-stick-meta":"","header-main-stick-meta":"","header-below-stick-meta":"","astra-migrate-meta-layouts":"default","ast-page-background-enabled":"default","ast-page-background-meta":{"desktop":{"background-color":"var(--ast-global-color-4)","background-image":"","background-repeat":"repeat","background-position":"center center","background-size":"auto","background-attachment":"scroll","background-type":"","background-media":"","overlay-type":"","overlay-color":"","overlay-opacity":"","overlay-gradient":""},"tablet":{"background-color":"","background-image":"","background-repeat":"repeat","background-position":"center center","background-size":"auto","background-attachment":"scroll","background-type":"","background-media":"","overlay-type":"","overlay-color":"","overlay-opacity":"","overlay-gradient":""},"mobile":{"background-color":"","background-image":"","background-repeat":"repeat","background-position":"center center","background-size":"auto","background-attachment":"scroll","background-type":"","background-media":"","overlay-type":"","overlay-color":"","overlay-opacity":"","overlay-gradient":""}},"ast-content-background-meta":{"desktop":{"background-color":"var(--ast-global-color-5)","background-image":"","background-repeat":"repeat","background-position":"center center","background-size":"auto","background-attachment":"scroll","background-type":"","background-media":"","overlay-type":"","overlay-color":"","overlay-opacity":"","overlay-gradient":""},"tablet":{"background-color":"var(--ast-global-color-5)","background-image":"","background-repeat":"repeat","background-position":"center center","background-size":"auto","background-attachment":"scroll","background-type":"","background-media":"","overlay-type":"","overlay-color":"","overlay-opacity":"","overlay-gradient":""},"mobile":{"background-color":"var(--ast-global-color-5)","background-image":"","background-repeat":"repeat","background-position":"center center","background-size":"auto","background-attachment":"scroll","background-type":"","background-media":"","overlay-type":"","overlay-color":"","overlay-opacity":"","overlay-gradient":""}},"footnotes":""},"categories":[123,1,115,29],"tags":[128,314],"class_list":["post-2930","post","type-post","status-publish","format-standard","has-post-thumbnail","hentry","category-agenda","category-general","category-montgai","category-portada","tag-montgai","tag-postits"],"post_mailing_queue_ids":[],"_links":{"self":[{"href":"https:\/\/agora.xtec.cat\/zerelromani\/wp-json\/wp\/v2\/posts\/2930","targetHints":{"allow":["GET"]}}],"collection":[{"href":"https:\/\/agora.xtec.cat\/zerelromani\/wp-json\/wp\/v2\/posts"}],"about":[{"href":"https:\/\/agora.xtec.cat\/zerelromani\/wp-json\/wp\/v2\/types\/post"}],"author":[{"embeddable":true,"href":"https:\/\/agora.xtec.cat\/zerelromani\/wp-json\/wp\/v2\/users\/21"}],"replies":[{"embeddable":true,"href":"https:\/\/agora.xtec.cat\/zerelromani\/wp-json\/wp\/v2\/comments?post=2930"}],"version-history":[{"count":2,"href":"https:\/\/agora.xtec.cat\/zerelromani\/wp-json\/wp\/v2\/posts\/2930\/revisions"}],"predecessor-version":[{"id":2933,"href":"https:\/\/agora.xtec.cat\/zerelromani\/wp-json\/wp\/v2\/posts\/2930\/revisions\/2933"}],"wp:featuredmedia":[{"embeddable":true,"href":"https:\/\/agora.xtec.cat\/zerelromani\/wp-json\/wp\/v2\/media\/2931"}],"wp:attachment":[{"href":"https:\/\/agora.xtec.cat\/zerelromani\/wp-json\/wp\/v2\/media?parent=2930"}],"wp:term":[{"taxonomy":"category","embeddable":true,"href":"https:\/\/agora.xtec.cat\/zerelromani\/wp-json\/wp\/v2\/categories?post=2930"},{"taxonomy":"post_tag","embeddable":true,"href":"https:\/\/agora.xtec.cat\/zerelromani\/wp-json\/wp\/v2\/tags?post=2930"}],"curies":[{"name":"wp","href":"https:\/\/api.w.org\/{rel}","templated":true}]}}