{"id":2717,"date":"2021-04-16T09:30:25","date_gmt":"2021-04-16T07:30:25","guid":{"rendered":"http:\/\/agora.xtec.cat\/zerelromani\/?p=2717"},"modified":"2021-04-16T09:30:25","modified_gmt":"2021-04-16T07:30:25","slug":"a-cubells-celebrem-el-dia-de-lart-dels-infants","status":"publish","type":"post","link":"https:\/\/agora.xtec.cat\/zerelromani\/general\/a-cubells-celebrem-el-dia-de-lart-dels-infants\/","title":{"rendered":"A Cubells celebrem el dia de l&#8217;art dels infants!!!"},"content":{"rendered":"<p>El dia 15 d\u2019abril en honor al dia de l\u2019art els infants de Cubells ho han celebrat experimentant amb la pintura fent un mural. A trav\u00e9s dels seus sentiments i sensacions que tenien ho han plasmat al paper. L\u2019art contribueix al desenvolupament de la percepci\u00f3, de la motricitat i de la interacci\u00f3 social. Tamb\u00e9 fomenta la creativitat ja que com diu Ken Robinson la creativitat es molt important en l\u2019etapa d\u2019educaci\u00f3 infantil.<\/p>\n<p>Aqu\u00ed us deixem un recull de fotografies:<\/p>\n<p><a href=\"https:\/\/photos.app.goo.gl\/wA1iFtYbkHpKyge37\" target=\"_blank\" rel=\"noopener noreferrer\"><img loading=\"lazy\" decoding=\"async\" class=\"aligncenter wp-image-2718 size-medium\" src=\"https:\/\/agora.xtec.cat\/zerelromani\/wp-content\/uploads\/usu1551\/2021\/04\/WhatsApp-Image-2021-04-15-at-21.00.17-1-300x158.jpeg\" alt=\"\" width=\"300\" height=\"158\" srcset=\"https:\/\/agora.xtec.cat\/zerelromani\/wp-content\/uploads\/usu1551\/2021\/04\/WhatsApp-Image-2021-04-15-at-21.00.17-1-300x158.jpeg 300w, https:\/\/agora.xtec.cat\/zerelromani\/wp-content\/uploads\/usu1551\/2021\/04\/WhatsApp-Image-2021-04-15-at-21.00.17-1-768x404.jpeg 768w, https:\/\/agora.xtec.cat\/zerelromani\/wp-content\/uploads\/usu1551\/2021\/04\/WhatsApp-Image-2021-04-15-at-21.00.17-1-1024x539.jpeg 1024w, https:\/\/agora.xtec.cat\/zerelromani\/wp-content\/uploads\/usu1551\/2021\/04\/WhatsApp-Image-2021-04-15-at-21.00.17-1.jpeg 2048w\" sizes=\"auto, (max-width: 300px) 100vw, 300px\" \/><\/a><\/p>\n","protected":false},"excerpt":{"rendered":"<p>El dia 15 d\u2019abril en honor al dia de l\u2019art els infants de Cubells ho han celebrat experimentant amb la pintura fent un mural. A trav\u00e9s dels seus sentiments i sensacions que tenien ho han plasmat al paper. L\u2019art contribueix al desenvolupament de la percepci\u00f3, de la motricitat i de la interacci\u00f3 social. Tamb\u00e9 fomenta [&hellip;]<\/p>\n","protected":false},"author":21,"featured_media":2718,"comment_status":"open","ping_status":"closed","sticky":false,"template":"","format":"standard","meta":{"_bbp_topic_count":0,"_bbp_reply_count":0,"_bbp_total_topic_count":0,"_bbp_total_reply_count":0,"_bbp_voice_count":0,"_bbp_anonymous_reply_count":0,"_bbp_topic_count_hidden":0,"_bbp_reply_count_hidden":0,"_bbp_forum_subforum_count":0,"site-sidebar-layout":"default","site-content-layout":"","ast-site-content-layout":"","site-content-style":"default","site-sidebar-style":"default","ast-global-header-display":"","ast-banner-title-visibility":"","ast-main-header-display":"","ast-hfb-above-header-display":"","ast-hfb-below-header-display":"","ast-hfb-mobile-header-display":"","site-post-title":"","ast-breadcrumbs-content":"","ast-featured-img":"","footer-sml-layout":"","theme-transparent-header-meta":"","adv-header-id-meta":"","stick-header-meta":"","header-above-stick-meta":"","header-main-stick-meta":"","header-below-stick-meta":"","astra-migrate-meta-layouts":"default","ast-page-background-enabled":"default","ast-page-background-meta":{"desktop":{"background-color":"var(--ast-global-color-4)","background-image":"","background-repeat":"repeat","background-position":"center center","background-size":"auto","background-attachment":"scroll","background-type":"","background-media":"","overlay-type":"","overlay-color":"","overlay-opacity":"","overlay-gradient":""},"tablet":{"background-color":"","background-image":"","background-repeat":"repeat","background-position":"center center","background-size":"auto","background-attachment":"scroll","background-type":"","background-media":"","overlay-type":"","overlay-color":"","overlay-opacity":"","overlay-gradient":""},"mobile":{"background-color":"","background-image":"","background-repeat":"repeat","background-position":"center center","background-size":"auto","background-attachment":"scroll","background-type":"","background-media":"","overlay-type":"","overlay-color":"","overlay-opacity":"","overlay-gradient":""}},"ast-content-background-meta":{"desktop":{"background-color":"var(--ast-global-color-5)","background-image":"","background-repeat":"repeat","background-position":"center center","background-size":"auto","background-attachment":"scroll","background-type":"","background-media":"","overlay-type":"","overlay-color":"","overlay-opacity":"","overlay-gradient":""},"tablet":{"background-color":"var(--ast-global-color-5)","background-image":"","background-repeat":"repeat","background-position":"center center","background-size":"auto","background-attachment":"scroll","background-type":"","background-media":"","overlay-type":"","overlay-color":"","overlay-opacity":"","overlay-gradient":""},"mobile":{"background-color":"var(--ast-global-color-5)","background-image":"","background-repeat":"repeat","background-position":"center center","background-size":"auto","background-attachment":"scroll","background-type":"","background-media":"","overlay-type":"","overlay-color":"","overlay-opacity":"","overlay-gradient":""}},"footnotes":""},"categories":[123,118,1,29],"tags":[289,129,290],"class_list":["post-2717","post","type-post","status-publish","format-standard","has-post-thumbnail","hentry","category-agenda","category-cubells","category-general","category-portada","tag-art","tag-cubells","tag-infants"],"post_mailing_queue_ids":[],"_links":{"self":[{"href":"https:\/\/agora.xtec.cat\/zerelromani\/wp-json\/wp\/v2\/posts\/2717","targetHints":{"allow":["GET"]}}],"collection":[{"href":"https:\/\/agora.xtec.cat\/zerelromani\/wp-json\/wp\/v2\/posts"}],"about":[{"href":"https:\/\/agora.xtec.cat\/zerelromani\/wp-json\/wp\/v2\/types\/post"}],"author":[{"embeddable":true,"href":"https:\/\/agora.xtec.cat\/zerelromani\/wp-json\/wp\/v2\/users\/21"}],"replies":[{"embeddable":true,"href":"https:\/\/agora.xtec.cat\/zerelromani\/wp-json\/wp\/v2\/comments?post=2717"}],"version-history":[{"count":1,"href":"https:\/\/agora.xtec.cat\/zerelromani\/wp-json\/wp\/v2\/posts\/2717\/revisions"}],"predecessor-version":[{"id":2719,"href":"https:\/\/agora.xtec.cat\/zerelromani\/wp-json\/wp\/v2\/posts\/2717\/revisions\/2719"}],"wp:featuredmedia":[{"embeddable":true,"href":"https:\/\/agora.xtec.cat\/zerelromani\/wp-json\/wp\/v2\/media\/2718"}],"wp:attachment":[{"href":"https:\/\/agora.xtec.cat\/zerelromani\/wp-json\/wp\/v2\/media?parent=2717"}],"wp:term":[{"taxonomy":"category","embeddable":true,"href":"https:\/\/agora.xtec.cat\/zerelromani\/wp-json\/wp\/v2\/categories?post=2717"},{"taxonomy":"post_tag","embeddable":true,"href":"https:\/\/agora.xtec.cat\/zerelromani\/wp-json\/wp\/v2\/tags?post=2717"}],"curies":[{"name":"wp","href":"https:\/\/api.w.org\/{rel}","templated":true}]}}