{"id":2016,"date":"2019-06-25T10:27:24","date_gmt":"2019-06-25T08:27:24","guid":{"rendered":"http:\/\/agora.xtec.cat\/zerelromani\/?p=2016"},"modified":"2019-06-25T10:27:24","modified_gmt":"2019-06-25T08:27:24","slug":"a-vilanova-despedim-a-ladria-el-didac-i-el-marti","status":"publish","type":"post","link":"https:\/\/agora.xtec.cat\/zerelromani\/general\/a-vilanova-despedim-a-ladria-el-didac-i-el-marti\/","title":{"rendered":"A Vilanova despedim a l&#8217;Adri\u00e0, el D\u00eddac i el Mart\u00ed!!!"},"content":{"rendered":"<p>Aquest dies hem despedit als tres alumnes de 6\u00e8. Aquestes s\u00f3n les paraules que els vam dedicar de comiat:<\/p>\n<p style=\"text-align: justify;\">Com cada juny \u00e9s hora de fer balan\u00e7 i donar per finalitzat un altre curs escolar. Al llarg d&#8217;aquests mesos, heu apr\u00e8s, jugat, rigut, ensenyat i ajudat als vostres companys\/es m\u00e9s joves, per\u00f2 sobretot heu carregat de bons moments la vostra mem\u00f2ria que perduraran per sempre.<\/p>\n<p style=\"text-align: justify;\">Per vosaltres, aquest juny \u00e9s m\u00e9s que un altre final de curs, \u00e9s el final d&#8217;una etapa a la vostra vida, que si b\u00e9 avui no li doneu gran import\u00e0ncia, ser\u00e0 un bon record en els pr\u00f2xims anys. Penseu que avui \u00e9s el vostre \u00faltim dia a aquesta escola que us va veure arribar sent uns nens de tres anys i que avui abandoneu per anar a l&#8217;institut. Sabem que aquesta nova etapa que aviat comen\u00e7ar\u00e0 us desperta un sentiment barrejat d&#8217;il\u00b7lusi\u00f3 i certa por, no us enganyarem si us diem que afrontareu moments de dubte, per\u00f2 tamb\u00e9 us podem assegurar que us obrir\u00e0 tot un nou m\u00f3n on al final trobareu el vostre propi cam\u00ed acompanyats de noves experi\u00e8ncies i noves amistats que us ajudaran i compartiran aquest nou cam\u00ed.<\/p>\n<p style=\"text-align: justify;\">Per nosaltres, aquest juny \u00e9s l&#8217;acomiadament de tres alumnes que han format part de la hist\u00f2ria de l&#8217;escola de Vilanova de Mei\u00e0. Adri\u00e0, D\u00eddac i Mart\u00ed, Bon viatge!!<\/p>\n<p><a href=\"https:\/\/agora.xtec.cat\/zerelromani\/wp-content\/uploads\/usu1551\/2019\/06\/WhatsApp-Image-2019-06-21-at-14.28.58.jpeg\"><img loading=\"lazy\" decoding=\"async\" class=\"alignnone size-large wp-image-2018\" src=\"https:\/\/agora.xtec.cat\/zerelromani\/wp-content\/uploads\/usu1551\/2019\/06\/WhatsApp-Image-2019-06-21-at-14.28.58-1024x768.jpeg\" alt=\"\" width=\"1024\" height=\"768\" srcset=\"https:\/\/agora.xtec.cat\/zerelromani\/wp-content\/uploads\/usu1551\/2019\/06\/WhatsApp-Image-2019-06-21-at-14.28.58-1024x768.jpeg 1024w, https:\/\/agora.xtec.cat\/zerelromani\/wp-content\/uploads\/usu1551\/2019\/06\/WhatsApp-Image-2019-06-21-at-14.28.58-300x225.jpeg 300w, https:\/\/agora.xtec.cat\/zerelromani\/wp-content\/uploads\/usu1551\/2019\/06\/WhatsApp-Image-2019-06-21-at-14.28.58-768x576.jpeg 768w, https:\/\/agora.xtec.cat\/zerelromani\/wp-content\/uploads\/usu1551\/2019\/06\/WhatsApp-Image-2019-06-21-at-14.28.58-200x150.jpeg 200w, https:\/\/agora.xtec.cat\/zerelromani\/wp-content\/uploads\/usu1551\/2019\/06\/WhatsApp-Image-2019-06-21-at-14.28.58.jpeg 1599w\" sizes=\"auto, (max-width: 1024px) 100vw, 1024px\" \/><\/a><\/p>\n","protected":false},"excerpt":{"rendered":"<p>Aquest dies hem despedit als tres alumnes de 6\u00e8. Aquestes s\u00f3n les paraules que els vam dedicar de comiat: Com cada juny \u00e9s hora de fer balan\u00e7 i donar per finalitzat un altre curs escolar. Al llarg d&#8217;aquests mesos, heu apr\u00e8s, jugat, rigut, ensenyat i ajudat als vostres companys\/es m\u00e9s joves, per\u00f2 sobretot heu carregat [&hellip;]<\/p>\n","protected":false},"author":21,"featured_media":2018,"comment_status":"open","ping_status":"closed","sticky":false,"template":"","format":"standard","meta":{"_bbp_topic_count":0,"_bbp_reply_count":0,"_bbp_total_topic_count":0,"_bbp_total_reply_count":0,"_bbp_voice_count":0,"_bbp_anonymous_reply_count":0,"_bbp_topic_count_hidden":0,"_bbp_reply_count_hidden":0,"_bbp_forum_subforum_count":0,"site-sidebar-layout":"default","site-content-layout":"","ast-site-content-layout":"","site-content-style":"default","site-sidebar-style":"default","ast-global-header-display":"","ast-banner-title-visibility":"","ast-main-header-display":"","ast-hfb-above-header-display":"","ast-hfb-below-header-display":"","ast-hfb-mobile-header-display":"","site-post-title":"","ast-breadcrumbs-content":"","ast-featured-img":"","footer-sml-layout":"","theme-transparent-header-meta":"","adv-header-id-meta":"","stick-header-meta":"","header-above-stick-meta":"","header-main-stick-meta":"","header-below-stick-meta":"","astra-migrate-meta-layouts":"default","ast-page-background-enabled":"default","ast-page-background-meta":{"desktop":{"background-color":"var(--ast-global-color-4)","background-image":"","background-repeat":"repeat","background-position":"center center","background-size":"auto","background-attachment":"scroll","background-type":"","background-media":"","overlay-type":"","overlay-color":"","overlay-opacity":"","overlay-gradient":""},"tablet":{"background-color":"","background-image":"","background-repeat":"repeat","background-position":"center center","background-size":"auto","background-attachment":"scroll","background-type":"","background-media":"","overlay-type":"","overlay-color":"","overlay-opacity":"","overlay-gradient":""},"mobile":{"background-color":"","background-image":"","background-repeat":"repeat","background-position":"center center","background-size":"auto","background-attachment":"scroll","background-type":"","background-media":"","overlay-type":"","overlay-color":"","overlay-opacity":"","overlay-gradient":""}},"ast-content-background-meta":{"desktop":{"background-color":"var(--ast-global-color-5)","background-image":"","background-repeat":"repeat","background-position":"center center","background-size":"auto","background-attachment":"scroll","background-type":"","background-media":"","overlay-type":"","overlay-color":"","overlay-opacity":"","overlay-gradient":""},"tablet":{"background-color":"var(--ast-global-color-5)","background-image":"","background-repeat":"repeat","background-position":"center center","background-size":"auto","background-attachment":"scroll","background-type":"","background-media":"","overlay-type":"","overlay-color":"","overlay-opacity":"","overlay-gradient":""},"mobile":{"background-color":"var(--ast-global-color-5)","background-image":"","background-repeat":"repeat","background-position":"center center","background-size":"auto","background-attachment":"scroll","background-type":"","background-media":"","overlay-type":"","overlay-color":"","overlay-opacity":"","overlay-gradient":""}},"footnotes":""},"categories":[123,1,29,117],"tags":[135],"class_list":["post-2016","post","type-post","status-publish","format-standard","has-post-thumbnail","hentry","category-agenda","category-general","category-portada","category-vilanova","tag-vilanova"],"post_mailing_queue_ids":[],"_links":{"self":[{"href":"https:\/\/agora.xtec.cat\/zerelromani\/wp-json\/wp\/v2\/posts\/2016","targetHints":{"allow":["GET"]}}],"collection":[{"href":"https:\/\/agora.xtec.cat\/zerelromani\/wp-json\/wp\/v2\/posts"}],"about":[{"href":"https:\/\/agora.xtec.cat\/zerelromani\/wp-json\/wp\/v2\/types\/post"}],"author":[{"embeddable":true,"href":"https:\/\/agora.xtec.cat\/zerelromani\/wp-json\/wp\/v2\/users\/21"}],"replies":[{"embeddable":true,"href":"https:\/\/agora.xtec.cat\/zerelromani\/wp-json\/wp\/v2\/comments?post=2016"}],"version-history":[{"count":2,"href":"https:\/\/agora.xtec.cat\/zerelromani\/wp-json\/wp\/v2\/posts\/2016\/revisions"}],"predecessor-version":[{"id":2019,"href":"https:\/\/agora.xtec.cat\/zerelromani\/wp-json\/wp\/v2\/posts\/2016\/revisions\/2019"}],"wp:featuredmedia":[{"embeddable":true,"href":"https:\/\/agora.xtec.cat\/zerelromani\/wp-json\/wp\/v2\/media\/2018"}],"wp:attachment":[{"href":"https:\/\/agora.xtec.cat\/zerelromani\/wp-json\/wp\/v2\/media?parent=2016"}],"wp:term":[{"taxonomy":"category","embeddable":true,"href":"https:\/\/agora.xtec.cat\/zerelromani\/wp-json\/wp\/v2\/categories?post=2016"},{"taxonomy":"post_tag","embeddable":true,"href":"https:\/\/agora.xtec.cat\/zerelromani\/wp-json\/wp\/v2\/tags?post=2016"}],"curies":[{"name":"wp","href":"https:\/\/api.w.org\/{rel}","templated":true}]}}