{"id":15769,"date":"2022-12-02T16:19:09","date_gmt":"2022-12-02T15:19:09","guid":{"rendered":"https:\/\/agora.xtec.cat\/zerelllierca\/?p=15769"},"modified":"2022-12-02T16:19:09","modified_gmt":"2022-12-02T15:19:09","slug":"dia-internacional-per-a-leliminacio-de-la-violencia-contra-les-dones-educacio-infantil","status":"publish","type":"post","link":"https:\/\/agora.xtec.cat\/zerelllierca\/general\/dia-internacional-per-a-leliminacio-de-la-violencia-contra-les-dones-educacio-infantil\/","title":{"rendered":"Dia internacional per a l&#8217;eliminaci\u00f3 de la viol\u00e8ncia contra les dones &#8211; Educaci\u00f3 infantil"},"content":{"rendered":"<p style=\"text-align: justify\">En primer lloc hem parlat als nens i nenes de l\u2019aula el significat de la paraula viol\u00e8ncia . Per explicar-la els hem obert un debat de com a vegades al pati ens fem mal, ens fan mal (f\u00edsicament ) .<\/p>\n<p style=\"text-align: justify\">Per\u00f2 tamb\u00e9 hi ha un mal que no \u00e9s f\u00edsic i \u00e9s el que a vegades \u201cens fa sentir malament\u201d i ens fa \u201cmal al cor\u201d. \u00c9s quan alg\u00fa o alguna ens diu alguna paraula, alguna cosa que no ens agrada, alguna paraulota i aix\u00f2 \u201cens fa mal\u201d tamb\u00e9.<\/p>\n<p style=\"text-align: justify\">En segon lloc hem visualitzat el conte \u201c<em>El elefante rosa<\/em>\u201d i ens hem fixat amb els estereotips i amb la llibertat de la protagonista, l\u2019elefanta rosa, per fer o canviar el que a ella li deien havia de ser, pel que ella va decidir de fer al final .<\/p>\n<p style=\"text-align: justify\">I la tercera activitat ha estat el joc del tambor que ha consistit en abra\u00e7ar-se per parelles cada vegada que aquest deixava de sonar. Llavors havien d\u2019explicar com s\u2019havien sentit.<\/p>\n<p><strong>Per descarregar les imatges premeu <a href=\"http:\/\/Per descarregar les imatges premeu aqu\u00ed.\">aqu\u00ed.<\/a><br \/>\n<\/strong><\/p>\n<div class=\"ast-oembed-container \" style=\"height: 100%;\"><iframe loading=\"lazy\" title=\"Educaci\u00f3 infantil\" width=\"500\" height=\"281\" src=\"https:\/\/www.youtube.com\/embed\/J9i6c3u8Vx8?feature=oembed\" frameborder=\"0\" allow=\"accelerometer; autoplay; clipboard-write; encrypted-media; gyroscope; picture-in-picture; web-share\" referrerpolicy=\"strict-origin-when-cross-origin\" allowfullscreen><\/iframe><\/div>\n<p>&nbsp;<\/p>\n","protected":false},"excerpt":{"rendered":"<p>En primer lloc hem parlat als nens i nenes de l\u2019aula el significat de la paraula viol\u00e8ncia . Per explicar-la els hem obert un debat de com a vegades al pati ens fem mal, ens fan mal (f\u00edsicament ) . Per\u00f2 tamb\u00e9 hi ha un mal que no \u00e9s f\u00edsic i \u00e9s el que a [&hellip;]<\/p>\n","protected":false},"author":137,"featured_media":15770,"comment_status":"open","ping_status":"closed","sticky":false,"template":"","format":"standard","meta":{"_bbp_topic_count":0,"_bbp_reply_count":0,"_bbp_total_topic_count":0,"_bbp_total_reply_count":0,"_bbp_voice_count":0,"_bbp_anonymous_reply_count":0,"_bbp_topic_count_hidden":0,"_bbp_reply_count_hidden":0,"_bbp_forum_subforum_count":0,"site-sidebar-layout":"default","site-content-layout":"","ast-site-content-layout":"","site-content-style":"default","site-sidebar-style":"default","ast-global-header-display":"","ast-banner-title-visibility":"","ast-main-header-display":"","ast-hfb-above-header-display":"","ast-hfb-below-header-display":"","ast-hfb-mobile-header-display":"","site-post-title":"","ast-breadcrumbs-content":"","ast-featured-img":"","footer-sml-layout":"","theme-transparent-header-meta":"","adv-header-id-meta":"","stick-header-meta":"","header-above-stick-meta":"","header-main-stick-meta":"","header-below-stick-meta":"","astra-migrate-meta-layouts":"default","ast-page-background-enabled":"default","ast-page-background-meta":{"desktop":{"background-color":"var(--ast-global-color-4)","background-image":"","background-repeat":"repeat","background-position":"center center","background-size":"auto","background-attachment":"scroll","background-type":"","background-media":"","overlay-type":"","overlay-color":"","overlay-opacity":"","overlay-gradient":""},"tablet":{"background-color":"","background-image":"","background-repeat":"repeat","background-position":"center center","background-size":"auto","background-attachment":"scroll","background-type":"","background-media":"","overlay-type":"","overlay-color":"","overlay-opacity":"","overlay-gradient":""},"mobile":{"background-color":"","background-image":"","background-repeat":"repeat","background-position":"center center","background-size":"auto","background-attachment":"scroll","background-type":"","background-media":"","overlay-type":"","overlay-color":"","overlay-opacity":"","overlay-gradient":""}},"ast-content-background-meta":{"desktop":{"background-color":"var(--ast-global-color-5)","background-image":"","background-repeat":"repeat","background-position":"center center","background-size":"auto","background-attachment":"scroll","background-type":"","background-media":"","overlay-type":"","overlay-color":"","overlay-opacity":"","overlay-gradient":""},"tablet":{"background-color":"var(--ast-global-color-5)","background-image":"","background-repeat":"repeat","background-position":"center center","background-size":"auto","background-attachment":"scroll","background-type":"","background-media":"","overlay-type":"","overlay-color":"","overlay-opacity":"","overlay-gradient":""},"mobile":{"background-color":"var(--ast-global-color-5)","background-image":"","background-repeat":"repeat","background-position":"center center","background-size":"auto","background-attachment":"scroll","background-type":"","background-media":"","overlay-type":"","overlay-color":"","overlay-opacity":"","overlay-gradient":""}},"footnotes":""},"categories":[331,295,1],"tags":[],"class_list":["post-15769","post","type-post","status-publish","format-standard","has-post-thumbnail","hentry","category-ei","category-joanrouraiparella","category-general"],"post_mailing_queue_ids":[],"_links":{"self":[{"href":"https:\/\/agora.xtec.cat\/zerelllierca\/wp-json\/wp\/v2\/posts\/15769","targetHints":{"allow":["GET"]}}],"collection":[{"href":"https:\/\/agora.xtec.cat\/zerelllierca\/wp-json\/wp\/v2\/posts"}],"about":[{"href":"https:\/\/agora.xtec.cat\/zerelllierca\/wp-json\/wp\/v2\/types\/post"}],"author":[{"embeddable":true,"href":"https:\/\/agora.xtec.cat\/zerelllierca\/wp-json\/wp\/v2\/users\/137"}],"replies":[{"embeddable":true,"href":"https:\/\/agora.xtec.cat\/zerelllierca\/wp-json\/wp\/v2\/comments?post=15769"}],"version-history":[{"count":1,"href":"https:\/\/agora.xtec.cat\/zerelllierca\/wp-json\/wp\/v2\/posts\/15769\/revisions"}],"predecessor-version":[{"id":15771,"href":"https:\/\/agora.xtec.cat\/zerelllierca\/wp-json\/wp\/v2\/posts\/15769\/revisions\/15771"}],"wp:featuredmedia":[{"embeddable":true,"href":"https:\/\/agora.xtec.cat\/zerelllierca\/wp-json\/wp\/v2\/media\/15770"}],"wp:attachment":[{"href":"https:\/\/agora.xtec.cat\/zerelllierca\/wp-json\/wp\/v2\/media?parent=15769"}],"wp:term":[{"taxonomy":"category","embeddable":true,"href":"https:\/\/agora.xtec.cat\/zerelllierca\/wp-json\/wp\/v2\/categories?post=15769"},{"taxonomy":"post_tag","embeddable":true,"href":"https:\/\/agora.xtec.cat\/zerelllierca\/wp-json\/wp\/v2\/tags?post=15769"}],"curies":[{"name":"wp","href":"https:\/\/api.w.org\/{rel}","templated":true}]}}