{"id":14750,"date":"2021-11-02T17:30:30","date_gmt":"2021-11-02T16:30:30","guid":{"rendered":"https:\/\/agora.xtec.cat\/zerelllierca\/?p=14750"},"modified":"2021-12-10T20:03:52","modified_gmt":"2021-12-10T19:03:52","slug":"convocatoria-deleccions-al-consell-escolar-2021","status":"publish","type":"post","link":"https:\/\/agora.xtec.cat\/zerelllierca\/general\/convocatoria-deleccions-al-consell-escolar-2021\/","title":{"rendered":"CONVOCAT\u00d2RIA D&#8217;ELECCIONS AL CONSELL ESCOLAR 2021"},"content":{"rendered":"<p><span style=\"font-weight: 400;\">Benvolgudes fam\u00edlies,\u00a0<\/span><\/p>\n<p><span style=\"font-weight: 400;\">Us comuniquem que el Diari Oficial de la Generalitat de Catalunya va publicar la RESOLUCI\u00d3 EDU\/3043\/2021, de 6 d\u2019octubre, per la qual s\u2019estableix el calendari i el r\u00e8gim del proc\u00e9s electoral per renovar els membres dels consells escolars dels centres p\u00fablics i privats sostinguts amb fons p\u00fablics.<\/span><\/p>\n<p><img loading=\"lazy\" decoding=\"async\" class=\"alignnone size-full wp-image-14751\" src=\"https:\/\/agora.xtec.cat\/zerelllierca\/wp-content\/uploads\/usu1250\/2021\/11\/Imatge-eleccions-consell-escolar.jpg\" alt=\"\" width=\"901\" height=\"461\" srcset=\"https:\/\/agora.xtec.cat\/zerelllierca\/wp-content\/uploads\/usu1250\/2021\/11\/Imatge-eleccions-consell-escolar.jpg 901w, https:\/\/agora.xtec.cat\/zerelllierca\/wp-content\/uploads\/usu1250\/2021\/11\/Imatge-eleccions-consell-escolar-300x153.jpg 300w, https:\/\/agora.xtec.cat\/zerelllierca\/wp-content\/uploads\/usu1250\/2021\/11\/Imatge-eleccions-consell-escolar-768x393.jpg 768w\" sizes=\"auto, (max-width: 901px) 100vw, 901px\" \/><\/p>\n<p><span style=\"font-weight: 400;\">Els representants del consell escolar s\u00f3n escollits per un <\/span><b>per\u00edode de quatre anys<\/b><span style=\"font-weight: 400;\">, per\u00f2 cada dos anys es convoquen eleccions per renovar la meitat dels membres representants de cada sector. <\/span><span style=\"font-weight: 400;\">En el cas del Consell Escolar del nostre centre aquest any s\u2019ha d\u2019escollir\u00a0 <\/span><b>un pare\/mare<\/b><span style=\"font-weight: 400;\"> elegit\/da per votaci\u00f3.<\/span><\/p>\n<p>Us animem a<strong> presentar la vostra candidatura<\/strong> per formar part del consell escolar. Qu\u00e8 s\u2019ha de fer? Trucar al centre, demanar el document de presentaci\u00f3 de candidatura, omplir-lo i lliurar-lo a la direcci\u00f3.<\/p>\n<p><strong>El termini finalitza el dijous 18 de novembre a les 16.30 h.<\/strong><\/p>\n<p>Consuteu els seg\u00fcents documents:<\/p>\n<ul>\n<li style=\"text-align: left;\"><a href=\"https:\/\/agora.xtec.cat\/zerelllierca\/wp-content\/uploads\/usu1250\/2021\/11\/Importancia-de-participar-a-les-eleccions.pdf\"><strong>Import\u00e0ncia de participar a les eleccions<\/strong><\/a><\/li>\n<li><a href=\"https:\/\/agora.xtec.cat\/zerelllierca\/wp-content\/uploads\/usu1250\/2021\/11\/Calendari-consell-escolar.pdf\"><strong>Calendari de les eleccions al Consell Escolar<\/strong><\/a><\/li>\n<\/ul>\n","protected":false},"excerpt":{"rendered":"<p>Benvolgudes fam\u00edlies,\u00a0 Us comuniquem que el Diari Oficial de la Generalitat de Catalunya va publicar la RESOLUCI\u00d3 EDU\/3043\/2021, de 6 d\u2019octubre, per la qual s\u2019estableix el calendari i el r\u00e8gim del proc\u00e9s electoral per renovar els membres dels consells escolars dels centres p\u00fablics i privats sostinguts amb fons p\u00fablics. Els representants del consell escolar s\u00f3n [&hellip;]<\/p>\n","protected":false},"author":1,"featured_media":14751,"comment_status":"open","ping_status":"closed","sticky":false,"template":"","format":"standard","meta":{"_bbp_topic_count":0,"_bbp_reply_count":0,"_bbp_total_topic_count":0,"_bbp_total_reply_count":0,"_bbp_voice_count":0,"_bbp_anonymous_reply_count":0,"_bbp_topic_count_hidden":0,"_bbp_reply_count_hidden":0,"_bbp_forum_subforum_count":0,"site-sidebar-layout":"default","site-content-layout":"","ast-site-content-layout":"","site-content-style":"default","site-sidebar-style":"default","ast-global-header-display":"","ast-banner-title-visibility":"","ast-main-header-display":"","ast-hfb-above-header-display":"","ast-hfb-below-header-display":"","ast-hfb-mobile-header-display":"","site-post-title":"","ast-breadcrumbs-content":"","ast-featured-img":"","footer-sml-layout":"","theme-transparent-header-meta":"","adv-header-id-meta":"","stick-header-meta":"","header-above-stick-meta":"","header-main-stick-meta":"","header-below-stick-meta":"","astra-migrate-meta-layouts":"default","ast-page-background-enabled":"default","ast-page-background-meta":{"desktop":{"background-color":"var(--ast-global-color-4)","background-image":"","background-repeat":"repeat","background-position":"center center","background-size":"auto","background-attachment":"scroll","background-type":"","background-media":"","overlay-type":"","overlay-color":"","overlay-opacity":"","overlay-gradient":""},"tablet":{"background-color":"","background-image":"","background-repeat":"repeat","background-position":"center center","background-size":"auto","background-attachment":"scroll","background-type":"","background-media":"","overlay-type":"","overlay-color":"","overlay-opacity":"","overlay-gradient":""},"mobile":{"background-color":"","background-image":"","background-repeat":"repeat","background-position":"center center","background-size":"auto","background-attachment":"scroll","background-type":"","background-media":"","overlay-type":"","overlay-color":"","overlay-opacity":"","overlay-gradient":""}},"ast-content-background-meta":{"desktop":{"background-color":"var(--ast-global-color-5)","background-image":"","background-repeat":"repeat","background-position":"center center","background-size":"auto","background-attachment":"scroll","background-type":"","background-media":"","overlay-type":"","overlay-color":"","overlay-opacity":"","overlay-gradient":""},"tablet":{"background-color":"var(--ast-global-color-5)","background-image":"","background-repeat":"repeat","background-position":"center center","background-size":"auto","background-attachment":"scroll","background-type":"","background-media":"","overlay-type":"","overlay-color":"","overlay-opacity":"","overlay-gradient":""},"mobile":{"background-color":"var(--ast-global-color-5)","background-image":"","background-repeat":"repeat","background-position":"center center","background-size":"auto","background-attachment":"scroll","background-type":"","background-media":"","overlay-type":"","overlay-color":"","overlay-opacity":"","overlay-gradient":""}},"footnotes":""},"categories":[295,299,298,1,311,313,314,322,300],"tags":[],"class_list":["post-14750","post","type-post","status-publish","format-standard","has-post-thumbnail","hentry","category-joanrouraiparella","category-escola-mont-cos","category-escola-montpalau","category-general","category-informacions-diverses","category-informacionsdiverses","category-fullinformatiu-joanrouraiparella","category-informacionsdiverses-escola-mont-cos","category-portada"],"post_mailing_queue_ids":[],"_links":{"self":[{"href":"https:\/\/agora.xtec.cat\/zerelllierca\/wp-json\/wp\/v2\/posts\/14750","targetHints":{"allow":["GET"]}}],"collection":[{"href":"https:\/\/agora.xtec.cat\/zerelllierca\/wp-json\/wp\/v2\/posts"}],"about":[{"href":"https:\/\/agora.xtec.cat\/zerelllierca\/wp-json\/wp\/v2\/types\/post"}],"author":[{"embeddable":true,"href":"https:\/\/agora.xtec.cat\/zerelllierca\/wp-json\/wp\/v2\/users\/1"}],"replies":[{"embeddable":true,"href":"https:\/\/agora.xtec.cat\/zerelllierca\/wp-json\/wp\/v2\/comments?post=14750"}],"version-history":[{"count":2,"href":"https:\/\/agora.xtec.cat\/zerelllierca\/wp-json\/wp\/v2\/posts\/14750\/revisions"}],"predecessor-version":[{"id":14755,"href":"https:\/\/agora.xtec.cat\/zerelllierca\/wp-json\/wp\/v2\/posts\/14750\/revisions\/14755"}],"wp:featuredmedia":[{"embeddable":true,"href":"https:\/\/agora.xtec.cat\/zerelllierca\/wp-json\/wp\/v2\/media\/14751"}],"wp:attachment":[{"href":"https:\/\/agora.xtec.cat\/zerelllierca\/wp-json\/wp\/v2\/media?parent=14750"}],"wp:term":[{"taxonomy":"category","embeddable":true,"href":"https:\/\/agora.xtec.cat\/zerelllierca\/wp-json\/wp\/v2\/categories?post=14750"},{"taxonomy":"post_tag","embeddable":true,"href":"https:\/\/agora.xtec.cat\/zerelllierca\/wp-json\/wp\/v2\/tags?post=14750"}],"curies":[{"name":"wp","href":"https:\/\/api.w.org\/{rel}","templated":true}]}}