{"id":14074,"date":"2021-04-23T11:02:50","date_gmt":"2021-04-23T09:02:50","guid":{"rendered":"http:\/\/agora.xtec.cat\/zerelllierca\/?p=14074"},"modified":"2021-04-26T10:18:03","modified_gmt":"2021-04-26T08:18:03","slug":"recerkids-escola-montpalau","status":"publish","type":"post","link":"https:\/\/agora.xtec.cat\/zerelllierca\/general\/recerkids-escola-montpalau\/","title":{"rendered":"Recerkids- Escola Montpalau"},"content":{"rendered":"<p><a href=\"https:\/\/photos.app.goo.gl\/BvyTMdXMe9N4qaax9\" target=\"_blank\" rel=\"noopener noreferrer\"><img loading=\"lazy\" decoding=\"async\" class=\"wp-image-14075 aligncenter\" src=\"https:\/\/agora.xtec.cat\/zerelllierca\/wp-content\/uploads\/usu1250\/2021\/04\/RECERKIDS_-TREBALL-DE-RECERCA-ENTREVISTA-I-CONGR\u00c9S-5-1024x819.jpg\" alt=\"\" width=\"356\" height=\"285\" srcset=\"https:\/\/agora.xtec.cat\/zerelllierca\/wp-content\/uploads\/usu1250\/2021\/04\/RECERKIDS_-TREBALL-DE-RECERCA-ENTREVISTA-I-CONGR\u00c9S-5-1024x819.jpg 1024w, https:\/\/agora.xtec.cat\/zerelllierca\/wp-content\/uploads\/usu1250\/2021\/04\/RECERKIDS_-TREBALL-DE-RECERCA-ENTREVISTA-I-CONGR\u00c9S-5-300x240.jpg 300w, https:\/\/agora.xtec.cat\/zerelllierca\/wp-content\/uploads\/usu1250\/2021\/04\/RECERKIDS_-TREBALL-DE-RECERCA-ENTREVISTA-I-CONGR\u00c9S-5-768x614.jpg 768w, https:\/\/agora.xtec.cat\/zerelllierca\/wp-content\/uploads\/usu1250\/2021\/04\/RECERKIDS_-TREBALL-DE-RECERCA-ENTREVISTA-I-CONGR\u00c9S-5.jpg 2000w\" sizes=\"auto, (max-width: 356px) 100vw, 356px\" \/><\/a><\/p>\n<p style=\"text-align: justify\">Recerkids \u00e9s un programa educatiu organitzat per la Direcci\u00f3 General de Recerca de la Generalitat de Catalunya i Eduxarxa amb l\u2019objectiu d\u2019apropar la recerca cient\u00edfica a l\u2019alumnat de 5\u00e8 i 6\u00e8 d\u2019Educaci\u00f3 Prim\u00e0ria.<\/p>\n<p style=\"text-align: justify\">Enguany el tema \u00e9s sobre <strong>el canvi clim\u00e0tic<\/strong>. \u00a0Es commemora l\u2019aniversari <strong>d\u2019Eduard Fontser\u00e8,<\/strong> meteor\u00f2leg, astr\u00f2nom, sism\u00f2leg i doctor en ci\u00e8ncies fisicomatem\u00e0tiques. Ell va ser el\u00a0fundador de la meteorologia professional a Catalunya\u00a0per la seva contribuci\u00f3 com a promotor i director del servei Meteorol\u00f2gic de Catalunya entre 1921 i 1939.<\/p>\n<p style=\"text-align: justify\">El nostre treball, basat en el m\u00e8tode cient\u00edfic, ha estat \u201c<strong>l\u2019efecte de la capa d\u2019oz\u00f3 al nostre planeta\u201d.<\/strong> S\u2019ha finalitzat el projecte amb la presentaci\u00f3 d\u2019un p\u00f2ster on hi figuren els passos seguits i les conclusions.<\/p>\n<p style=\"text-align: justify\">A part de la recerca cient\u00edfica, hem tingut l\u2019oportunitat de fer una <strong>entrevista virtual amb la Doctora Ana Y\u00e1\u00f1ez, <\/strong>investigadora de l\u2019emerg\u00e8ncia clim\u00e0tica. Estudia com el canvi clim\u00e0tic i l&#8217;augment de CO2 a l&#8217;atmosfera afecta la selva amaz\u00f2nica, on hi ha estudiat diversos anys.<\/p>\n<p>Ens ha explicat com \u00e9s el seu\u00a0dia a dia com a cient\u00edfica professional,\u00a0 algunes de les recerques que est\u00e0 fent sobre el canvi clim\u00e0tic, curiositats,&#8230; i ens ha aclarit els dubtes\u00a0 plantejats. Ha estat molt interessant!.<\/p>\n<p style=\"text-align: justify\">Tanmateix, aquest curs <strong>participem, juntament amb moltes altres escoles, en el Congr\u00e9s<\/strong> <strong>virtual del Recerkids.<\/strong> L&#8217;esdeveniment, del proper 13 de maig, estar\u00e0 condu\u00eft pels\u00a0<a href=\"https:\/\/recerkids.us13.list-manage.com\/track\/click?u=29b5d15ba954a6b70ad212262&amp;id=7dccd542df&amp;e=88f734a47f\">Clownt\u00edfics de Big Van Ci\u00e8ncia<\/a>\u00a0i comptar\u00e0 amb la participaci\u00f3 de\u00a0cient\u00edfics i cient\u00edfiques\u00a0de diferents universitats i centres de recerca de Catalunya. Tindr\u00e0 una durada aproximada de 2 hores i ens permetr\u00e0 compartir i comentar els resultats de les\u00a0 recerques, con\u00e8ixer de primera m\u00e0 com \u00e9s la feina dels investigadors i investigadores professionals i fer un\u00a0experiment en directe! Genial!<\/p>\n","protected":false},"excerpt":{"rendered":"<p>Recerkids \u00e9s un programa educatiu organitzat per la Direcci\u00f3 General de Recerca de la Generalitat de Catalunya i Eduxarxa amb l\u2019objectiu d\u2019apropar la recerca cient\u00edfica a l\u2019alumnat de 5\u00e8 i 6\u00e8 d\u2019Educaci\u00f3 Prim\u00e0ria. Enguany el tema \u00e9s sobre el canvi clim\u00e0tic. \u00a0Es commemora l\u2019aniversari d\u2019Eduard Fontser\u00e8, meteor\u00f2leg, astr\u00f2nom, sism\u00f2leg i doctor en ci\u00e8ncies fisicomatem\u00e0tiques. Ell [&hellip;]<\/p>\n","protected":false},"author":160,"featured_media":14051,"comment_status":"open","ping_status":"closed","sticky":false,"template":"","format":"standard","meta":{"_bbp_topic_count":0,"_bbp_reply_count":0,"_bbp_total_topic_count":0,"_bbp_total_reply_count":0,"_bbp_voice_count":0,"_bbp_anonymous_reply_count":0,"_bbp_topic_count_hidden":0,"_bbp_reply_count_hidden":0,"_bbp_forum_subforum_count":0,"site-sidebar-layout":"default","site-content-layout":"","ast-site-content-layout":"","site-content-style":"default","site-sidebar-style":"default","ast-global-header-display":"","ast-banner-title-visibility":"","ast-main-header-display":"","ast-hfb-above-header-display":"","ast-hfb-below-header-display":"","ast-hfb-mobile-header-display":"","site-post-title":"","ast-breadcrumbs-content":"","ast-featured-img":"","footer-sml-layout":"","theme-transparent-header-meta":"","adv-header-id-meta":"","stick-header-meta":"","header-above-stick-meta":"","header-main-stick-meta":"","header-below-stick-meta":"","astra-migrate-meta-layouts":"default","ast-page-background-enabled":"default","ast-page-background-meta":{"desktop":{"background-color":"var(--ast-global-color-4)","background-image":"","background-repeat":"repeat","background-position":"center center","background-size":"auto","background-attachment":"scroll","background-type":"","background-media":"","overlay-type":"","overlay-color":"","overlay-opacity":"","overlay-gradient":""},"tablet":{"background-color":"","background-image":"","background-repeat":"repeat","background-position":"center center","background-size":"auto","background-attachment":"scroll","background-type":"","background-media":"","overlay-type":"","overlay-color":"","overlay-opacity":"","overlay-gradient":""},"mobile":{"background-color":"","background-image":"","background-repeat":"repeat","background-position":"center center","background-size":"auto","background-attachment":"scroll","background-type":"","background-media":"","overlay-type":"","overlay-color":"","overlay-opacity":"","overlay-gradient":""}},"ast-content-background-meta":{"desktop":{"background-color":"var(--ast-global-color-5)","background-image":"","background-repeat":"repeat","background-position":"center center","background-size":"auto","background-attachment":"scroll","background-type":"","background-media":"","overlay-type":"","overlay-color":"","overlay-opacity":"","overlay-gradient":""},"tablet":{"background-color":"var(--ast-global-color-5)","background-image":"","background-repeat":"repeat","background-position":"center center","background-size":"auto","background-attachment":"scroll","background-type":"","background-media":"","overlay-type":"","overlay-color":"","overlay-opacity":"","overlay-gradient":""},"mobile":{"background-color":"var(--ast-global-color-5)","background-image":"","background-repeat":"repeat","background-position":"center center","background-size":"auto","background-attachment":"scroll","background-type":"","background-media":"","overlay-type":"","overlay-color":"","overlay-opacity":"","overlay-gradient":""}},"footnotes":""},"categories":[326,330,298,1,300],"tags":[],"class_list":["post-14074","post","type-post","status-publish","format-standard","has-post-thumbnail","hentry","category-activitats-escola-montpalau","category-cs","category-escola-montpalau","category-general","category-portada"],"post_mailing_queue_ids":[],"_links":{"self":[{"href":"https:\/\/agora.xtec.cat\/zerelllierca\/wp-json\/wp\/v2\/posts\/14074","targetHints":{"allow":["GET"]}}],"collection":[{"href":"https:\/\/agora.xtec.cat\/zerelllierca\/wp-json\/wp\/v2\/posts"}],"about":[{"href":"https:\/\/agora.xtec.cat\/zerelllierca\/wp-json\/wp\/v2\/types\/post"}],"author":[{"embeddable":true,"href":"https:\/\/agora.xtec.cat\/zerelllierca\/wp-json\/wp\/v2\/users\/160"}],"replies":[{"embeddable":true,"href":"https:\/\/agora.xtec.cat\/zerelllierca\/wp-json\/wp\/v2\/comments?post=14074"}],"version-history":[{"count":2,"href":"https:\/\/agora.xtec.cat\/zerelllierca\/wp-json\/wp\/v2\/posts\/14074\/revisions"}],"predecessor-version":[{"id":14077,"href":"https:\/\/agora.xtec.cat\/zerelllierca\/wp-json\/wp\/v2\/posts\/14074\/revisions\/14077"}],"wp:featuredmedia":[{"embeddable":true,"href":"https:\/\/agora.xtec.cat\/zerelllierca\/wp-json\/wp\/v2\/media\/14051"}],"wp:attachment":[{"href":"https:\/\/agora.xtec.cat\/zerelllierca\/wp-json\/wp\/v2\/media?parent=14074"}],"wp:term":[{"taxonomy":"category","embeddable":true,"href":"https:\/\/agora.xtec.cat\/zerelllierca\/wp-json\/wp\/v2\/categories?post=14074"},{"taxonomy":"post_tag","embeddable":true,"href":"https:\/\/agora.xtec.cat\/zerelllierca\/wp-json\/wp\/v2\/tags?post=14074"}],"curies":[{"name":"wp","href":"https:\/\/api.w.org\/{rel}","templated":true}]}}