{"id":11422,"date":"2019-11-11T15:36:03","date_gmt":"2019-11-11T14:36:03","guid":{"rendered":"http:\/\/agora.xtec.cat\/zerelllierca\/?p=11422"},"modified":"2019-11-12T15:47:21","modified_gmt":"2019-11-12T14:47:21","slug":"sortida-a-girona-caldes-de-malavella-i-banyoles-cicle-inicial","status":"publish","type":"post","link":"https:\/\/agora.xtec.cat\/zerelllierca\/general\/sortida-a-girona-caldes-de-malavella-i-banyoles-cicle-inicial\/","title":{"rendered":"Sortida a Girona, Caldes de Melavella i Banyoles &#8211; Cicle inicial"},"content":{"rendered":"<p style=\"text-align: justify;\">El passat dijous 24 d\u2019octubre, els alumnes de cicle inicial de la ZER El Llierca, cam anar d\u2019excursi\u00f3. Aquesta sortida s\u2019emmarca dins del projecte \u201cEstem perduts, com tornem?\u201d que es treballa a l\u2019\u00e0rea de coneixement del medi.<br \/>\nMitjan\u00e7ant l\u2019observaci\u00f3 vam poder descobrir diferents tipus de transport i con\u00e8ixer les seves principals caracter\u00edstiques, tamb\u00e9 els vam poder veure en un context real i els experts ens van poder solucionar dubtes i q\u00fcestions que ens van sorgir sobre el tema.<br \/>\nPrimer vam visitar la zona de terra i la zona a\u00e8ria de l\u2019Aeroport de Girona. Tamb\u00e9 vam tenir sorpresa inclosa ja que el cami\u00f3 dels bombers de l\u2019aeroport va venir una estona amb nosaltres. Despr\u00e9s vam anar fins a l\u2019estaci\u00f3 de trens de Caldes de Malavella i finalment, vam anar a fer un passeig en barca a Banyoles.<br \/>\nLa sortida va ser espl\u00e8ndida i el temps ens va acompanyar!<br \/>\nPer descarregar les imatges premeu <a href=\"https:\/\/photos.app.goo.gl\/Jz2riEgS8G3A52HH9\"><strong>aqu\u00ed<\/strong><\/a>.<br \/>\n<iframe loading=\"lazy\" src=\"\/\/www.youtube.com\/embed\/yj3vqpkeSlk\" width=\"1000\" height=\"561\"><\/iframe><\/p>\n","protected":false},"excerpt":{"rendered":"<p>El passat dijous 24 d\u2019octubre, els alumnes de cicle inicial de la ZER El Llierca, cam anar d\u2019excursi\u00f3. Aquesta sortida s\u2019emmarca dins del projecte \u201cEstem perduts, com tornem?\u201d que es treballa a l\u2019\u00e0rea de coneixement del medi. Mitjan\u00e7ant l\u2019observaci\u00f3 vam poder descobrir diferents tipus de transport i con\u00e8ixer les seves principals caracter\u00edstiques, tamb\u00e9 els vam [&hellip;]<\/p>\n","protected":false},"author":137,"featured_media":11427,"comment_status":"open","ping_status":"closed","sticky":false,"template":"","format":"standard","meta":{"_bbp_topic_count":0,"_bbp_reply_count":0,"_bbp_total_topic_count":0,"_bbp_total_reply_count":0,"_bbp_voice_count":0,"_bbp_anonymous_reply_count":0,"_bbp_topic_count_hidden":0,"_bbp_reply_count_hidden":0,"_bbp_forum_subforum_count":0,"site-sidebar-layout":"default","site-content-layout":"","ast-site-content-layout":"","site-content-style":"default","site-sidebar-style":"default","ast-global-header-display":"","ast-banner-title-visibility":"","ast-main-header-display":"","ast-hfb-above-header-display":"","ast-hfb-below-header-display":"","ast-hfb-mobile-header-display":"","site-post-title":"","ast-breadcrumbs-content":"","ast-featured-img":"","footer-sml-layout":"","theme-transparent-header-meta":"","adv-header-id-meta":"","stick-header-meta":"","header-above-stick-meta":"","header-main-stick-meta":"","header-below-stick-meta":"","astra-migrate-meta-layouts":"default","ast-page-background-enabled":"default","ast-page-background-meta":{"desktop":{"background-color":"var(--ast-global-color-4)","background-image":"","background-repeat":"repeat","background-position":"center center","background-size":"auto","background-attachment":"scroll","background-type":"","background-media":"","overlay-type":"","overlay-color":"","overlay-opacity":"","overlay-gradient":""},"tablet":{"background-color":"","background-image":"","background-repeat":"repeat","background-position":"center center","background-size":"auto","background-attachment":"scroll","background-type":"","background-media":"","overlay-type":"","overlay-color":"","overlay-opacity":"","overlay-gradient":""},"mobile":{"background-color":"","background-image":"","background-repeat":"repeat","background-position":"center center","background-size":"auto","background-attachment":"scroll","background-type":"","background-media":"","overlay-type":"","overlay-color":"","overlay-opacity":"","overlay-gradient":""}},"ast-content-background-meta":{"desktop":{"background-color":"var(--ast-global-color-5)","background-image":"","background-repeat":"repeat","background-position":"center center","background-size":"auto","background-attachment":"scroll","background-type":"","background-media":"","overlay-type":"","overlay-color":"","overlay-opacity":"","overlay-gradient":""},"tablet":{"background-color":"var(--ast-global-color-5)","background-image":"","background-repeat":"repeat","background-position":"center center","background-size":"auto","background-attachment":"scroll","background-type":"","background-media":"","overlay-type":"","overlay-color":"","overlay-opacity":"","overlay-gradient":""},"mobile":{"background-color":"var(--ast-global-color-5)","background-image":"","background-repeat":"repeat","background-position":"center center","background-size":"auto","background-attachment":"scroll","background-type":"","background-media":"","overlay-type":"","overlay-color":"","overlay-opacity":"","overlay-gradient":""}},"footnotes":""},"categories":[328,332,339,295,299,298,1],"tags":[],"class_list":["post-11422","post","type-post","status-publish","format-standard","has-post-thumbnail","hentry","category-ci","category-ci-activitats","category-ci-activitats-escola-mont-cos","category-joanrouraiparella","category-escola-mont-cos","category-escola-montpalau","category-general"],"post_mailing_queue_ids":[],"_links":{"self":[{"href":"https:\/\/agora.xtec.cat\/zerelllierca\/wp-json\/wp\/v2\/posts\/11422","targetHints":{"allow":["GET"]}}],"collection":[{"href":"https:\/\/agora.xtec.cat\/zerelllierca\/wp-json\/wp\/v2\/posts"}],"about":[{"href":"https:\/\/agora.xtec.cat\/zerelllierca\/wp-json\/wp\/v2\/types\/post"}],"author":[{"embeddable":true,"href":"https:\/\/agora.xtec.cat\/zerelllierca\/wp-json\/wp\/v2\/users\/137"}],"replies":[{"embeddable":true,"href":"https:\/\/agora.xtec.cat\/zerelllierca\/wp-json\/wp\/v2\/comments?post=11422"}],"version-history":[{"count":3,"href":"https:\/\/agora.xtec.cat\/zerelllierca\/wp-json\/wp\/v2\/posts\/11422\/revisions"}],"predecessor-version":[{"id":11435,"href":"https:\/\/agora.xtec.cat\/zerelllierca\/wp-json\/wp\/v2\/posts\/11422\/revisions\/11435"}],"wp:featuredmedia":[{"embeddable":true,"href":"https:\/\/agora.xtec.cat\/zerelllierca\/wp-json\/wp\/v2\/media\/11427"}],"wp:attachment":[{"href":"https:\/\/agora.xtec.cat\/zerelllierca\/wp-json\/wp\/v2\/media?parent=11422"}],"wp:term":[{"taxonomy":"category","embeddable":true,"href":"https:\/\/agora.xtec.cat\/zerelllierca\/wp-json\/wp\/v2\/categories?post=11422"},{"taxonomy":"post_tag","embeddable":true,"href":"https:\/\/agora.xtec.cat\/zerelllierca\/wp-json\/wp\/v2\/tags?post=11422"}],"curies":[{"name":"wp","href":"https:\/\/api.w.org\/{rel}","templated":true}]}}