{"id":10410,"date":"2019-03-13T13:10:34","date_gmt":"2019-03-13T12:10:34","guid":{"rendered":"http:\/\/agora.xtec.cat\/zerelllierca\/?p=10410"},"modified":"2019-03-13T13:17:24","modified_gmt":"2019-03-13T12:17:24","slug":"sortida-al-parc-de-can-santalo-educacio-infantil-2","status":"publish","type":"post","link":"https:\/\/agora.xtec.cat\/zerelllierca\/joanrouraiparella\/sortida-al-parc-de-can-santalo-educacio-infantil-2\/","title":{"rendered":"SORTIDA AL PARC DE CAN SANTAL\u00d3- Educaci\u00f3 infantil"},"content":{"rendered":"<p style=\"text-align: justify;\">El dimarts dia 12 de mar\u00e7 v\u00e0rem anar a fer la 2\u00aa sortida d\u2019aquest curs 18-19 amb en David de l\u2019Agrupaci\u00f3 naturalista.<br \/>\nEls alumnes d\u2019educaci\u00f3 infantil v\u00e0rem fer dos grups per tal de poder fer un treball m\u00e9s personalitzat.<br \/>\nTot sortint de l\u2019escola i de cam\u00ed cap al Parc de can Santal\u00f3, vam estar escoltant i observant els ocells.<br \/>\nUn cop al parc, v\u00e0rem veure diferents arbres: l\u2019aur\u00f3 blanc, les oliveres, els noguers, el roure (on vam veure una gal\u2022la, on les vespes hi fan els seus ous), el pi roig, els cirerers, l\u2019om (on observ\u00e0rem que feia un fruit que es deia S\u00e0mara), el vern, entre d\u2019altres.<br \/>\nI tot caminant, caminant, vam poder observar la gran varietat de flors que comencen a cr\u00e9ixer per aquesta \u00e8poca al parc (violetes, margarides, orqu\u00eddies, etc.).<br \/>\nTamb\u00e9 v\u00e0rem anar a veure uns caus de talps, per\u00f2 com que aquests animals surten a la nit, no en vam poder veure cap.<br \/>\nAprofitant el bon temps, v\u00e0rem esmorzar al parc, on en David ens va fer prendre consci\u00e8ncia de la import\u00e0ncia del reciclatge. Amb les restes i els embolcalls de l\u2019esmorzar, vam fer una petita tria. Finalment, v\u00e0rem tenir una estona per poder gaudir del joc al parc.<\/p>\n<p style=\"text-align: left;\"><iframe loading=\"lazy\" src=\"\/\/www.youtube.com\/embed\/QSc8B-39Wqg\" width=\"712\" height=\"400\" allowfullscreen=\"allowfullscreen\"><\/iframe><\/p>\n<p style=\"text-align: left;\">Per descarregar les imatges premeu <a href=\"https:\/\/photos.app.goo.gl\/NGjDeN1dMSXdYE1T8\"><strong>aqu\u00ed<\/strong><\/a>.<\/p>\n","protected":false},"excerpt":{"rendered":"<p>El dimarts dia 12 de mar\u00e7 v\u00e0rem anar a fer la 2\u00aa sortida d\u2019aquest curs 18-19 amb en David de l\u2019Agrupaci\u00f3 naturalista. Els alumnes d\u2019educaci\u00f3 infantil v\u00e0rem fer dos grups per tal de poder fer un treball m\u00e9s personalitzat. Tot sortint de l\u2019escola i de cam\u00ed cap al Parc de can Santal\u00f3, vam estar escoltant [&hellip;]<\/p>\n","protected":false},"author":1,"featured_media":0,"comment_status":"open","ping_status":"closed","sticky":false,"template":"","format":"standard","meta":{"_bbp_topic_count":0,"_bbp_reply_count":0,"_bbp_total_topic_count":0,"_bbp_total_reply_count":0,"_bbp_voice_count":0,"_bbp_anonymous_reply_count":0,"_bbp_topic_count_hidden":0,"_bbp_reply_count_hidden":0,"_bbp_forum_subforum_count":0,"site-sidebar-layout":"default","site-content-layout":"","ast-site-content-layout":"","site-content-style":"default","site-sidebar-style":"default","ast-global-header-display":"","ast-banner-title-visibility":"","ast-main-header-display":"","ast-hfb-above-header-display":"","ast-hfb-below-header-display":"","ast-hfb-mobile-header-display":"","site-post-title":"","ast-breadcrumbs-content":"","ast-featured-img":"","footer-sml-layout":"","theme-transparent-header-meta":"","adv-header-id-meta":"","stick-header-meta":"","header-above-stick-meta":"","header-main-stick-meta":"","header-below-stick-meta":"","astra-migrate-meta-layouts":"default","ast-page-background-enabled":"default","ast-page-background-meta":{"desktop":{"background-color":"var(--ast-global-color-4)","background-image":"","background-repeat":"repeat","background-position":"center center","background-size":"auto","background-attachment":"scroll","background-type":"","background-media":"","overlay-type":"","overlay-color":"","overlay-opacity":"","overlay-gradient":""},"tablet":{"background-color":"","background-image":"","background-repeat":"repeat","background-position":"center center","background-size":"auto","background-attachment":"scroll","background-type":"","background-media":"","overlay-type":"","overlay-color":"","overlay-opacity":"","overlay-gradient":""},"mobile":{"background-color":"","background-image":"","background-repeat":"repeat","background-position":"center center","background-size":"auto","background-attachment":"scroll","background-type":"","background-media":"","overlay-type":"","overlay-color":"","overlay-opacity":"","overlay-gradient":""}},"ast-content-background-meta":{"desktop":{"background-color":"var(--ast-global-color-5)","background-image":"","background-repeat":"repeat","background-position":"center center","background-size":"auto","background-attachment":"scroll","background-type":"","background-media":"","overlay-type":"","overlay-color":"","overlay-opacity":"","overlay-gradient":""},"tablet":{"background-color":"var(--ast-global-color-5)","background-image":"","background-repeat":"repeat","background-position":"center center","background-size":"auto","background-attachment":"scroll","background-type":"","background-media":"","overlay-type":"","overlay-color":"","overlay-opacity":"","overlay-gradient":""},"mobile":{"background-color":"var(--ast-global-color-5)","background-image":"","background-repeat":"repeat","background-position":"center center","background-size":"auto","background-attachment":"scroll","background-type":"","background-media":"","overlay-type":"","overlay-color":"","overlay-opacity":"","overlay-gradient":""}},"footnotes":""},"categories":[323,331,295],"tags":[],"class_list":["post-10410","post","type-post","status-publish","format-standard","hentry","category-activitats","category-ei","category-joanrouraiparella"],"post_mailing_queue_ids":[],"_links":{"self":[{"href":"https:\/\/agora.xtec.cat\/zerelllierca\/wp-json\/wp\/v2\/posts\/10410","targetHints":{"allow":["GET"]}}],"collection":[{"href":"https:\/\/agora.xtec.cat\/zerelllierca\/wp-json\/wp\/v2\/posts"}],"about":[{"href":"https:\/\/agora.xtec.cat\/zerelllierca\/wp-json\/wp\/v2\/types\/post"}],"author":[{"embeddable":true,"href":"https:\/\/agora.xtec.cat\/zerelllierca\/wp-json\/wp\/v2\/users\/1"}],"replies":[{"embeddable":true,"href":"https:\/\/agora.xtec.cat\/zerelllierca\/wp-json\/wp\/v2\/comments?post=10410"}],"version-history":[{"count":3,"href":"https:\/\/agora.xtec.cat\/zerelllierca\/wp-json\/wp\/v2\/posts\/10410\/revisions"}],"predecessor-version":[{"id":10416,"href":"https:\/\/agora.xtec.cat\/zerelllierca\/wp-json\/wp\/v2\/posts\/10410\/revisions\/10416"}],"wp:attachment":[{"href":"https:\/\/agora.xtec.cat\/zerelllierca\/wp-json\/wp\/v2\/media?parent=10410"}],"wp:term":[{"taxonomy":"category","embeddable":true,"href":"https:\/\/agora.xtec.cat\/zerelllierca\/wp-json\/wp\/v2\/categories?post=10410"},{"taxonomy":"post_tag","embeddable":true,"href":"https:\/\/agora.xtec.cat\/zerelllierca\/wp-json\/wp\/v2\/tags?post=10410"}],"curies":[{"name":"wp","href":"https:\/\/api.w.org\/{rel}","templated":true}]}}