{"id":302,"count":0,"description":"L\u2019escola Joan Roura i Parella \u00e9s un centre d\u2019ensenyament d\u2019Educaci\u00f3 Infantil i Prim\u00e0ria del municipi de Tortell\u00e0. Acull, tamb\u00e9, els nens i nenes del municipi de Sales de Llierca.\r\n\r\nL\u2019Ajuntament de Tortell\u00e0 pos\u00e0 el nom de Joan Roura i Parella a l\u2019escola.\r\nEl Sr. Joan Roura i Parella (1897-1983), fill il\u00b7lustre del nostre poble, fou conegut arreu d\u2019Europa i d\u2019Am\u00e8rica com un dels grans intel\u00b7lectuals del segle passat. Destac\u00e0 en els camps de la pedagogia, psicologia i va ser reconegut mundialment com un eminent fil\u00f2sof i pensador.\r\n\r\nLes escoles van ser inaugurades el 21 de maig de 1933.\r\n\r\n<a href=\"http:\/\/agora.xtec.cat\/zerelllierca\/wp-content\/uploads\/usu1250\/2016\/10\/esc_tortella_antiga.jpg\"><img class=\"alignnone size-full wp-image-1362\" src=\"http:\/\/agora.xtec.cat\/zerelllierca\/wp-content\/uploads\/usu1250\/2016\/10\/esc_tortella_antiga.jpg\" alt=\"esc_tortella_antiga\" width=\"800\" height=\"503\" \/><\/a>\r\nEl 1948, es crea una Unitat mixta amb alumnes de Sales de Llierca i Tortell\u00e0, als baixos de la casa n\u00fam. 21 del carrer de Sales. L\u2019escola de Sales quedar\u00e0 definitivament suprimida l\u2019any 1974.\r\nS\u2019habilit\u00e0 una aula als baixos de la Casa de la Vila, que va estar en funcionament fins l\u2019any 1993. El curs 1993-94 l\u2019aula es trasllad\u00e0 a l\u2019escola amb la construcci\u00f3 d\u2019un nou espai: cuina, menjador i aula.\r\n\r\n<a href=\"http:\/\/agora.xtec.cat\/zerelllierca\/wp-content\/uploads\/usu1250\/2016\/10\/2014_esc_tortellla1.jpg\"><img class=\"alignnone size-full wp-image-1364\" src=\"http:\/\/agora.xtec.cat\/zerelllierca\/wp-content\/uploads\/usu1250\/2016\/10\/2014_esc_tortellla1.jpg\" alt=\"2014_esc_tortellla1\" width=\"800\" height=\"600\" \/><\/a>\r\nDes de 1973 les escoles s\u00f3n mixtes. El servei de menjador comen\u00e7\u00e0 el 1967 i perdura fins l\u2019actualitat.\r\n\r\n<a href=\"http:\/\/agora.xtec.cat\/zerelllierca\/wp-content\/uploads\/usu1250\/2016\/10\/2014_esc_tortellla.jpg\"><img class=\"alignnone size-full wp-image-1365\" src=\"http:\/\/agora.xtec.cat\/zerelllierca\/wp-content\/uploads\/usu1250\/2016\/10\/2014_esc_tortellla.jpg\" alt=\"2014_esc_tortellla\" width=\"800\" height=\"481\" \/><\/a>","link":"https:\/\/agora.xtec.cat\/zerelllierca\/categoria\/joanrouraiparella\/historia\/","name":"Hist\u00f2ria","slug":"historia","taxonomy":"category","parent":295,"meta":[],"_links":{"self":[{"href":"https:\/\/agora.xtec.cat\/zerelllierca\/wp-json\/wp\/v2\/categories\/302","targetHints":{"allow":["GET"]}}],"collection":[{"href":"https:\/\/agora.xtec.cat\/zerelllierca\/wp-json\/wp\/v2\/categories"}],"about":[{"href":"https:\/\/agora.xtec.cat\/zerelllierca\/wp-json\/wp\/v2\/taxonomies\/category"}],"up":[{"embeddable":true,"href":"https:\/\/agora.xtec.cat\/zerelllierca\/wp-json\/wp\/v2\/categories\/295"}],"wp:post_type":[{"href":"https:\/\/agora.xtec.cat\/zerelllierca\/wp-json\/wp\/v2\/posts?categories=302"}],"curies":[{"name":"wp","href":"https:\/\/api.w.org\/{rel}","templated":true}]}}