{"id":740,"date":"2018-10-21T11:24:31","date_gmt":"2018-10-21T09:24:31","guid":{"rendered":"http:\/\/agora.xtec.cat\/zerelcardener\/?p=740"},"modified":"2025-10-24T00:40:38","modified_gmt":"2025-10-23T22:40:38","slug":"nou-curs-escolar","status":"publish","type":"post","link":"https:\/\/agora.xtec.cat\/zerelcardener\/general\/nou-curs-escolar\/","title":{"rendered":"NOU CURS ESCOLAR !!!!"},"content":{"rendered":"<p>El dia 12 de setembre\u00a0 vam comen\u00e7ar un nou curs escolar.<\/p>\n<p>Els noms de les classes dels estevets estan relacionats amb el projecte Montserrat, i \u00e9s diuen : els d&#8217;infantil s\u00f3n Les Magdalenes, els de primer Els Ecos, els de segon\u00a0 i tercer Les Agulles, els de quart\u00a0 Els Sant Jeronis i els de cicle superior Els Frares Encantats<\/p>\n<p>Els noms de les classes de Joan de Pal\u00e0 estan relacionats amb el projecte de La Coromina, es diuen: els d&#8217;infantil Els Gegants i Gegantes, els de cicle inicial s\u00f3n Els gats i gates, els de cicle mitj\u00e0 s\u00f3n Els i les Caramellaires i els de cicle superioir s\u00f3n Els Joanets de Serrallonga.<\/p>\n<p>Bon curs a tothom !!!!!<\/p>\n<p><a href=\"https:\/\/agora.xtec.cat\/zerelcardener\/wp-content\/uploads\/usu1839\/2018\/10\/infantil-joan-de-pala.jpg\"><img loading=\"lazy\" decoding=\"async\" class=\"alignnone wp-image-784\" src=\"https:\/\/agora.xtec.cat\/zerelcardener\/wp-content\/uploads\/usu1839\/2018\/10\/infantil-joan-de-pala-1024x768.jpg\" alt=\"\" width=\"400\" height=\"311\" \/><\/a>\u00a0\u00a0<a href=\"https:\/\/agora.xtec.cat\/zerelcardener\/wp-content\/uploads\/usu1839\/2018\/10\/infantil-sant-esteve.jpg\"><img loading=\"lazy\" decoding=\"async\" class=\"alignnone wp-image-785\" src=\"https:\/\/agora.xtec.cat\/zerelcardener\/wp-content\/uploads\/usu1839\/2018\/10\/infantil-sant-esteve-1024x768.jpg\" alt=\"\" width=\"397\" height=\"301\" \/><\/a><\/p>\n<p><img loading=\"lazy\" decoding=\"async\" class=\"alignnone wp-image-782\" src=\"https:\/\/agora.xtec.cat\/zerelcardener\/wp-content\/uploads\/usu1839\/2018\/10\/1r-st-esteve-1024x768.jpg\" alt=\"\" width=\"397\" height=\"299\" srcset=\"https:\/\/agora.xtec.cat\/zerelcardener\/wp-content\/uploads\/usu1839\/2018\/10\/1r-st-esteve-1024x768.jpg 1024w, https:\/\/agora.xtec.cat\/zerelcardener\/wp-content\/uploads\/usu1839\/2018\/10\/1r-st-esteve-300x225.jpg 300w, https:\/\/agora.xtec.cat\/zerelcardener\/wp-content\/uploads\/usu1839\/2018\/10\/1r-st-esteve-768x576.jpg 768w, https:\/\/agora.xtec.cat\/zerelcardener\/wp-content\/uploads\/usu1839\/2018\/10\/1r-st-esteve-200x150.jpg 200w, https:\/\/agora.xtec.cat\/zerelcardener\/wp-content\/uploads\/usu1839\/2018\/10\/1r-st-esteve.jpg 2048w\" sizes=\"auto, (max-width: 397px) 100vw, 397px\" \/>\u00a0 <a href=\"https:\/\/agora.xtec.cat\/zerelcardener\/wp-content\/uploads\/usu1839\/2018\/10\/ci-sant-esteve.jpg\"><img loading=\"lazy\" decoding=\"async\" class=\"alignnone wp-image-783\" src=\"https:\/\/agora.xtec.cat\/zerelcardener\/wp-content\/uploads\/usu1839\/2018\/10\/ci-sant-esteve-1024x768.jpg\" alt=\"\" width=\"397\" height=\"294\" \/><\/a><\/p>\n<p><a href=\"https:\/\/agora.xtec.cat\/zerelcardener\/wp-content\/uploads\/usu1839\/2018\/10\/ci-joan-de-pala-2-500x375-2.jpg\"><img loading=\"lazy\" decoding=\"async\" class=\"alignnone wp-image-787\" src=\"https:\/\/agora.xtec.cat\/zerelcardener\/wp-content\/uploads\/usu1839\/2018\/10\/ci-joan-de-pala-2-500x375-2.jpg\" alt=\"\" width=\"395\" height=\"295\" srcset=\"https:\/\/agora.xtec.cat\/zerelcardener\/wp-content\/uploads\/usu1839\/2018\/10\/ci-joan-de-pala-2-500x375-2.jpg 500w, https:\/\/agora.xtec.cat\/zerelcardener\/wp-content\/uploads\/usu1839\/2018\/10\/ci-joan-de-pala-2-500x375-2-300x225.jpg 300w, https:\/\/agora.xtec.cat\/zerelcardener\/wp-content\/uploads\/usu1839\/2018\/10\/ci-joan-de-pala-2-500x375-2-200x150.jpg 200w\" sizes=\"auto, (max-width: 395px) 100vw, 395px\" \/>\u00a0\u00a0<\/a><a href=\"https:\/\/agora.xtec.cat\/zerelcardener\/wp-content\/uploads\/usu1839\/2018\/10\/cm-joan-de-pala-2-500x375-2.jpg\"><img loading=\"lazy\" decoding=\"async\" class=\"alignnone wp-image-786\" src=\"https:\/\/agora.xtec.cat\/zerelcardener\/wp-content\/uploads\/usu1839\/2018\/10\/cm-joan-de-pala-2-500x375-2.jpg\" alt=\"\" width=\"399\" height=\"267\" \/><\/a><\/p>\n<p><a href=\"https:\/\/agora.xtec.cat\/zerelcardener\/wp-content\/uploads\/usu1839\/2018\/10\/cm-estevets-2-b-500x375-2.jpg\"><img loading=\"lazy\" decoding=\"async\" class=\"alignnone wp-image-788\" src=\"https:\/\/agora.xtec.cat\/zerelcardener\/wp-content\/uploads\/usu1839\/2018\/10\/cm-estevets-2-b-500x375-2.jpg\" alt=\"\" width=\"392\" height=\"294\" srcset=\"https:\/\/agora.xtec.cat\/zerelcardener\/wp-content\/uploads\/usu1839\/2018\/10\/cm-estevets-2-b-500x375-2.jpg 500w, https:\/\/agora.xtec.cat\/zerelcardener\/wp-content\/uploads\/usu1839\/2018\/10\/cm-estevets-2-b-500x375-2-300x225.jpg 300w, https:\/\/agora.xtec.cat\/zerelcardener\/wp-content\/uploads\/usu1839\/2018\/10\/cm-estevets-2-b-500x375-2-200x150.jpg 200w\" sizes=\"auto, (max-width: 392px) 100vw, 392px\" \/>\u00a0\u00a0<\/a><a href=\"https:\/\/agora.xtec.cat\/zerelcardener\/wp-content\/uploads\/usu1839\/2018\/10\/cs-joan-de-pala-500x375-2.jpg\"><img loading=\"lazy\" decoding=\"async\" class=\"alignnone wp-image-789\" src=\"https:\/\/agora.xtec.cat\/zerelcardener\/wp-content\/uploads\/usu1839\/2018\/10\/cs-joan-de-pala-500x375-2.jpg\" alt=\"\" width=\"392\" height=\"283\" \/><\/a><\/p>\n<p><a href=\"https:\/\/agora.xtec.cat\/zerelcardener\/wp-content\/uploads\/usu1839\/2018\/10\/CS-st-esteve-2-500x375-3.jpg\"><img loading=\"lazy\" decoding=\"async\" class=\"alignnone wp-image-790\" src=\"https:\/\/agora.xtec.cat\/zerelcardener\/wp-content\/uploads\/usu1839\/2018\/10\/CS-st-esteve-2-500x375-3.jpg\" alt=\"\" width=\"390\" height=\"292\" srcset=\"https:\/\/agora.xtec.cat\/zerelcardener\/wp-content\/uploads\/usu1839\/2018\/10\/CS-st-esteve-2-500x375-3.jpg 500w, https:\/\/agora.xtec.cat\/zerelcardener\/wp-content\/uploads\/usu1839\/2018\/10\/CS-st-esteve-2-500x375-3-300x225.jpg 300w, https:\/\/agora.xtec.cat\/zerelcardener\/wp-content\/uploads\/usu1839\/2018\/10\/CS-st-esteve-2-500x375-3-200x150.jpg 200w\" sizes=\"auto, (max-width: 390px) 100vw, 390px\" \/><\/a><\/p>\n<p>&nbsp;<\/p>\n<p>Gil ,Raquel,Beth<\/p>\n","protected":false},"excerpt":{"rendered":"<p>El dia 12 de setembre\u00a0 vam comen\u00e7ar un nou curs escolar.<br \/>\nEls noms de les classes dels estevets estan relacionats amb el projecte Montserrat, i \u00e9s diuen : els d&#8217;infantil s\u00f3n Les Magdalenes, els de primer Els Ecos, els de segon\u00a0 i tercer Les Agulles, els&hellip;  <a href=\"https:\/\/agora.xtec.cat\/zerelcardener\/general\/nou-curs-escolar\/\" title=\"Read NOU CURS ESCOLAR !!!!\">Llegeix m\u00e9s\u00bb<\/a><\/p>\n","protected":false},"author":1,"featured_media":0,"comment_status":"closed","ping_status":"closed","sticky":false,"template":"","format":"standard","meta":{"footnotes":""},"categories":[1,29],"tags":[],"class_list":["post-740","post","type-post","status-publish","format-standard","hentry","category-general","category-portada"],"post_mailing_queue_ids":[],"_links":{"self":[{"href":"https:\/\/agora.xtec.cat\/zerelcardener\/wp-json\/wp\/v2\/posts\/740","targetHints":{"allow":["GET"]}}],"collection":[{"href":"https:\/\/agora.xtec.cat\/zerelcardener\/wp-json\/wp\/v2\/posts"}],"about":[{"href":"https:\/\/agora.xtec.cat\/zerelcardener\/wp-json\/wp\/v2\/types\/post"}],"author":[{"embeddable":true,"href":"https:\/\/agora.xtec.cat\/zerelcardener\/wp-json\/wp\/v2\/users\/1"}],"replies":[{"embeddable":true,"href":"https:\/\/agora.xtec.cat\/zerelcardener\/wp-json\/wp\/v2\/comments?post=740"}],"version-history":[{"count":3,"href":"https:\/\/agora.xtec.cat\/zerelcardener\/wp-json\/wp\/v2\/posts\/740\/revisions"}],"predecessor-version":[{"id":794,"href":"https:\/\/agora.xtec.cat\/zerelcardener\/wp-json\/wp\/v2\/posts\/740\/revisions\/794"}],"wp:attachment":[{"href":"https:\/\/agora.xtec.cat\/zerelcardener\/wp-json\/wp\/v2\/media?parent=740"}],"wp:term":[{"taxonomy":"category","embeddable":true,"href":"https:\/\/agora.xtec.cat\/zerelcardener\/wp-json\/wp\/v2\/categories?post=740"},{"taxonomy":"post_tag","embeddable":true,"href":"https:\/\/agora.xtec.cat\/zerelcardener\/wp-json\/wp\/v2\/tags?post=740"}],"curies":[{"name":"wp","href":"https:\/\/api.w.org\/{rel}","templated":true}]}}