{"id":739,"date":"2018-10-28T16:36:11","date_gmt":"2018-10-28T15:36:11","guid":{"rendered":"http:\/\/agora.xtec.cat\/zerelcardener\/?p=739"},"modified":"2019-01-15T15:57:09","modified_gmt":"2019-01-15T14:57:09","slug":"fira-de-tardor-2018","status":"publish","type":"post","link":"https:\/\/agora.xtec.cat\/zerelcardener\/general\/fira-de-tardor-2018\/","title":{"rendered":"Fira de Tardor 2018"},"content":{"rendered":"<p>Benvolguts\/des<\/p>\n<h4><\/h4>\n<p>Els nens i nenes de l&#8217;Escola Sant\u00a0 Esteve faran la <strong>Segona Fira de Tardor\u00a0<\/strong>on podreu comprar punts de llibre terror\u00edfics i llibretes de tardor fets pels de primer. Els m\u00e9s petits de l&#8217;escola faran llumetes de tardor. Els de segon i tercer faran lletres decorades, codony, bra\u00e7alets i clauers. Els de quart\u00a0 faran espelmes de riu i punts de llibre i els de cicle superior faran candelghosts i cactus.<\/p>\n<p>Els pares i mares tamb\u00e9 ajudaran a la castanyera a coure castanyes i faran altres menjars de tardor.<\/p>\n<h2>Us convidem a la nostra\u00a0<span style=\"text-decoration: underline;\"><a href=\"https:\/\/agora.xtec.cat\/zerelcardener\/wp-content\/uploads\/usu1839\/2018\/10\/fira-de-tardor.pdf\">fira de tardor<\/a><\/span><strong>\u00a0<\/strong> el dia 31 d&#8217;octubre a les 15:00h a la pla\u00e7a\u00a0 Sant Josep.<\/h2>\n<p>Us hi\u00a0 esperem a tots i a totes<\/p>\n<p>Salutacions.<\/p>\n<p>&nbsp;<\/p>\n<p><a href=\"https:\/\/agora.xtec.cat\/zerelcardener\/wp-content\/uploads\/usu1839\/2018\/10\/festa-tardor.jpg\"><img loading=\"lazy\" decoding=\"async\" class=\"alignnone wp-image-743\" src=\"https:\/\/agora.xtec.cat\/zerelcardener\/wp-content\/uploads\/usu1839\/2018\/10\/festa-tardor.jpg\" alt=\"\" width=\"211\" height=\"224\" \/>\u00a0\u00a0<\/a><a href=\"https:\/\/agora.xtec.cat\/zerelcardener\/wp-content\/uploads\/usu1839\/2018\/10\/castayada.jpg\"><img loading=\"lazy\" decoding=\"async\" class=\"alignnone wp-image-742\" src=\"https:\/\/agora.xtec.cat\/zerelcardener\/wp-content\/uploads\/usu1839\/2018\/10\/castayada.jpg\" alt=\"\" width=\"266\" height=\"200\" srcset=\"https:\/\/agora.xtec.cat\/zerelcardener\/wp-content\/uploads\/usu1839\/2018\/10\/castayada.jpg 810w, https:\/\/agora.xtec.cat\/zerelcardener\/wp-content\/uploads\/usu1839\/2018\/10\/castayada-300x225.jpg 300w, https:\/\/agora.xtec.cat\/zerelcardener\/wp-content\/uploads\/usu1839\/2018\/10\/castayada-768x576.jpg 768w, https:\/\/agora.xtec.cat\/zerelcardener\/wp-content\/uploads\/usu1839\/2018\/10\/castayada-200x150.jpg 200w\" sizes=\"auto, (max-width: 266px) 100vw, 266px\" \/><\/a><\/p>\n<p>Abril, Iker, Gerard<\/p>\n","protected":false},"excerpt":{"rendered":"<p>Benvolguts\/des<\/p>\n<p>Els nens i nenes de l&#8217;Escola Sant\u00a0 Esteve faran la Segona Fira de Tardor\u00a0on podreu comprar punts de llibre terror\u00edfics i llibretes de tardor fets pels de primer. Els m\u00e9s petits de l&#8217;escola faran llumetes de tardor. Els de segon i tercer faran lletres decorades,&hellip;  <a href=\"https:\/\/agora.xtec.cat\/zerelcardener\/general\/fira-de-tardor-2018\/\" title=\"Read Fira de Tardor 2018\">Llegeix m\u00e9s\u00bb<\/a><\/p>\n","protected":false},"author":1,"featured_media":0,"comment_status":"open","ping_status":"closed","sticky":false,"template":"","format":"standard","meta":{"footnotes":""},"categories":[1,29],"tags":[],"class_list":["post-739","post","type-post","status-publish","format-standard","hentry","category-general","category-portada"],"post_mailing_queue_ids":[],"_links":{"self":[{"href":"https:\/\/agora.xtec.cat\/zerelcardener\/wp-json\/wp\/v2\/posts\/739","targetHints":{"allow":["GET"]}}],"collection":[{"href":"https:\/\/agora.xtec.cat\/zerelcardener\/wp-json\/wp\/v2\/posts"}],"about":[{"href":"https:\/\/agora.xtec.cat\/zerelcardener\/wp-json\/wp\/v2\/types\/post"}],"author":[{"embeddable":true,"href":"https:\/\/agora.xtec.cat\/zerelcardener\/wp-json\/wp\/v2\/users\/1"}],"replies":[{"embeddable":true,"href":"https:\/\/agora.xtec.cat\/zerelcardener\/wp-json\/wp\/v2\/comments?post=739"}],"version-history":[{"count":4,"href":"https:\/\/agora.xtec.cat\/zerelcardener\/wp-json\/wp\/v2\/posts\/739\/revisions"}],"predecessor-version":[{"id":841,"href":"https:\/\/agora.xtec.cat\/zerelcardener\/wp-json\/wp\/v2\/posts\/739\/revisions\/841"}],"wp:attachment":[{"href":"https:\/\/agora.xtec.cat\/zerelcardener\/wp-json\/wp\/v2\/media?parent=739"}],"wp:term":[{"taxonomy":"category","embeddable":true,"href":"https:\/\/agora.xtec.cat\/zerelcardener\/wp-json\/wp\/v2\/categories?post=739"},{"taxonomy":"post_tag","embeddable":true,"href":"https:\/\/agora.xtec.cat\/zerelcardener\/wp-json\/wp\/v2\/tags?post=739"}],"curies":[{"name":"wp","href":"https:\/\/api.w.org\/{rel}","templated":true}]}}