{"id":666,"date":"2018-09-29T19:39:05","date_gmt":"2018-09-29T17:39:05","guid":{"rendered":"http:\/\/agora.xtec.cat\/zerelcardener\/?p=666"},"modified":"2025-10-23T16:53:37","modified_gmt":"2025-10-23T14:53:37","slug":"sortida-a-montserrat","status":"publish","type":"post","link":"https:\/\/agora.xtec.cat\/zerelcardener\/general\/sortida-a-montserrat\/","title":{"rendered":"Sortida a Montserrat"},"content":{"rendered":"<p>El pr\u00f2xim dijous dia 11 d&#8217;octubre, tots els alumnes de la ZER anirem d&#8217;excursi\u00f3 a la muntanya de Montserrat. Aquesta sortida est\u00e0 englobada en el projecte de ZER de Montserrat.<br \/>\nMarxarem de davant de l&#8217;escola Joan de Pal\u00e0 a les 9:15 del mat\u00ed, i de la pla\u00e7a Sant Josep a les 9:30.<\/p>\n<figure class=\"figure wp-caption alignnone\"><a href=\"http:\/\/agora.xtec.cat\/zerelcardener\/wp-content\/uploads\/usu1839\/2018\/09\/montserraat.jpg\"><img loading=\"lazy\" decoding=\"async\" class=\" wp-image-677\" src=\"http:\/\/agora.xtec.cat\/zerelcardener\/wp-content\/uploads\/usu1839\/2018\/09\/montserraat.jpg\" alt=\"\" width=\"350\" height=\"244\" srcset=\"https:\/\/agora.xtec.cat\/zerelcardener\/wp-content\/uploads\/usu1839\/2018\/09\/montserraat.jpg 709w, https:\/\/agora.xtec.cat\/zerelcardener\/wp-content\/uploads\/usu1839\/2018\/09\/montserraat-300x209.jpg 300w\" sizes=\"auto, (max-width: 350px) 100vw, 350px\" \/><\/a><figcaption class=\"wp-caption-text\">View of Montserrat Benedictine monastery<\/figcaption><\/figure>\n","protected":false},"excerpt":{"rendered":"<p>El pr\u00f2xim dijous dia 11 d&#8217;octubre, tots els alumnes de la ZER anirem d&#8217;excursi\u00f3 a la muntanya de Montserrat. Aquesta sortida est\u00e0 englobada en el projecte de ZER de Montserrat.<br \/>\nMarxarem de davant de l&#8217;escola Joan de Pal\u00e0 a les 9:15 del mat\u00ed, i de la&hellip;  <a href=\"https:\/\/agora.xtec.cat\/zerelcardener\/general\/sortida-a-montserrat\/\" title=\"Read Sortida a Montserrat\">Llegeix m\u00e9s\u00bb<\/a><\/p>\n","protected":false},"author":1,"featured_media":0,"comment_status":"closed","ping_status":"closed","sticky":false,"template":"","format":"standard","meta":{"footnotes":""},"categories":[1,29],"tags":[],"class_list":["post-666","post","type-post","status-publish","format-standard","hentry","category-general","category-portada"],"post_mailing_queue_ids":[],"_links":{"self":[{"href":"https:\/\/agora.xtec.cat\/zerelcardener\/wp-json\/wp\/v2\/posts\/666","targetHints":{"allow":["GET"]}}],"collection":[{"href":"https:\/\/agora.xtec.cat\/zerelcardener\/wp-json\/wp\/v2\/posts"}],"about":[{"href":"https:\/\/agora.xtec.cat\/zerelcardener\/wp-json\/wp\/v2\/types\/post"}],"author":[{"embeddable":true,"href":"https:\/\/agora.xtec.cat\/zerelcardener\/wp-json\/wp\/v2\/users\/1"}],"replies":[{"embeddable":true,"href":"https:\/\/agora.xtec.cat\/zerelcardener\/wp-json\/wp\/v2\/comments?post=666"}],"version-history":[{"count":3,"href":"https:\/\/agora.xtec.cat\/zerelcardener\/wp-json\/wp\/v2\/posts\/666\/revisions"}],"predecessor-version":[{"id":793,"href":"https:\/\/agora.xtec.cat\/zerelcardener\/wp-json\/wp\/v2\/posts\/666\/revisions\/793"}],"wp:attachment":[{"href":"https:\/\/agora.xtec.cat\/zerelcardener\/wp-json\/wp\/v2\/media?parent=666"}],"wp:term":[{"taxonomy":"category","embeddable":true,"href":"https:\/\/agora.xtec.cat\/zerelcardener\/wp-json\/wp\/v2\/categories?post=666"},{"taxonomy":"post_tag","embeddable":true,"href":"https:\/\/agora.xtec.cat\/zerelcardener\/wp-json\/wp\/v2\/tags?post=666"}],"curies":[{"name":"wp","href":"https:\/\/api.w.org\/{rel}","templated":true}]}}