{"id":1828,"date":"2026-01-16T10:54:46","date_gmt":"2026-01-16T09:54:46","guid":{"rendered":"https:\/\/agora.xtec.cat\/zerelcardener\/?p=1828"},"modified":"2026-01-16T11:07:58","modified_gmt":"2026-01-16T10:07:58","slug":"preinscripcio-curs-25-26","status":"publish","type":"post","link":"https:\/\/agora.xtec.cat\/zerelcardener\/general\/preinscripcio-curs-25-26\/","title":{"rendered":"Per\u00edode sol\u00b7licituds preinscripci\u00f3 curs 2026-2027"},"content":{"rendered":"<p>&nbsp;<\/p>\n<p style=\"text-align: center;\">El per\u00edode de <strong>preinscripci\u00f3<\/strong> per al proper <strong>curs\u00a0 2026- 2027<\/strong> est\u00e0 previst per a les dates compreses del<strong> 4 al 18 de mar\u00e7<\/strong> de 2026.<\/p>\n<p style=\"text-align: center;\">Per tal d&#8217;accedir a la p\u00e0gina web del Departament d\u2019Educaci\u00f3 cliqueu a la imatge de sota on hi trobareu tota la informaci\u00f3 necess\u00e0ria referent al proc\u00e9s de preinscripci\u00f3.<\/p>\n<p><a href=\"https:\/\/preinscripcio.gencat.cat\/ca\/inici\"><img loading=\"lazy\" decoding=\"async\" class=\"size-large wp-image-1829 aligncenter\" src=\"https:\/\/agora.xtec.cat\/zerelcardener\/wp-content\/uploads\/usu1839\/2026\/01\/pre-1-1024x253.png\" alt=\"\" width=\"1024\" height=\"253\" srcset=\"https:\/\/agora.xtec.cat\/zerelcardener\/wp-content\/uploads\/usu1839\/2026\/01\/pre-1-1024x253.png 1024w, https:\/\/agora.xtec.cat\/zerelcardener\/wp-content\/uploads\/usu1839\/2026\/01\/pre-1-300x74.png 300w, https:\/\/agora.xtec.cat\/zerelcardener\/wp-content\/uploads\/usu1839\/2026\/01\/pre-1-768x190.png 768w, https:\/\/agora.xtec.cat\/zerelcardener\/wp-content\/uploads\/usu1839\/2026\/01\/pre-1.png 1182w\" sizes=\"auto, (max-width: 1024px) 100vw, 1024px\" \/><\/a><\/p>\n<p>&nbsp;<\/p>\n","protected":false},"excerpt":{"rendered":"<p>&nbsp;<br \/>\nEl per\u00edode de preinscripci\u00f3 per al proper curs\u00a0 2026- 2027 est\u00e0 previst per a les dates compreses del 4 al 18 de mar\u00e7 de 2026.<br \/>\nPer tal d&#8217;accedir a la p\u00e0gina web del Departament d\u2019Educaci\u00f3 cliqueu a la imatge de sota on hi trobareu tota la&hellip;  <a href=\"https:\/\/agora.xtec.cat\/zerelcardener\/general\/preinscripcio-curs-25-26\/\" title=\"Read Per\u00edode sol\u00b7licituds preinscripci\u00f3 curs 2026-2027\">Llegeix m\u00e9s\u00bb<\/a><\/p>\n","protected":false},"author":30,"featured_media":1829,"comment_status":"open","ping_status":"open","sticky":false,"template":"","format":"standard","meta":{"footnotes":""},"categories":[127,1,29],"tags":[131,133],"class_list":["post-1828","post","type-post","status-publish","format-standard","has-post-thumbnail","hentry","category-curs-25-26","category-general","category-portada","tag-curs-25-26","tag-preinscripcio"],"post_mailing_queue_ids":[],"_links":{"self":[{"href":"https:\/\/agora.xtec.cat\/zerelcardener\/wp-json\/wp\/v2\/posts\/1828","targetHints":{"allow":["GET"]}}],"collection":[{"href":"https:\/\/agora.xtec.cat\/zerelcardener\/wp-json\/wp\/v2\/posts"}],"about":[{"href":"https:\/\/agora.xtec.cat\/zerelcardener\/wp-json\/wp\/v2\/types\/post"}],"author":[{"embeddable":true,"href":"https:\/\/agora.xtec.cat\/zerelcardener\/wp-json\/wp\/v2\/users\/30"}],"replies":[{"embeddable":true,"href":"https:\/\/agora.xtec.cat\/zerelcardener\/wp-json\/wp\/v2\/comments?post=1828"}],"version-history":[{"count":6,"href":"https:\/\/agora.xtec.cat\/zerelcardener\/wp-json\/wp\/v2\/posts\/1828\/revisions"}],"predecessor-version":[{"id":1838,"href":"https:\/\/agora.xtec.cat\/zerelcardener\/wp-json\/wp\/v2\/posts\/1828\/revisions\/1838"}],"wp:featuredmedia":[{"embeddable":true,"href":"https:\/\/agora.xtec.cat\/zerelcardener\/wp-json\/wp\/v2\/media\/1829"}],"wp:attachment":[{"href":"https:\/\/agora.xtec.cat\/zerelcardener\/wp-json\/wp\/v2\/media?parent=1828"}],"wp:term":[{"taxonomy":"category","embeddable":true,"href":"https:\/\/agora.xtec.cat\/zerelcardener\/wp-json\/wp\/v2\/categories?post=1828"},{"taxonomy":"post_tag","embeddable":true,"href":"https:\/\/agora.xtec.cat\/zerelcardener\/wp-json\/wp\/v2\/tags?post=1828"}],"curies":[{"name":"wp","href":"https:\/\/api.w.org\/{rel}","templated":true}]}}