{"id":1822,"date":"2025-12-19T13:43:56","date_gmt":"2025-12-19T12:43:56","guid":{"rendered":"https:\/\/agora.xtec.cat\/zerelcardener\/?p=1822"},"modified":"2025-12-19T17:56:39","modified_gmt":"2025-12-19T16:56:39","slug":"bon-nadal","status":"publish","type":"post","link":"https:\/\/agora.xtec.cat\/zerelcardener\/general\/bon-nadal\/","title":{"rendered":"Bon Nadal"},"content":{"rendered":"<p style=\"text-align: center;\"><span style=\"font-weight: 400;\">\ud83c\udf84 <\/span><b>Bones Festes a tothom!<\/b><span style=\"font-weight: 400;\"> \ud83c\udf84<\/span><\/p>\n<p style=\"text-align: center;\"><span style=\"font-weight: 400;\">Les dues escoles de la ZER volem desitjar-vos unes molt bones festes a totes les nenes i nens, fam\u00edlies, mestres i a totes les persones que formen part del nostre dia a dia.<\/span><\/p>\n<p style=\"text-align: center;\"><span style=\"font-weight: 400;\">Gr\u00e0cies per caminar al nostre costat, per la confian\u00e7a, per donar un cop de m\u00e0 sempre que cal i per fer de l\u2019escola un espai tan acollidor i proper. Entre tots i totes fem possible una escola petita, per\u00f2 amb un cor molt gran.<\/span><\/p>\n<p style=\"text-align: center;\"><span style=\"font-weight: 400;\">Que aquests dies siguin plens de moments compartits, caliu de llar, rialles i il\u00b7lusi\u00f3. Ens tornarem a trobar despr\u00e9s de les vacances amb ganes i energies renovades.<\/span><\/p>\n<p style=\"text-align: center;\"><span style=\"font-weight: 400;\">\u2728 Bones festes i molt bon any nou! \u2728<\/span><\/p>\n<p><a href=\"https:\/\/agora.xtec.cat\/zerelcardener\/wp-content\/uploads\/usu1839\/2025\/12\/web.png\"><img loading=\"lazy\" decoding=\"async\" class=\"wp-image-1823 aligncenter\" src=\"https:\/\/agora.xtec.cat\/zerelcardener\/wp-content\/uploads\/usu1839\/2025\/12\/web.png\" alt=\"\" width=\"477\" height=\"451\" srcset=\"https:\/\/agora.xtec.cat\/zerelcardener\/wp-content\/uploads\/usu1839\/2025\/12\/web.png 752w, https:\/\/agora.xtec.cat\/zerelcardener\/wp-content\/uploads\/usu1839\/2025\/12\/web-300x284.png 300w\" sizes=\"auto, (max-width: 477px) 100vw, 477px\" \/><\/a><\/p>\n","protected":false},"excerpt":{"rendered":"<p>\ud83c\udf84 Bones Festes a tothom! \ud83c\udf84<br \/>\nLes dues escoles de la ZER volem desitjar-vos unes molt bones festes a totes les nenes i nens, fam\u00edlies, mestres i a totes les persones que formen part del nostre dia a dia.<br \/>\nGr\u00e0cies per caminar al nostre costat, per la&hellip;  <a href=\"https:\/\/agora.xtec.cat\/zerelcardener\/general\/bon-nadal\/\" title=\"Read Bon Nadal\">Llegeix m\u00e9s\u00bb<\/a><\/p>\n","protected":false},"author":1,"featured_media":1823,"comment_status":"open","ping_status":"open","sticky":false,"template":"","format":"standard","meta":{"footnotes":""},"categories":[127,1,29],"tags":[131,125],"class_list":["post-1822","post","type-post","status-publish","format-standard","has-post-thumbnail","hentry","category-curs-25-26","category-general","category-portada","tag-curs-25-26","tag-festes"],"post_mailing_queue_ids":[],"_links":{"self":[{"href":"https:\/\/agora.xtec.cat\/zerelcardener\/wp-json\/wp\/v2\/posts\/1822","targetHints":{"allow":["GET"]}}],"collection":[{"href":"https:\/\/agora.xtec.cat\/zerelcardener\/wp-json\/wp\/v2\/posts"}],"about":[{"href":"https:\/\/agora.xtec.cat\/zerelcardener\/wp-json\/wp\/v2\/types\/post"}],"author":[{"embeddable":true,"href":"https:\/\/agora.xtec.cat\/zerelcardener\/wp-json\/wp\/v2\/users\/1"}],"replies":[{"embeddable":true,"href":"https:\/\/agora.xtec.cat\/zerelcardener\/wp-json\/wp\/v2\/comments?post=1822"}],"version-history":[{"count":2,"href":"https:\/\/agora.xtec.cat\/zerelcardener\/wp-json\/wp\/v2\/posts\/1822\/revisions"}],"predecessor-version":[{"id":1825,"href":"https:\/\/agora.xtec.cat\/zerelcardener\/wp-json\/wp\/v2\/posts\/1822\/revisions\/1825"}],"wp:featuredmedia":[{"embeddable":true,"href":"https:\/\/agora.xtec.cat\/zerelcardener\/wp-json\/wp\/v2\/media\/1823"}],"wp:attachment":[{"href":"https:\/\/agora.xtec.cat\/zerelcardener\/wp-json\/wp\/v2\/media?parent=1822"}],"wp:term":[{"taxonomy":"category","embeddable":true,"href":"https:\/\/agora.xtec.cat\/zerelcardener\/wp-json\/wp\/v2\/categories?post=1822"},{"taxonomy":"post_tag","embeddable":true,"href":"https:\/\/agora.xtec.cat\/zerelcardener\/wp-json\/wp\/v2\/tags?post=1822"}],"curies":[{"name":"wp","href":"https:\/\/api.w.org\/{rel}","templated":true}]}}