{"id":1667,"date":"2025-01-24T10:14:22","date_gmt":"2025-01-24T09:14:22","guid":{"rendered":"https:\/\/agora.xtec.cat\/zerelcardener\/?p=1667"},"modified":"2025-10-24T01:02:58","modified_gmt":"2025-10-23T23:02:58","slug":"fundacio-joan-miro","status":"publish","type":"post","link":"https:\/\/agora.xtec.cat\/zerelcardener\/general\/fundacio-joan-miro\/","title":{"rendered":"Fundaci\u00f3 Joan Mir\u00f3"},"content":{"rendered":"<p>Aquest curs els infants de la ZER estem treballant un projecte art\u00edstic sobre Joan Mir\u00f3. \u00c9s per aix\u00f2 que vam fer una sortida a la Fundaci\u00f3 de Joan Mir\u00f3 de Barcelona. On vam poder veure moltes obres d&#8217;art de l&#8217;artista i ens van explicar moltes coses interessants de la seva vida!<\/p>\n<p><a href=\"https:\/\/agora.xtec.cat\/zerelcardener\/wp-content\/uploads\/usu1839\/2025\/01\/4de41242-0241-4f4c-ba60-12976a21db6d.jpg\"><img loading=\"lazy\" decoding=\"async\" class=\"aligncenter size-large wp-image-1668\" src=\"https:\/\/agora.xtec.cat\/zerelcardener\/wp-content\/uploads\/usu1839\/2025\/01\/4de41242-0241-4f4c-ba60-12976a21db6d-1024x780.jpg\" alt=\"\" width=\"1024\" height=\"780\" srcset=\"https:\/\/agora.xtec.cat\/zerelcardener\/wp-content\/uploads\/usu1839\/2025\/01\/4de41242-0241-4f4c-ba60-12976a21db6d-1024x780.jpg 1024w, https:\/\/agora.xtec.cat\/zerelcardener\/wp-content\/uploads\/usu1839\/2025\/01\/4de41242-0241-4f4c-ba60-12976a21db6d-300x229.jpg 300w, https:\/\/agora.xtec.cat\/zerelcardener\/wp-content\/uploads\/usu1839\/2025\/01\/4de41242-0241-4f4c-ba60-12976a21db6d-768x585.jpg 768w, https:\/\/agora.xtec.cat\/zerelcardener\/wp-content\/uploads\/usu1839\/2025\/01\/4de41242-0241-4f4c-ba60-12976a21db6d-1536x1170.jpg 1536w, https:\/\/agora.xtec.cat\/zerelcardener\/wp-content\/uploads\/usu1839\/2025\/01\/4de41242-0241-4f4c-ba60-12976a21db6d.jpg 1600w\" sizes=\"auto, (max-width: 1024px) 100vw, 1024px\" \/><\/a><\/p>\n","protected":false},"excerpt":{"rendered":"<p>Aquest curs els infants de la ZER estem treballant un projecte art\u00edstic sobre Joan Mir\u00f3. \u00c9s per aix\u00f2 que vam fer una sortida a la Fundaci\u00f3 de Joan Mir\u00f3 de Barcelona. On vam poder veure moltes obres d&#8217;art de l&#8217;artista i ens van explicar moltes&hellip;  <a href=\"https:\/\/agora.xtec.cat\/zerelcardener\/general\/fundacio-joan-miro\/\" title=\"Read Fundaci\u00f3 Joan Mir\u00f3\">Llegeix m\u00e9s\u00bb<\/a><\/p>\n","protected":false},"author":1,"featured_media":1668,"comment_status":"closed","ping_status":"closed","sticky":false,"template":"","format":"standard","meta":{"footnotes":""},"categories":[128,1,29],"tags":[],"class_list":["post-1667","post","type-post","status-publish","format-standard","has-post-thumbnail","hentry","category-curs-24-25","category-general","category-portada"],"post_mailing_queue_ids":[],"_links":{"self":[{"href":"https:\/\/agora.xtec.cat\/zerelcardener\/wp-json\/wp\/v2\/posts\/1667","targetHints":{"allow":["GET"]}}],"collection":[{"href":"https:\/\/agora.xtec.cat\/zerelcardener\/wp-json\/wp\/v2\/posts"}],"about":[{"href":"https:\/\/agora.xtec.cat\/zerelcardener\/wp-json\/wp\/v2\/types\/post"}],"author":[{"embeddable":true,"href":"https:\/\/agora.xtec.cat\/zerelcardener\/wp-json\/wp\/v2\/users\/1"}],"replies":[{"embeddable":true,"href":"https:\/\/agora.xtec.cat\/zerelcardener\/wp-json\/wp\/v2\/comments?post=1667"}],"version-history":[{"count":1,"href":"https:\/\/agora.xtec.cat\/zerelcardener\/wp-json\/wp\/v2\/posts\/1667\/revisions"}],"predecessor-version":[{"id":1669,"href":"https:\/\/agora.xtec.cat\/zerelcardener\/wp-json\/wp\/v2\/posts\/1667\/revisions\/1669"}],"wp:featuredmedia":[{"embeddable":true,"href":"https:\/\/agora.xtec.cat\/zerelcardener\/wp-json\/wp\/v2\/media\/1668"}],"wp:attachment":[{"href":"https:\/\/agora.xtec.cat\/zerelcardener\/wp-json\/wp\/v2\/media?parent=1667"}],"wp:term":[{"taxonomy":"category","embeddable":true,"href":"https:\/\/agora.xtec.cat\/zerelcardener\/wp-json\/wp\/v2\/categories?post=1667"},{"taxonomy":"post_tag","embeddable":true,"href":"https:\/\/agora.xtec.cat\/zerelcardener\/wp-json\/wp\/v2\/tags?post=1667"}],"curies":[{"name":"wp","href":"https:\/\/api.w.org\/{rel}","templated":true}]}}