{"id":1661,"date":"2024-12-15T13:01:08","date_gmt":"2024-12-15T12:01:08","guid":{"rendered":"https:\/\/agora.xtec.cat\/zerelcardener\/?p=1661"},"modified":"2025-10-24T01:03:47","modified_gmt":"2025-10-23T23:03:47","slug":"els-teatre-de-la-zer","status":"publish","type":"post","link":"https:\/\/agora.xtec.cat\/zerelcardener\/general\/els-teatre-de-la-zer\/","title":{"rendered":"Els teatres de la ZER"},"content":{"rendered":"<p>Benvolgudes i benvolguts,<\/p>\n<p>des de les dues escoles de la ZER estem preparant unes obres de teatre fant\u00e0stiques per acomiadar el primer trimestre. Aquest curs coincidim en tem\u00e0tica, totes i tots farem Els pastorets, per\u00f2 cadascuna de les escoles hi ha aportat un toc especial i personal.<\/p>\n<p>Aqu\u00ed us deixem els cartells de les dues obres que representarem el dijous 19 de desembre. Esperem que us agradin!<\/p>\n<p><a href=\"https:\/\/agora.xtec.cat\/zerelcardener\/wp-content\/uploads\/usu1839\/2024\/12\/Uns-pastorets-renovats-SE.jpg\"><img loading=\"lazy\" decoding=\"async\" class=\"aligncenter size-large wp-image-1663\" src=\"https:\/\/agora.xtec.cat\/zerelcardener\/wp-content\/uploads\/usu1839\/2024\/12\/Uns-pastorets-renovats-SE-1024x661.jpg\" alt=\"\" width=\"1024\" height=\"661\" srcset=\"https:\/\/agora.xtec.cat\/zerelcardener\/wp-content\/uploads\/usu1839\/2024\/12\/Uns-pastorets-renovats-SE-1024x661.jpg 1024w, https:\/\/agora.xtec.cat\/zerelcardener\/wp-content\/uploads\/usu1839\/2024\/12\/Uns-pastorets-renovats-SE-300x194.jpg 300w, https:\/\/agora.xtec.cat\/zerelcardener\/wp-content\/uploads\/usu1839\/2024\/12\/Uns-pastorets-renovats-SE-768x495.jpg 768w, https:\/\/agora.xtec.cat\/zerelcardener\/wp-content\/uploads\/usu1839\/2024\/12\/Uns-pastorets-renovats-SE-1536x991.jpg 1536w, https:\/\/agora.xtec.cat\/zerelcardener\/wp-content\/uploads\/usu1839\/2024\/12\/Uns-pastorets-renovats-SE.jpg 2048w\" sizes=\"auto, (max-width: 1024px) 100vw, 1024px\" \/><\/a><\/p>\n<p><a href=\"https:\/\/agora.xtec.cat\/zerelcardener\/wp-content\/uploads\/usu1839\/2024\/12\/Els-pastorets-Joanpalanencs-sense-petjades.png\"><img loading=\"lazy\" decoding=\"async\" class=\"aligncenter size-large wp-image-1662\" src=\"https:\/\/agora.xtec.cat\/zerelcardener\/wp-content\/uploads\/usu1839\/2024\/12\/Els-pastorets-Joanpalanencs-sense-petjades-1024x1024.png\" alt=\"\" width=\"1024\" height=\"1024\" srcset=\"https:\/\/agora.xtec.cat\/zerelcardener\/wp-content\/uploads\/usu1839\/2024\/12\/Els-pastorets-Joanpalanencs-sense-petjades-1024x1024.png 1024w, https:\/\/agora.xtec.cat\/zerelcardener\/wp-content\/uploads\/usu1839\/2024\/12\/Els-pastorets-Joanpalanencs-sense-petjades-300x300.png 300w, https:\/\/agora.xtec.cat\/zerelcardener\/wp-content\/uploads\/usu1839\/2024\/12\/Els-pastorets-Joanpalanencs-sense-petjades-150x150.png 150w, https:\/\/agora.xtec.cat\/zerelcardener\/wp-content\/uploads\/usu1839\/2024\/12\/Els-pastorets-Joanpalanencs-sense-petjades-768x768.png 768w, https:\/\/agora.xtec.cat\/zerelcardener\/wp-content\/uploads\/usu1839\/2024\/12\/Els-pastorets-Joanpalanencs-sense-petjades.png 1080w\" sizes=\"auto, (max-width: 1024px) 100vw, 1024px\" \/><\/a><\/p>\n","protected":false},"excerpt":{"rendered":"<p>Benvolgudes i benvolguts,<br \/>\ndes de les dues escoles de la ZER estem preparant unes obres de teatre fant\u00e0stiques per acomiadar el primer trimestre. Aquest curs coincidim en tem\u00e0tica, totes i tots farem Els pastorets, per\u00f2 cadascuna de les escoles hi ha aportat un toc especial i&hellip;  <a href=\"https:\/\/agora.xtec.cat\/zerelcardener\/general\/els-teatre-de-la-zer\/\" title=\"Read Els teatres de la ZER\">Llegeix m\u00e9s\u00bb<\/a><\/p>\n","protected":false},"author":1,"featured_media":1663,"comment_status":"closed","ping_status":"closed","sticky":false,"template":"","format":"standard","meta":{"footnotes":""},"categories":[128,1,29],"tags":[],"class_list":["post-1661","post","type-post","status-publish","format-standard","has-post-thumbnail","hentry","category-curs-24-25","category-general","category-portada"],"post_mailing_queue_ids":[],"_links":{"self":[{"href":"https:\/\/agora.xtec.cat\/zerelcardener\/wp-json\/wp\/v2\/posts\/1661","targetHints":{"allow":["GET"]}}],"collection":[{"href":"https:\/\/agora.xtec.cat\/zerelcardener\/wp-json\/wp\/v2\/posts"}],"about":[{"href":"https:\/\/agora.xtec.cat\/zerelcardener\/wp-json\/wp\/v2\/types\/post"}],"author":[{"embeddable":true,"href":"https:\/\/agora.xtec.cat\/zerelcardener\/wp-json\/wp\/v2\/users\/1"}],"replies":[{"embeddable":true,"href":"https:\/\/agora.xtec.cat\/zerelcardener\/wp-json\/wp\/v2\/comments?post=1661"}],"version-history":[{"count":2,"href":"https:\/\/agora.xtec.cat\/zerelcardener\/wp-json\/wp\/v2\/posts\/1661\/revisions"}],"predecessor-version":[{"id":1666,"href":"https:\/\/agora.xtec.cat\/zerelcardener\/wp-json\/wp\/v2\/posts\/1661\/revisions\/1666"}],"wp:featuredmedia":[{"embeddable":true,"href":"https:\/\/agora.xtec.cat\/zerelcardener\/wp-json\/wp\/v2\/media\/1663"}],"wp:attachment":[{"href":"https:\/\/agora.xtec.cat\/zerelcardener\/wp-json\/wp\/v2\/media?parent=1661"}],"wp:term":[{"taxonomy":"category","embeddable":true,"href":"https:\/\/agora.xtec.cat\/zerelcardener\/wp-json\/wp\/v2\/categories?post=1661"},{"taxonomy":"post_tag","embeddable":true,"href":"https:\/\/agora.xtec.cat\/zerelcardener\/wp-json\/wp\/v2\/tags?post=1661"}],"curies":[{"name":"wp","href":"https:\/\/api.w.org\/{rel}","templated":true}]}}