{"id":1604,"date":"2025-10-24T00:48:27","date_gmt":"2025-10-23T22:48:27","guid":{"rendered":"https:\/\/agora.xtec.cat\/zerelcardener\/?p=1604"},"modified":"2025-10-24T00:48:27","modified_gmt":"2025-10-23T22:48:27","slug":"carnaval","status":"publish","type":"post","link":"https:\/\/agora.xtec.cat\/zerelcardener\/general\/carnaval\/","title":{"rendered":"Carnaval"},"content":{"rendered":"<p>El passat 17 de febrer, les 2 escoles de la ZER el Cardener ens vam unir per tal de celebrar el carnaval. Aquest curs la nostra disfressa anava relacionada amb l&#8217;objectiu de l&#8217;agenda 2030 que estem treballant, una escola de qualitat.<\/p>\n<p>Al mat\u00ed vam anar a la rua de Cardona amb les altres escoles del poble, i a la tarda vam anar a l&#8217;escola Joan de Pal\u00e0 a compartir una estona de joc i conviv\u00e8ncia.<\/p>\n<p>Ens ho vam passar molt i molt b\u00e9!!<\/p>\n<p>&nbsp;<\/p>\n","protected":false},"excerpt":{"rendered":"<p>El passat 17 de febrer, les 2 escoles de la ZER el Cardener ens vam unir per tal de celebrar el carnaval. Aquest curs la nostra disfressa anava relacionada amb l&#8217;objectiu de l&#8217;agenda 2030 que estem treballant, una escola de qualitat.<br \/>\nAl mat\u00ed vam anar a&hellip;  <a href=\"https:\/\/agora.xtec.cat\/zerelcardener\/general\/carnaval\/\" title=\"Read Carnaval\">Llegeix m\u00e9s\u00bb<\/a><\/p>\n","protected":false},"author":1,"featured_media":0,"comment_status":"closed","ping_status":"closed","sticky":false,"template":"","format":"standard","meta":{"footnotes":""},"categories":[1],"tags":[],"class_list":["post-1604","post","type-post","status-publish","format-standard","hentry","category-general"],"post_mailing_queue_ids":[],"_links":{"self":[{"href":"https:\/\/agora.xtec.cat\/zerelcardener\/wp-json\/wp\/v2\/posts\/1604","targetHints":{"allow":["GET"]}}],"collection":[{"href":"https:\/\/agora.xtec.cat\/zerelcardener\/wp-json\/wp\/v2\/posts"}],"about":[{"href":"https:\/\/agora.xtec.cat\/zerelcardener\/wp-json\/wp\/v2\/types\/post"}],"author":[{"embeddable":true,"href":"https:\/\/agora.xtec.cat\/zerelcardener\/wp-json\/wp\/v2\/users\/1"}],"replies":[{"embeddable":true,"href":"https:\/\/agora.xtec.cat\/zerelcardener\/wp-json\/wp\/v2\/comments?post=1604"}],"version-history":[{"count":1,"href":"https:\/\/agora.xtec.cat\/zerelcardener\/wp-json\/wp\/v2\/posts\/1604\/revisions"}],"predecessor-version":[{"id":1606,"href":"https:\/\/agora.xtec.cat\/zerelcardener\/wp-json\/wp\/v2\/posts\/1604\/revisions\/1606"}],"wp:attachment":[{"href":"https:\/\/agora.xtec.cat\/zerelcardener\/wp-json\/wp\/v2\/media?parent=1604"}],"wp:term":[{"taxonomy":"category","embeddable":true,"href":"https:\/\/agora.xtec.cat\/zerelcardener\/wp-json\/wp\/v2\/categories?post=1604"},{"taxonomy":"post_tag","embeddable":true,"href":"https:\/\/agora.xtec.cat\/zerelcardener\/wp-json\/wp\/v2\/tags?post=1604"}],"curies":[{"name":"wp","href":"https:\/\/api.w.org\/{rel}","templated":true}]}}