{"id":1487,"date":"2021-11-30T13:30:16","date_gmt":"2021-11-30T12:30:16","guid":{"rendered":"https:\/\/agora.xtec.cat\/zerelcardener\/?p=1487"},"modified":"2025-10-24T00:40:02","modified_gmt":"2025-10-23T22:40:02","slug":"fira-de-tardor-i-castanyada","status":"publish","type":"post","link":"https:\/\/agora.xtec.cat\/zerelcardener\/general\/fira-de-tardor-i-castanyada\/","title":{"rendered":"Fira de tardor i Castanyada"},"content":{"rendered":"<p>Les dues escoles de la\u00a0<span class=\"hiddenSpellError\">ZER<\/span>\u00a0han celebrat l&#8217;equinocci de tardor com ja \u00e9s tradici\u00f3. Mireu, mireu&#8230;<\/p>\n<p>A la nostra escola, a la dels\u00a0<span class=\"hiddenSpellError\">Estevets<\/span>, s&#8217;ha celebrat la V Fira de la Tardor. Enguany ha sigut una festa esperada per tots i totes perqu\u00e8 l&#8217;any passat no es va poder celebrar. I tot i que hem tingut restriccions, ho hem celebrat amb mola il\u00b7lusi\u00f3.<br \/>\nLes\u00a0<span class=\"hiddenGreenError\">manualitats<\/span>\u00a0fetes per cada classe es va vendre de seguida! Amics i familiars van visitar les nostres paradetes i nosaltres els vam fer de botiguers! La veritat \u00e9s que aix\u00f2 ens encanta. Cada classe s&#8217;organitza perqu\u00e8 tothom ho pugui fer.<br \/>\nTots els pares i mares varen participar fent pastissos bon\u00edssims i torrant les castanyes. Ah, i els panellets que v\u00e0rem fer a cada classe van quedar bon\u00edssims!<br \/>\nEn definitiva, dies de can\u00e7ons, de poemes, de fires, de sortides al bosc, de contes, etc. Ens han fet reviure de nou com cada any la TARDOR!<br \/>\nEp, i si voleuvisitar la nostra web hi\u00a0<span class=\"hiddenGreenError\" style=\"padding-bottom: 2px; background-image: url('..\/..\/..\/..\/..\/images\/squiggle_green.png'); background-repeat: repeat-x; background-position: left bottom; cursor: default; color: #000000; font-family: 'Open Sans', Helvetica, Arial, sans-serif; font-size: 16px; font-style: normal; font-variant-ligatures: normal; font-variant-caps: normal; font-weight: 300; letter-spacing: normal; orphans: 2; text-align: start; text-indent: 0px; text-transform: none; white-space: normal; widows: 2; word-spacing: 0px; -webkit-text-stroke-width: 0px; text-decoration-thickness: initial; text-decoration-style: initial; text-decoration-color: initial;\">trobareu<\/span>\u00a0els anuncis que les Guineus vam fer per aquells dies! Ens va agradar molt fer-los!<\/p>\n<p>A l&#8217;escola Joan de\u00a0<span class=\"hiddenSpellError\">Pal\u00e0<\/span>\u00a0tot l&#8217;alumnat hem viscut la tardor amb diferents celebracions i actes. El dijous dia 28 d&#8217;octubre tots els nens i nenes de l&#8217;escola ens v\u00e0rem agrupar per preparar uns panellets deliciosos de diferents formes, colors i gustos. L&#8217;endem\u00e0 ens els vam emportar amb carmanyoles cap a casa per compartir-los i menjar-nos-els amb la fam\u00edlia. Tamb\u00e9 v\u00e0rem aprofitar l&#8217;estona per preparar l&#8217;esmorzar del divendres dia 29, dia ben complet!<br \/>\nLa celebraci\u00f3 de la Castanyada va venir acompanyada de dues activitats que ja portem fent alguns cursos. Al mat\u00ed v\u00e0rem realitzar per primer cop &#8220;l&#8217;oficial&#8221; Itinerari literari de natura, inaugurat a finals del curs passat. Durant la passejada v\u00e0rem aprofitar per recollir tota mena de deixalles que embruten l&#8217;entorn i contaminen la natura. A la font de la\u00a0<span class=\"hiddenSpellError\">Carosa<\/span> v\u00e0rem parar per esmorzar uns pans de pessic bon\u00edssims, preparats amb ingredients ben saludables i poc refinats. La culminaci\u00f3 de la festa va ser durant la tarda&#8230; A l&#8217;escola ens va venir a veure una castanyera ben eixerida! Va voler escoltar unes can\u00e7ons que hav\u00edem preparat durant les hores de m\u00fasica, poemes diversos preparats pels diferents grups d&#8217;alumnat de l&#8217;escola, una petita dansa de tardor i vam acabar menjant castanyes tots plegats al pati. Aqu\u00ed us deixem algunes fotos.<\/p>\n\n<p>&nbsp;<\/p>\n<p>&nbsp;<\/p>\n<p>&nbsp;<\/p>\n<p>&nbsp;<\/p>\n","protected":false},"excerpt":{"rendered":"<p>Les dues escoles de la\u00a0ZER\u00a0han celebrat l&#8217;equinocci de tardor com ja \u00e9s tradici\u00f3. Mireu, mireu&#8230;<br \/>\nA la nostra escola, a la dels\u00a0Estevets, s&#8217;ha celebrat la V Fira de la Tardor. Enguany ha sigut una festa esperada per tots i totes perqu\u00e8 l&#8217;any passat no es va&hellip;  <a href=\"https:\/\/agora.xtec.cat\/zerelcardener\/general\/fira-de-tardor-i-castanyada\/\" title=\"Read Fira de tardor i Castanyada\">Llegeix m\u00e9s\u00bb<\/a><\/p>\n","protected":false},"author":1,"featured_media":1507,"comment_status":"closed","ping_status":"closed","sticky":false,"template":"","format":"standard","meta":{"footnotes":""},"categories":[1,29],"tags":[],"class_list":["post-1487","post","type-post","status-publish","format-standard","has-post-thumbnail","hentry","category-general","category-portada"],"post_mailing_queue_ids":[],"_links":{"self":[{"href":"https:\/\/agora.xtec.cat\/zerelcardener\/wp-json\/wp\/v2\/posts\/1487","targetHints":{"allow":["GET"]}}],"collection":[{"href":"https:\/\/agora.xtec.cat\/zerelcardener\/wp-json\/wp\/v2\/posts"}],"about":[{"href":"https:\/\/agora.xtec.cat\/zerelcardener\/wp-json\/wp\/v2\/types\/post"}],"author":[{"embeddable":true,"href":"https:\/\/agora.xtec.cat\/zerelcardener\/wp-json\/wp\/v2\/users\/1"}],"replies":[{"embeddable":true,"href":"https:\/\/agora.xtec.cat\/zerelcardener\/wp-json\/wp\/v2\/comments?post=1487"}],"version-history":[{"count":3,"href":"https:\/\/agora.xtec.cat\/zerelcardener\/wp-json\/wp\/v2\/posts\/1487\/revisions"}],"predecessor-version":[{"id":1512,"href":"https:\/\/agora.xtec.cat\/zerelcardener\/wp-json\/wp\/v2\/posts\/1487\/revisions\/1512"}],"wp:featuredmedia":[{"embeddable":true,"href":"https:\/\/agora.xtec.cat\/zerelcardener\/wp-json\/wp\/v2\/media\/1507"}],"wp:attachment":[{"href":"https:\/\/agora.xtec.cat\/zerelcardener\/wp-json\/wp\/v2\/media?parent=1487"}],"wp:term":[{"taxonomy":"category","embeddable":true,"href":"https:\/\/agora.xtec.cat\/zerelcardener\/wp-json\/wp\/v2\/categories?post=1487"},{"taxonomy":"post_tag","embeddable":true,"href":"https:\/\/agora.xtec.cat\/zerelcardener\/wp-json\/wp\/v2\/tags?post=1487"}],"curies":[{"name":"wp","href":"https:\/\/api.w.org\/{rel}","templated":true}]}}