{"id":1464,"date":"2021-10-01T16:22:16","date_gmt":"2021-10-01T14:22:16","guid":{"rendered":"https:\/\/agora.xtec.cat\/zerelcardener\/?p=1464"},"modified":"2021-10-01T16:25:18","modified_gmt":"2021-10-01T14:25:18","slug":"pla-de-reobertura-de-la-zer-el-cardener-2","status":"publish","type":"post","link":"https:\/\/agora.xtec.cat\/zerelcardener\/general\/pla-de-reobertura-de-la-zer-el-cardener-2\/","title":{"rendered":"Pla de Reobertura de la ZER el Cardener"},"content":{"rendered":"<p>Acabem d&#8217;iniciar un nou curs escolar que continua estant marcat per la Covid-19. Des de la direcci\u00f3 de la ZER el Cardener i amb coordinaci\u00f3 amb les direccions de les 2 escoles que en formen part, s\u2019ha elaborat el Pla de Reobertura de la ZER on hi ha recollits els principis b\u00e0sics de prevenci\u00f3, higiene i promoci\u00f3 de la salut per tal de minimitzar els possibles contagis d\u2019aquesta pand\u00e8mia i les actuacions a dur\u00a0 terme en cas d\u2019un possible confinament i haver de rec\u00f3rrer a una modalitat telem\u00e0tica. \u00c9s un document que pot anar canviant segons l\u2019evoluci\u00f3 de la pand\u00e8mia i les necessitats que es vagin observant als 2 centres.<\/p>\n<p><a href=\"https:\/\/agora.xtec.cat\/zerelcardener\/wp-content\/uploads\/usu1839\/2021\/10\/PLA-REOBERTURA-ZER-CARDENER-21-22.pdf\">PLA REOBERTURA ZER CARDENER 21-22<\/a><\/p>\n","protected":false},"excerpt":{"rendered":"<p>Acabem d&#8217;iniciar un nou curs escolar que continua estant marcat per la Covid-19. Des de la direcci\u00f3 de la ZER el Cardener i amb coordinaci\u00f3 amb les direccions de les 2 escoles que en formen part, s\u2019ha elaborat el Pla de Reobertura de la ZER&hellip;  <a href=\"https:\/\/agora.xtec.cat\/zerelcardener\/general\/pla-de-reobertura-de-la-zer-el-cardener-2\/\" title=\"Read Pla de Reobertura de la ZER el Cardener\">Llegeix m\u00e9s\u00bb<\/a><\/p>\n","protected":false},"author":1,"featured_media":0,"comment_status":"closed","ping_status":"closed","sticky":false,"template":"","format":"standard","meta":{"footnotes":""},"categories":[1,114,29],"tags":[],"class_list":["post-1464","post","type-post","status-publish","format-standard","hentry","category-general","category-noticies","category-portada"],"post_mailing_queue_ids":[],"_links":{"self":[{"href":"https:\/\/agora.xtec.cat\/zerelcardener\/wp-json\/wp\/v2\/posts\/1464","targetHints":{"allow":["GET"]}}],"collection":[{"href":"https:\/\/agora.xtec.cat\/zerelcardener\/wp-json\/wp\/v2\/posts"}],"about":[{"href":"https:\/\/agora.xtec.cat\/zerelcardener\/wp-json\/wp\/v2\/types\/post"}],"author":[{"embeddable":true,"href":"https:\/\/agora.xtec.cat\/zerelcardener\/wp-json\/wp\/v2\/users\/1"}],"replies":[{"embeddable":true,"href":"https:\/\/agora.xtec.cat\/zerelcardener\/wp-json\/wp\/v2\/comments?post=1464"}],"version-history":[{"count":1,"href":"https:\/\/agora.xtec.cat\/zerelcardener\/wp-json\/wp\/v2\/posts\/1464\/revisions"}],"predecessor-version":[{"id":1466,"href":"https:\/\/agora.xtec.cat\/zerelcardener\/wp-json\/wp\/v2\/posts\/1464\/revisions\/1466"}],"wp:attachment":[{"href":"https:\/\/agora.xtec.cat\/zerelcardener\/wp-json\/wp\/v2\/media?parent=1464"}],"wp:term":[{"taxonomy":"category","embeddable":true,"href":"https:\/\/agora.xtec.cat\/zerelcardener\/wp-json\/wp\/v2\/categories?post=1464"},{"taxonomy":"post_tag","embeddable":true,"href":"https:\/\/agora.xtec.cat\/zerelcardener\/wp-json\/wp\/v2\/tags?post=1464"}],"curies":[{"name":"wp","href":"https:\/\/api.w.org\/{rel}","templated":true}]}}