{"id":1437,"date":"2021-06-21T16:02:37","date_gmt":"2021-06-21T14:02:37","guid":{"rendered":"http:\/\/agora.xtec.cat\/zerelcardener\/?p=1437"},"modified":"2021-06-21T16:10:19","modified_gmt":"2021-06-21T14:10:19","slug":"colonies-zer-el-cardener","status":"publish","type":"post","link":"https:\/\/agora.xtec.cat\/zerelcardener\/general\/colonies-zer-el-cardener\/","title":{"rendered":"Col\u00f2nies ZER el Cardener"},"content":{"rendered":"<p>Arribem a final de curs. Semblava que no podia ser, per\u00f2 finalment hem aconseguit fer algunes sortides i col\u00f2nies. Per\u00f2 aquest any -degut a la pand\u00e8mia- no ens hem pogut ajuntar els i les alumnes de les escoles de la ZER. Us expliquem una mica on ha anat cada classe i us deixem unes imatges ben xules.<\/p>\n<p><em><strong>COL\u00d2NIES EI i CI CAN BAJONA (JP)<\/strong><\/em><\/p>\n<p><span style=\"font-weight: 400;\">Els i les <\/span><b>Bum-Bums<\/b><span style=\"font-weight: 400;\"> i<\/span> <span style=\"font-weight: 400;\">les<\/span><b> Vitamines<\/b><span style=\"font-weight: 400;\"> d\u2019EI i CI van anar a la casa de col\u00f2nies de Can Bajona, a Clariana del Cardener. Van pujar a un carro i van fer una passejada molt bonica. Tamb\u00e9 van fer activitats de granja on van poder veure i tocar molts animals: cavalls, gallines,\u00a0 cabres, conills, ovelles\u2026. El que m\u00e9s els va agradar va ser banyar-se a la piscina tots junts! Per la nit van ballar a la discoteca i va ser molt divertit!\u00a0<\/span><\/p>\n<p>Els encantaria tornar-hi!<\/p>\n<p><a href=\"https:\/\/agora.xtec.cat\/zerelcardener\/wp-content\/uploads\/usu1839\/2021\/06\/COL\u00d2NIES-EI-CI-JP.jpg\"><img loading=\"lazy\" decoding=\"async\" class=\"alignnone wp-image-1440\" src=\"https:\/\/agora.xtec.cat\/zerelcardener\/wp-content\/uploads\/usu1839\/2021\/06\/COL\u00d2NIES-EI-CI-JP-300x225.jpg\" alt=\"\" width=\"354\" height=\"266\" srcset=\"https:\/\/agora.xtec.cat\/zerelcardener\/wp-content\/uploads\/usu1839\/2021\/06\/COL\u00d2NIES-EI-CI-JP-300x225.jpg 300w, https:\/\/agora.xtec.cat\/zerelcardener\/wp-content\/uploads\/usu1839\/2021\/06\/COL\u00d2NIES-EI-CI-JP-768x576.jpg 768w, https:\/\/agora.xtec.cat\/zerelcardener\/wp-content\/uploads\/usu1839\/2021\/06\/COL\u00d2NIES-EI-CI-JP-1024x768.jpg 1024w, https:\/\/agora.xtec.cat\/zerelcardener\/wp-content\/uploads\/usu1839\/2021\/06\/COL\u00d2NIES-EI-CI-JP-200x150.jpg 200w, https:\/\/agora.xtec.cat\/zerelcardener\/wp-content\/uploads\/usu1839\/2021\/06\/COL\u00d2NIES-EI-CI-JP.jpg 1080w\" sizes=\"auto, (max-width: 354px) 100vw, 354px\" \/><\/a><a href=\"https:\/\/agora.xtec.cat\/zerelcardener\/wp-content\/uploads\/usu1839\/2021\/06\/COL\u00d2NIES-EI-I-CI-2.jpg\"><img loading=\"lazy\" decoding=\"async\" class=\"size-medium wp-image-1439 alignleft\" src=\"https:\/\/agora.xtec.cat\/zerelcardener\/wp-content\/uploads\/usu1839\/2021\/06\/COL\u00d2NIES-EI-I-CI-2-225x300.jpg\" alt=\"\" width=\"225\" height=\"300\" srcset=\"https:\/\/agora.xtec.cat\/zerelcardener\/wp-content\/uploads\/usu1839\/2021\/06\/COL\u00d2NIES-EI-I-CI-2-225x300.jpg 225w, https:\/\/agora.xtec.cat\/zerelcardener\/wp-content\/uploads\/usu1839\/2021\/06\/COL\u00d2NIES-EI-I-CI-2-768x1024.jpg 768w, https:\/\/agora.xtec.cat\/zerelcardener\/wp-content\/uploads\/usu1839\/2021\/06\/COL\u00d2NIES-EI-I-CI-2.jpg 1500w\" sizes=\"auto, (max-width: 225px) 100vw, 225px\" \/><\/a><\/p>\n<p>&nbsp;<\/p>\n<p>&nbsp;<\/p>\n<p><strong><em>SORTIDA EDUCACI\u00d3 INFANTIL (SE)<\/em><\/strong><\/p>\n<p><span style=\"font-weight: 400;\">Les classes dels <\/span><b>Tutti frutti i les Pomes<\/b><span style=\"font-weight: 400;\"> d\u2019EI han treballat a l\u2019escola el projecte dels dinosaures; per aix\u00f2 van fer una sortida a Dinosfera de Coll de Narg\u00f3. Van fer un taller d\u2019empremtes de dino de fang, relacionades amb els f\u00f2ssils. Tamb\u00e9 van fer un recorregut guiat pel museu. Van fer una ruta pel cam\u00ed d\u2019Arenys que envolta el pant\u00e0 d\u2019Oliana. Els nens i nenes van poder fer de paleont\u00f2legs buscant f\u00f2ssils.<\/span><\/p>\n<p><span style=\"font-weight: 400;\">S\u2019ho van passar genial!\u00a0<\/span><\/p>\n<p><a href=\"https:\/\/agora.xtec.cat\/zerelcardener\/wp-content\/uploads\/usu1839\/2021\/06\/COL\u00d2NIES-EI-SE-1-min.jpg\"><img loading=\"lazy\" decoding=\"async\" class=\"size-medium wp-image-1443 alignleft\" src=\"https:\/\/agora.xtec.cat\/zerelcardener\/wp-content\/uploads\/usu1839\/2021\/06\/COL\u00d2NIES-EI-SE-1-min-300x225.jpg\" alt=\"\" width=\"300\" height=\"225\" srcset=\"https:\/\/agora.xtec.cat\/zerelcardener\/wp-content\/uploads\/usu1839\/2021\/06\/COL\u00d2NIES-EI-SE-1-min-300x225.jpg 300w, https:\/\/agora.xtec.cat\/zerelcardener\/wp-content\/uploads\/usu1839\/2021\/06\/COL\u00d2NIES-EI-SE-1-min-768x576.jpg 768w, https:\/\/agora.xtec.cat\/zerelcardener\/wp-content\/uploads\/usu1839\/2021\/06\/COL\u00d2NIES-EI-SE-1-min-1024x768.jpg 1024w, https:\/\/agora.xtec.cat\/zerelcardener\/wp-content\/uploads\/usu1839\/2021\/06\/COL\u00d2NIES-EI-SE-1-min-200x150.jpg 200w\" sizes=\"auto, (max-width: 300px) 100vw, 300px\" \/><\/a> <a href=\"https:\/\/agora.xtec.cat\/zerelcardener\/wp-content\/uploads\/usu1839\/2021\/06\/COL\u00d2NIES-EI-SE-2-min.jpg\"><img loading=\"lazy\" decoding=\"async\" class=\"aligncenter size-medium wp-image-1444\" src=\"https:\/\/agora.xtec.cat\/zerelcardener\/wp-content\/uploads\/usu1839\/2021\/06\/COL\u00d2NIES-EI-SE-2-min-300x225.jpg\" alt=\"\" width=\"300\" height=\"225\" srcset=\"https:\/\/agora.xtec.cat\/zerelcardener\/wp-content\/uploads\/usu1839\/2021\/06\/COL\u00d2NIES-EI-SE-2-min-300x225.jpg 300w, https:\/\/agora.xtec.cat\/zerelcardener\/wp-content\/uploads\/usu1839\/2021\/06\/COL\u00d2NIES-EI-SE-2-min-768x576.jpg 768w, https:\/\/agora.xtec.cat\/zerelcardener\/wp-content\/uploads\/usu1839\/2021\/06\/COL\u00d2NIES-EI-SE-2-min-1024x768.jpg 1024w, https:\/\/agora.xtec.cat\/zerelcardener\/wp-content\/uploads\/usu1839\/2021\/06\/COL\u00d2NIES-EI-SE-2-min-200x150.jpg 200w\" sizes=\"auto, (max-width: 300px) 100vw, 300px\" \/><\/a><\/p>\n<p>&nbsp;<\/p>\n<p><strong><em>COL\u00d2NIES CI (SE)<\/em><\/strong><\/p>\n<p><span style=\"font-weight: 400;\">Els <\/span><b>Fredolics <\/b><span style=\"font-weight: 400;\">van anar de col\u00f2nies al C\u00e0mping Cal Parad\u00eds de Salo. Van dormir en tendes de campanya i els va agradar molt\u00edssim. Fins i tot van fer-se el menjar de tots els \u00e0pats ells mateixos i va ser tot un aprenentatge. Van poder banyar-se i gaudir de la piscina i tamb\u00e9 van fer moltes activitats i jocs per dins del c\u00e0mping.\u00a0<\/span><\/p>\n<p><span style=\"font-weight: 400;\">Va ser una gran experi\u00e8ncia!<\/span><\/p>\n<p><a href=\"https:\/\/agora.xtec.cat\/zerelcardener\/wp-content\/uploads\/usu1839\/2021\/06\/CI-SE-1.jpeg\"><img loading=\"lazy\" decoding=\"async\" class=\"size-medium wp-image-1445 alignleft\" src=\"https:\/\/agora.xtec.cat\/zerelcardener\/wp-content\/uploads\/usu1839\/2021\/06\/CI-SE-1-300x225.jpeg\" alt=\"\" width=\"300\" height=\"225\" srcset=\"https:\/\/agora.xtec.cat\/zerelcardener\/wp-content\/uploads\/usu1839\/2021\/06\/CI-SE-1-300x225.jpeg 300w, https:\/\/agora.xtec.cat\/zerelcardener\/wp-content\/uploads\/usu1839\/2021\/06\/CI-SE-1-768x576.jpeg 768w, https:\/\/agora.xtec.cat\/zerelcardener\/wp-content\/uploads\/usu1839\/2021\/06\/CI-SE-1-1024x768.jpeg 1024w, https:\/\/agora.xtec.cat\/zerelcardener\/wp-content\/uploads\/usu1839\/2021\/06\/CI-SE-1-200x150.jpeg 200w, https:\/\/agora.xtec.cat\/zerelcardener\/wp-content\/uploads\/usu1839\/2021\/06\/CI-SE-1.jpeg 1600w\" sizes=\"auto, (max-width: 300px) 100vw, 300px\" \/><\/a><\/p>\n<p><a href=\"https:\/\/agora.xtec.cat\/zerelcardener\/wp-content\/uploads\/usu1839\/2021\/06\/CI-SE-2.jpeg\"><img loading=\"lazy\" decoding=\"async\" class=\"aligncenter size-medium wp-image-1446\" src=\"https:\/\/agora.xtec.cat\/zerelcardener\/wp-content\/uploads\/usu1839\/2021\/06\/CI-SE-2-300x224.jpeg\" alt=\"\" width=\"300\" height=\"224\" srcset=\"https:\/\/agora.xtec.cat\/zerelcardener\/wp-content\/uploads\/usu1839\/2021\/06\/CI-SE-2-300x224.jpeg 300w, https:\/\/agora.xtec.cat\/zerelcardener\/wp-content\/uploads\/usu1839\/2021\/06\/CI-SE-2-768x575.jpeg 768w, https:\/\/agora.xtec.cat\/zerelcardener\/wp-content\/uploads\/usu1839\/2021\/06\/CI-SE-2-1024x766.jpeg 1024w, https:\/\/agora.xtec.cat\/zerelcardener\/wp-content\/uploads\/usu1839\/2021\/06\/CI-SE-2-200x150.jpeg 200w, https:\/\/agora.xtec.cat\/zerelcardener\/wp-content\/uploads\/usu1839\/2021\/06\/CI-SE-2.jpeg 2048w\" sizes=\"auto, (max-width: 300px) 100vw, 300px\" \/><\/a><\/p>\n<p>&nbsp;<\/p>\n<p><em><strong>COL\u00d2NIES CM CAN BAJONA (JP)<\/strong><\/em><\/p>\n<p><span style=\"font-weight: 400;\">Els i les <\/span><b>Arreglaemocions<\/b><span style=\"font-weight: 400;\"> de CM hem anat a la casa de col\u00f2nies de Can Bajona, a La Clariana del Cardener i ens ho hem passat molt b\u00e9. Vam anar a un parc d\u2019aventures, vam fer un joc d&#8217;orientaci\u00f3 i fins i tot ens vam banyar a la piscina. Per la nit vam ballar a la discoteca i va ser molt xuli! Tamb\u00e9 vam veure els animals de la granja i ens van agradar molt; hi havia molts tipus d\u2019animals: cavalls, gallines, vaques, faisans, cabres, conills, ovelles i un \u00f3s rentador.\u00a0<\/span><\/p>\n<p><span style=\"font-weight: 400;\">Ens ho vam passar genial!<\/span><\/p>\n<p><a href=\"https:\/\/agora.xtec.cat\/zerelcardener\/wp-content\/uploads\/usu1839\/2021\/06\/COL\u00d2NIES-CM-JP-1-min.jpg\"><img loading=\"lazy\" decoding=\"async\" class=\" wp-image-1447 alignleft\" src=\"https:\/\/agora.xtec.cat\/zerelcardener\/wp-content\/uploads\/usu1839\/2021\/06\/COL\u00d2NIES-CM-JP-1-min-300x225.jpg\" alt=\"\" width=\"356\" height=\"267\" srcset=\"https:\/\/agora.xtec.cat\/zerelcardener\/wp-content\/uploads\/usu1839\/2021\/06\/COL\u00d2NIES-CM-JP-1-min-300x225.jpg 300w, https:\/\/agora.xtec.cat\/zerelcardener\/wp-content\/uploads\/usu1839\/2021\/06\/COL\u00d2NIES-CM-JP-1-min-768x576.jpg 768w, https:\/\/agora.xtec.cat\/zerelcardener\/wp-content\/uploads\/usu1839\/2021\/06\/COL\u00d2NIES-CM-JP-1-min-1024x768.jpg 1024w, https:\/\/agora.xtec.cat\/zerelcardener\/wp-content\/uploads\/usu1839\/2021\/06\/COL\u00d2NIES-CM-JP-1-min-200x150.jpg 200w\" sizes=\"auto, (max-width: 356px) 100vw, 356px\" \/><\/a> <a href=\"https:\/\/agora.xtec.cat\/zerelcardener\/wp-content\/uploads\/usu1839\/2021\/06\/COL\u00d2NIES-CM-JP-2-min.jpg\"><img loading=\"lazy\" decoding=\"async\" class=\"aligncenter size-medium wp-image-1448\" src=\"https:\/\/agora.xtec.cat\/zerelcardener\/wp-content\/uploads\/usu1839\/2021\/06\/COL\u00d2NIES-CM-JP-2-min-225x300.jpg\" alt=\"\" width=\"225\" height=\"300\" srcset=\"https:\/\/agora.xtec.cat\/zerelcardener\/wp-content\/uploads\/usu1839\/2021\/06\/COL\u00d2NIES-CM-JP-2-min-225x300.jpg 225w, https:\/\/agora.xtec.cat\/zerelcardener\/wp-content\/uploads\/usu1839\/2021\/06\/COL\u00d2NIES-CM-JP-2-min-768x1024.jpg 768w\" sizes=\"auto, (max-width: 225px) 100vw, 225px\" \/><\/a><\/p>\n<p>&nbsp;<\/p>\n<p><strong><em>COL\u00d2NIES CM (SE)<\/em><\/strong><\/p>\n<p><span style=\"font-weight: 400;\">Els <\/span><b>Pl\u00e0tans<\/b><span style=\"font-weight: 400;\"> i les <\/span><b>Llimones<\/b><span style=\"font-weight: 400;\"> van fer una travessa a peu. La idea inicial era anar de S\u00faria a Castelltallat caminant, visitar l&#8217;observatori astron\u00f2mic i passar la nit all\u00e0. Per\u00f2 quan eren a un parell de quil\u00f2metres de l&#8217;observatori, va comen\u00e7ar a diluviar i van acabar d&#8217;arribar com van poder. Un cop a dalt, les fam\u00edlies els van anar a buscar i els van portar a l\u2019escola, on hi van passar la nit. L&#8217;endem\u00e0 van anar caminant fins a S\u00faria on van acabar amb un pica-pica a l&#8217;exterior amb els nens, nenes i fam\u00edlies.<\/span><\/p>\n<p><span style=\"font-weight: 400;\">Tot i el mal temps, s\u2019emporten una bona experi\u00e8ncia!<\/span><\/p>\n<p><a href=\"https:\/\/agora.xtec.cat\/zerelcardener\/wp-content\/uploads\/usu1839\/2021\/06\/Col\u00f2nies-CM-SE-2.jpg\"><img loading=\"lazy\" decoding=\"async\" class=\"size-medium wp-image-1449 alignleft\" src=\"https:\/\/agora.xtec.cat\/zerelcardener\/wp-content\/uploads\/usu1839\/2021\/06\/Col\u00f2nies-CM-SE-2-300x225.jpg\" alt=\"\" width=\"300\" height=\"225\" srcset=\"https:\/\/agora.xtec.cat\/zerelcardener\/wp-content\/uploads\/usu1839\/2021\/06\/Col\u00f2nies-CM-SE-2-300x225.jpg 300w, https:\/\/agora.xtec.cat\/zerelcardener\/wp-content\/uploads\/usu1839\/2021\/06\/Col\u00f2nies-CM-SE-2-768x576.jpg 768w, https:\/\/agora.xtec.cat\/zerelcardener\/wp-content\/uploads\/usu1839\/2021\/06\/Col\u00f2nies-CM-SE-2-1024x768.jpg 1024w, https:\/\/agora.xtec.cat\/zerelcardener\/wp-content\/uploads\/usu1839\/2021\/06\/Col\u00f2nies-CM-SE-2-200x150.jpg 200w, https:\/\/agora.xtec.cat\/zerelcardener\/wp-content\/uploads\/usu1839\/2021\/06\/Col\u00f2nies-CM-SE-2.jpg 1600w\" sizes=\"auto, (max-width: 300px) 100vw, 300px\" \/><\/a><\/p>\n<p><a href=\"https:\/\/agora.xtec.cat\/zerelcardener\/wp-content\/uploads\/usu1839\/2021\/06\/Foto-CM-SE-1.jpg\"><img loading=\"lazy\" decoding=\"async\" class=\"aligncenter size-medium wp-image-1450\" src=\"https:\/\/agora.xtec.cat\/zerelcardener\/wp-content\/uploads\/usu1839\/2021\/06\/Foto-CM-SE-1-300x225.jpg\" alt=\"\" width=\"300\" height=\"225\" srcset=\"https:\/\/agora.xtec.cat\/zerelcardener\/wp-content\/uploads\/usu1839\/2021\/06\/Foto-CM-SE-1-300x225.jpg 300w, https:\/\/agora.xtec.cat\/zerelcardener\/wp-content\/uploads\/usu1839\/2021\/06\/Foto-CM-SE-1-768x576.jpg 768w, https:\/\/agora.xtec.cat\/zerelcardener\/wp-content\/uploads\/usu1839\/2021\/06\/Foto-CM-SE-1-1024x768.jpg 1024w, https:\/\/agora.xtec.cat\/zerelcardener\/wp-content\/uploads\/usu1839\/2021\/06\/Foto-CM-SE-1-200x150.jpg 200w, https:\/\/agora.xtec.cat\/zerelcardener\/wp-content\/uploads\/usu1839\/2021\/06\/Foto-CM-SE-1.jpg 1600w\" sizes=\"auto, (max-width: 300px) 100vw, 300px\" \/><\/a><\/p>\n<p>&nbsp;<\/p>\n<p><strong><em>COL\u00d2NIES PORT DEL COMTE\u00a0 CS (JP)<\/em><\/strong><\/p>\n<p><span style=\"font-weight: 400;\">Els i les <\/span><b>Lakers<\/b><span style=\"font-weight: 400;\"> de CS van anar al Port del Comte de col\u00f2nies. Van\u00a0 fer activitats guap\u00edssimes. Van poder fer diversos circuits formats per ponts penjants, tirolines i molts m\u00e9s reptes. Amb el roc\u00f2drom van demostrar la seva destresa, tot escalant fins a 15 metres. Per acabar el dia, van fer tir amb arc. Tamb\u00e9 van fer cursa d\u2019orientaci\u00f3 i tubbies, on van lliscar de manera molt divertida damunt d\u2019uns \u201cdonuts\u201d. El joc de nit i la discoteca tamb\u00e9 va estar molt b\u00e9.\u00a0<\/span><\/p>\n<p><span style=\"font-weight: 400;\">Tot va ser fant\u00e0stic i molt divertit!<\/span><\/p>\n<p><a href=\"https:\/\/agora.xtec.cat\/zerelcardener\/wp-content\/uploads\/usu1839\/2021\/06\/COL\u00d2NIES-CS-JP-1.jpg\"><img loading=\"lazy\" decoding=\"async\" class=\"size-medium wp-image-1451 alignleft\" src=\"https:\/\/agora.xtec.cat\/zerelcardener\/wp-content\/uploads\/usu1839\/2021\/06\/COL\u00d2NIES-CS-JP-1-300x225.jpg\" alt=\"\" width=\"300\" height=\"225\" srcset=\"https:\/\/agora.xtec.cat\/zerelcardener\/wp-content\/uploads\/usu1839\/2021\/06\/COL\u00d2NIES-CS-JP-1-300x225.jpg 300w, https:\/\/agora.xtec.cat\/zerelcardener\/wp-content\/uploads\/usu1839\/2021\/06\/COL\u00d2NIES-CS-JP-1-768x577.jpg 768w, https:\/\/agora.xtec.cat\/zerelcardener\/wp-content\/uploads\/usu1839\/2021\/06\/COL\u00d2NIES-CS-JP-1-1024x769.jpg 1024w, https:\/\/agora.xtec.cat\/zerelcardener\/wp-content\/uploads\/usu1839\/2021\/06\/COL\u00d2NIES-CS-JP-1-200x150.jpg 200w, https:\/\/agora.xtec.cat\/zerelcardener\/wp-content\/uploads\/usu1839\/2021\/06\/COL\u00d2NIES-CS-JP-1.jpg 1440w\" sizes=\"auto, (max-width: 300px) 100vw, 300px\" \/><\/a> <a href=\"https:\/\/agora.xtec.cat\/zerelcardener\/wp-content\/uploads\/usu1839\/2021\/06\/COl\u00d2NIES-CS-JP-2.jpg\"><img loading=\"lazy\" decoding=\"async\" class=\"aligncenter size-medium wp-image-1452\" src=\"https:\/\/agora.xtec.cat\/zerelcardener\/wp-content\/uploads\/usu1839\/2021\/06\/COl\u00d2NIES-CS-JP-2-300x225.jpg\" alt=\"\" width=\"300\" height=\"225\" srcset=\"https:\/\/agora.xtec.cat\/zerelcardener\/wp-content\/uploads\/usu1839\/2021\/06\/COl\u00d2NIES-CS-JP-2-300x225.jpg 300w, https:\/\/agora.xtec.cat\/zerelcardener\/wp-content\/uploads\/usu1839\/2021\/06\/COl\u00d2NIES-CS-JP-2-768x576.jpg 768w, https:\/\/agora.xtec.cat\/zerelcardener\/wp-content\/uploads\/usu1839\/2021\/06\/COl\u00d2NIES-CS-JP-2-1024x768.jpg 1024w, https:\/\/agora.xtec.cat\/zerelcardener\/wp-content\/uploads\/usu1839\/2021\/06\/COl\u00d2NIES-CS-JP-2-200x150.jpg 200w, https:\/\/agora.xtec.cat\/zerelcardener\/wp-content\/uploads\/usu1839\/2021\/06\/COl\u00d2NIES-CS-JP-2.jpg 1440w\" sizes=\"auto, (max-width: 300px) 100vw, 300px\" \/><\/a><\/p>\n<p>&nbsp;<\/p>\n<p><em><strong>COL\u00d2NIES CIRERETES CS (SE)<\/strong><\/em><\/p>\n<p><span style=\"font-weight: 400;\">Les<\/span><b> Cireretes<\/b><span style=\"font-weight: 400;\"> van passar el dia a Terracuques (els pares els hi van portar i els van venir a buscar). Es van banyar, van fer una passejada pel bosc, van fer jocs, van dinar i berenar (s\u00edndria i mel\u00f3). Van passar la tarda i la nit a l\u2019escola, on van fer jocs de nit i sopar de pizza i gelat. S\u2019hi van quedar a dormir. No va faltar la discoteca i fins i tot van veure pel\u00b7l\u00edcules.\u00a0<\/span><\/p>\n<p><span style=\"font-weight: 400;\">S\u2019ho van passar genial!<\/span><\/p>\n<p><a href=\"https:\/\/agora.xtec.cat\/zerelcardener\/wp-content\/uploads\/usu1839\/2021\/06\/COL\u00d2NIES-CS-SE-1-min.jpg\"><img loading=\"lazy\" decoding=\"async\" class=\" wp-image-1453 alignleft\" src=\"https:\/\/agora.xtec.cat\/zerelcardener\/wp-content\/uploads\/usu1839\/2021\/06\/COL\u00d2NIES-CS-SE-1-min-300x169.jpg\" alt=\"\" width=\"364\" height=\"205\" srcset=\"https:\/\/agora.xtec.cat\/zerelcardener\/wp-content\/uploads\/usu1839\/2021\/06\/COL\u00d2NIES-CS-SE-1-min-300x169.jpg 300w, https:\/\/agora.xtec.cat\/zerelcardener\/wp-content\/uploads\/usu1839\/2021\/06\/COL\u00d2NIES-CS-SE-1-min-768x432.jpg 768w, https:\/\/agora.xtec.cat\/zerelcardener\/wp-content\/uploads\/usu1839\/2021\/06\/COL\u00d2NIES-CS-SE-1-min-1024x576.jpg 1024w\" sizes=\"auto, (max-width: 364px) 100vw, 364px\" \/><\/a> <a href=\"https:\/\/agora.xtec.cat\/zerelcardener\/wp-content\/uploads\/usu1839\/2021\/06\/COL\u00d2NIES-CS-SE-2-min.jpg\"><img loading=\"lazy\" decoding=\"async\" class=\"aligncenter wp-image-1454\" src=\"https:\/\/agora.xtec.cat\/zerelcardener\/wp-content\/uploads\/usu1839\/2021\/06\/COL\u00d2NIES-CS-SE-2-min-300x169.jpg\" alt=\"\" width=\"379\" height=\"213\" srcset=\"https:\/\/agora.xtec.cat\/zerelcardener\/wp-content\/uploads\/usu1839\/2021\/06\/COL\u00d2NIES-CS-SE-2-min-300x169.jpg 300w, https:\/\/agora.xtec.cat\/zerelcardener\/wp-content\/uploads\/usu1839\/2021\/06\/COL\u00d2NIES-CS-SE-2-min-768x432.jpg 768w, https:\/\/agora.xtec.cat\/zerelcardener\/wp-content\/uploads\/usu1839\/2021\/06\/COL\u00d2NIES-CS-SE-2-min-1024x576.jpg 1024w\" sizes=\"auto, (max-width: 379px) 100vw, 379px\" \/><\/a><\/p>\n<p>&nbsp;<\/p>\n<p><em>Tot i haver estat un curs complicat i especial hem pogut fer moltes activitats i gaudir d&#8217;elles. Confiem que el curs vinent puguem retrobar-nos altra vegada!<\/em><\/p>\n<p style=\"text-align: center;\"><strong><em>Us desitgem molt bones vacances a tothom, bon estiu i MOLTA SALUT de part de tota la ZER!!!<\/em><\/strong><\/p>\n","protected":false},"excerpt":{"rendered":"<p>Arribem a final de curs. Semblava que no podia ser, per\u00f2 finalment hem aconseguit fer algunes sortides i col\u00f2nies. Per\u00f2 aquest any -degut a la pand\u00e8mia- no ens hem pogut ajuntar els i les alumnes de les escoles de la ZER. Us expliquem una mica&hellip;  <a href=\"https:\/\/agora.xtec.cat\/zerelcardener\/general\/colonies-zer-el-cardener\/\" title=\"Read Col\u00f2nies ZER el Cardener\">Llegeix m\u00e9s\u00bb<\/a><\/p>\n","protected":false},"author":28,"featured_media":0,"comment_status":"open","ping_status":"closed","sticky":false,"template":"","format":"standard","meta":{"footnotes":""},"categories":[1,29],"tags":[],"class_list":["post-1437","post","type-post","status-publish","format-standard","hentry","category-general","category-portada"],"post_mailing_queue_ids":[],"_links":{"self":[{"href":"https:\/\/agora.xtec.cat\/zerelcardener\/wp-json\/wp\/v2\/posts\/1437","targetHints":{"allow":["GET"]}}],"collection":[{"href":"https:\/\/agora.xtec.cat\/zerelcardener\/wp-json\/wp\/v2\/posts"}],"about":[{"href":"https:\/\/agora.xtec.cat\/zerelcardener\/wp-json\/wp\/v2\/types\/post"}],"author":[{"embeddable":true,"href":"https:\/\/agora.xtec.cat\/zerelcardener\/wp-json\/wp\/v2\/users\/28"}],"replies":[{"embeddable":true,"href":"https:\/\/agora.xtec.cat\/zerelcardener\/wp-json\/wp\/v2\/comments?post=1437"}],"version-history":[{"count":3,"href":"https:\/\/agora.xtec.cat\/zerelcardener\/wp-json\/wp\/v2\/posts\/1437\/revisions"}],"predecessor-version":[{"id":1460,"href":"https:\/\/agora.xtec.cat\/zerelcardener\/wp-json\/wp\/v2\/posts\/1437\/revisions\/1460"}],"wp:attachment":[{"href":"https:\/\/agora.xtec.cat\/zerelcardener\/wp-json\/wp\/v2\/media?parent=1437"}],"wp:term":[{"taxonomy":"category","embeddable":true,"href":"https:\/\/agora.xtec.cat\/zerelcardener\/wp-json\/wp\/v2\/categories?post=1437"},{"taxonomy":"post_tag","embeddable":true,"href":"https:\/\/agora.xtec.cat\/zerelcardener\/wp-json\/wp\/v2\/tags?post=1437"}],"curies":[{"name":"wp","href":"https:\/\/api.w.org\/{rel}","templated":true}]}}