{"id":1365,"date":"2021-04-19T13:18:26","date_gmt":"2021-04-19T11:18:26","guid":{"rendered":"http:\/\/agora.xtec.cat\/zerelcardener\/?p=1365"},"modified":"2025-10-24T00:39:54","modified_gmt":"2025-10-23T22:39:54","slug":"festa-de-la-mona","status":"publish","type":"post","link":"https:\/\/agora.xtec.cat\/zerelcardener\/general\/festa-de-la-mona\/","title":{"rendered":"FESTA DE LA MONA"},"content":{"rendered":"<p>A les dues escoles de la nostra\u00a0<span class=\"hiddenSpellError\">ZER<\/span>, l&#8217;\u00faltim dia del 2n trimestre celebrem &#8220;La Mona<span class=\"hiddenGrammarError\">&#8221; <\/span><\/p>\n<p>Sabeu perqu\u00e8 li diem aix\u00ed? Doncs perqu\u00e8, en \u00e8poca de &#8220;no-COVID&#8221; els nens i nenes de l&#8217;Escola de Joan de\u00a0<span class=\"hiddenSpellError\">Pal\u00e0<\/span>\u00a0i de l&#8217;Escola dels\u00a0<span class=\"hiddenSpellError\">Estevets<\/span>, ens trobem i ens organitzem per fer el past\u00eds de la mona.<\/p>\n<p>Durant el dia tamb\u00e9 fem activitats esportives que organitzaven els grans de l&#8217;escola i juguem plegats per poder veure als amics i amigues que tenim a l&#8217;altra escola.<\/p>\n<p>B\u00e9, ja sabeu que aquest any no ha pogut ser aix\u00ed. Aix\u00f2 s\u00ed, tots els nens i nenes de la\u00a0<span class=\"hiddenSpellError\">ZER<\/span>\u00a0s&#8217;han pogut menjar la mona amb l&#8217;ou de xocolata! Tamb\u00e9 hem fet jocs, hem menjat al bosc&#8230;<\/p>\n<p>Vam celebrar &#8220;La Mona&#8221; i en guardem un bon record.<\/p>\n<div style=\"width: 640px;\" class=\"wp-video\"><!--[if lt IE 9]><script>document.createElement('video');<\/script><![endif]-->\n<video class=\"wp-video-shortcode\" id=\"video-1365-1\" width=\"640\" height=\"480\" preload=\"metadata\" controls=\"controls\"><source type=\"video\/mp4\" src=\"https:\/\/agora.xtec.cat\/zerelcardener\/wp-content\/uploads\/usu1839\/2021\/04\/WhatsApp-Video-2021-04-19-at-13.16.19.mp4?_=1\" \/><a href=\"https:\/\/agora.xtec.cat\/zerelcardener\/wp-content\/uploads\/usu1839\/2021\/04\/WhatsApp-Video-2021-04-19-at-13.16.19.mp4\">https:\/\/agora.xtec.cat\/zerelcardener\/wp-content\/uploads\/usu1839\/2021\/04\/WhatsApp-Video-2021-04-19-at-13.16.19.mp4<\/a><\/video><\/div>\n<p>&nbsp;<\/p>\n","protected":false},"excerpt":{"rendered":"<p>A les dues escoles de la nostra\u00a0ZER, l&#8217;\u00faltim dia del 2n trimestre celebrem &#8220;La Mona&#8221;<br \/>\nSabeu perqu\u00e8 li diem aix\u00ed? Doncs perqu\u00e8, en \u00e8poca de &#8220;no-COVID&#8221; els nens i nenes de l&#8217;Escola de Joan de\u00a0Pal\u00e0\u00a0i de l&#8217;Escola dels\u00a0Estevets, ens trobem i ens organitzem per fer&hellip;  <a href=\"https:\/\/agora.xtec.cat\/zerelcardener\/general\/festa-de-la-mona\/\" title=\"Read FESTA DE LA MONA\">Llegeix m\u00e9s\u00bb<\/a><\/p>\n","protected":false},"author":26,"featured_media":0,"comment_status":"closed","ping_status":"closed","sticky":false,"template":"","format":"standard","meta":{"footnotes":""},"categories":[1,114,29],"tags":[],"class_list":["post-1365","post","type-post","status-publish","format-standard","hentry","category-general","category-noticies","category-portada"],"post_mailing_queue_ids":[],"_links":{"self":[{"href":"https:\/\/agora.xtec.cat\/zerelcardener\/wp-json\/wp\/v2\/posts\/1365","targetHints":{"allow":["GET"]}}],"collection":[{"href":"https:\/\/agora.xtec.cat\/zerelcardener\/wp-json\/wp\/v2\/posts"}],"about":[{"href":"https:\/\/agora.xtec.cat\/zerelcardener\/wp-json\/wp\/v2\/types\/post"}],"author":[{"embeddable":true,"href":"https:\/\/agora.xtec.cat\/zerelcardener\/wp-json\/wp\/v2\/users\/26"}],"replies":[{"embeddable":true,"href":"https:\/\/agora.xtec.cat\/zerelcardener\/wp-json\/wp\/v2\/comments?post=1365"}],"version-history":[{"count":3,"href":"https:\/\/agora.xtec.cat\/zerelcardener\/wp-json\/wp\/v2\/posts\/1365\/revisions"}],"predecessor-version":[{"id":1376,"href":"https:\/\/agora.xtec.cat\/zerelcardener\/wp-json\/wp\/v2\/posts\/1365\/revisions\/1376"}],"wp:attachment":[{"href":"https:\/\/agora.xtec.cat\/zerelcardener\/wp-json\/wp\/v2\/media?parent=1365"}],"wp:term":[{"taxonomy":"category","embeddable":true,"href":"https:\/\/agora.xtec.cat\/zerelcardener\/wp-json\/wp\/v2\/categories?post=1365"},{"taxonomy":"post_tag","embeddable":true,"href":"https:\/\/agora.xtec.cat\/zerelcardener\/wp-json\/wp\/v2\/tags?post=1365"}],"curies":[{"name":"wp","href":"https:\/\/api.w.org\/{rel}","templated":true}]}}