{"id":1342,"date":"2021-02-26T20:44:29","date_gmt":"2021-02-26T19:44:29","guid":{"rendered":"http:\/\/agora.xtec.cat\/zerelcardener\/?p=1342"},"modified":"2025-10-24T00:41:52","modified_gmt":"2025-10-23T22:41:52","slug":"un-carnaval-diferent","status":"publish","type":"post","link":"https:\/\/agora.xtec.cat\/zerelcardener\/general\/un-carnaval-diferent\/","title":{"rendered":"UN CARNAVAL DIFERENT!"},"content":{"rendered":"<p><span style=\"font-weight: 400;\">Aquest curs hem hagut de celebrar un carnaval diferent degut a la covid.<\/span><\/p>\n<p><span style=\"font-weight: 400;\">El dia 5 de febrer va arribar a les escoles el rei i la reina carnestoltes (respectivament) per donar-nos les consignes de com venir vestits a l\u2019escola cada dia durant la setmana del 8 al 12 de\u00a0 febrer.\u00a0<\/span><\/p>\n<p><span style=\"font-weight: 400;\">Durant la setmana de Carnaval vam fer i, alguns, acabar de fer les disfresses del divendres. Aquest curs cada classe anava disfressada de com es deien (del nom de la classe). Els nens i nenes d\u2019educaci\u00f3 infantil de l\u2019escola Joan de Pal\u00e0 es van disfressar de cors, els de cicle inicial de taronges, els de cicle mitj\u00e0 d\u2019emojis i nosaltres de coses relacionades amb el b\u00e0squet (jugadors, animadores i \u00e0rbitres). Els estevets i les estevetes anaven disfressats\/des de pomes i tutti frutti a educaci\u00f3 infantil, a cicle inicial de fredolics, a cicle mitj\u00e0 de llimones i pl\u00e0tans i a cicle superior de cireres.<\/span><\/p>\n<p><span style=\"font-weight: 400;\">El divendres dia 12 no vam celebrar el Carnaval com sempre, no ens vam ajuntar a Cardona amb la resta de les escoles del poble i de Valls de Torroella; ens vam quedar als nostres centres. A la ZER ens vam haver d\u2019adaptar a la situaci\u00f3 de la COVID i vam muntar-nos les nostres pr\u00f2pies celebracions.<\/span><\/p>\n<p><span style=\"font-weight: 400;\">Durant el mat\u00ed\u00a0 ens vam disfressar i vam fer una rua per l\u2019escola on vam anar a recollir als nens i nenes de cada classe. Vam fer uns balls que ens hav\u00edem preparat durant la setmana i vam esmorzar coca amb xocolata. Despr\u00e9s del pati vam jugar i alguns de nosaltres ens vam fer unes fotos al photocall creat per l\u2019alumnat de l\u2019escola.\u00a0<\/span><\/p>\n<p><span style=\"font-weight: 400;\">A la tarda els joanpalanencs i joanpalanenques vam fer una gimcana i els estevets i les estevetes van gaudir de la gresca i la xerinola d\u2019un grup d&#8217;animaci\u00f3 que va anar a l&#8217;escola.<\/span><\/p>\n<p>Aqu\u00ed us deixem unes quantes imatges perqu\u00e8 vegeu com vam celebrar els nostres Carnavals. Esperem que us agradin!!!<\/p>\n<p><a href=\"https:\/\/agora.xtec.cat\/zerelcardener\/wp-content\/uploads\/usu1839\/2021\/02\/photocall-grup-joanpalanencs-min.png\"><img loading=\"lazy\" decoding=\"async\" class=\"alignnone wp-image-1360 size-medium\" src=\"https:\/\/agora.xtec.cat\/zerelcardener\/wp-content\/uploads\/usu1839\/2021\/02\/photocall-grup-joanpalanencs-min-300x240.png\" alt=\"\" width=\"300\" height=\"240\" srcset=\"https:\/\/agora.xtec.cat\/zerelcardener\/wp-content\/uploads\/usu1839\/2021\/02\/photocall-grup-joanpalanencs-min-300x240.png 300w, https:\/\/agora.xtec.cat\/zerelcardener\/wp-content\/uploads\/usu1839\/2021\/02\/photocall-grup-joanpalanencs-min-768x614.png 768w, https:\/\/agora.xtec.cat\/zerelcardener\/wp-content\/uploads\/usu1839\/2021\/02\/photocall-grup-joanpalanencs-min-1024x819.png 1024w, https:\/\/agora.xtec.cat\/zerelcardener\/wp-content\/uploads\/usu1839\/2021\/02\/photocall-grup-joanpalanencs-min.png 2000w\" sizes=\"auto, (max-width: 300px) 100vw, 300px\" \/><\/a> <a href=\"https:\/\/agora.xtec.cat\/zerelcardener\/wp-content\/uploads\/usu1839\/2021\/02\/IMG_20210212_104857-min.jpg\"><img loading=\"lazy\" decoding=\"async\" class=\"wp-image-1359 size-medium alignright\" src=\"https:\/\/agora.xtec.cat\/zerelcardener\/wp-content\/uploads\/usu1839\/2021\/02\/IMG_20210212_104857-min-300x225.jpg\" alt=\"\" width=\"300\" height=\"225\" srcset=\"https:\/\/agora.xtec.cat\/zerelcardener\/wp-content\/uploads\/usu1839\/2021\/02\/IMG_20210212_104857-min-300x225.jpg 300w, https:\/\/agora.xtec.cat\/zerelcardener\/wp-content\/uploads\/usu1839\/2021\/02\/IMG_20210212_104857-min-768x576.jpg 768w, https:\/\/agora.xtec.cat\/zerelcardener\/wp-content\/uploads\/usu1839\/2021\/02\/IMG_20210212_104857-min-1024x768.jpg 1024w, https:\/\/agora.xtec.cat\/zerelcardener\/wp-content\/uploads\/usu1839\/2021\/02\/IMG_20210212_104857-min-200x150.jpg 200w\" sizes=\"auto, (max-width: 300px) 100vw, 300px\" \/><\/a><\/p>\n<p><a href=\"https:\/\/agora.xtec.cat\/zerelcardener\/wp-content\/uploads\/usu1839\/2021\/02\/Foto-gimcana-min.png\"><img loading=\"lazy\" decoding=\"async\" class=\"alignnone wp-image-1358 size-medium\" src=\"https:\/\/agora.xtec.cat\/zerelcardener\/wp-content\/uploads\/usu1839\/2021\/02\/Foto-gimcana-min-300x240.png\" alt=\"\" width=\"300\" height=\"240\" srcset=\"https:\/\/agora.xtec.cat\/zerelcardener\/wp-content\/uploads\/usu1839\/2021\/02\/Foto-gimcana-min-300x240.png 300w, https:\/\/agora.xtec.cat\/zerelcardener\/wp-content\/uploads\/usu1839\/2021\/02\/Foto-gimcana-min-768x614.png 768w, https:\/\/agora.xtec.cat\/zerelcardener\/wp-content\/uploads\/usu1839\/2021\/02\/Foto-gimcana-min-1024x819.png 1024w, https:\/\/agora.xtec.cat\/zerelcardener\/wp-content\/uploads\/usu1839\/2021\/02\/Foto-gimcana-min.png 2000w\" sizes=\"auto, (max-width: 300px) 100vw, 300px\" \/><\/a> <a href=\"https:\/\/agora.xtec.cat\/zerelcardener\/wp-content\/uploads\/usu1839\/2021\/02\/Foto-gimcana-2-min.png\"><img loading=\"lazy\" decoding=\"async\" class=\"wp-image-1357 size-medium alignright\" src=\"https:\/\/agora.xtec.cat\/zerelcardener\/wp-content\/uploads\/usu1839\/2021\/02\/Foto-gimcana-2-min-300x240.png\" alt=\"\" width=\"300\" height=\"240\" srcset=\"https:\/\/agora.xtec.cat\/zerelcardener\/wp-content\/uploads\/usu1839\/2021\/02\/Foto-gimcana-2-min-300x240.png 300w, https:\/\/agora.xtec.cat\/zerelcardener\/wp-content\/uploads\/usu1839\/2021\/02\/Foto-gimcana-2-min-768x614.png 768w, https:\/\/agora.xtec.cat\/zerelcardener\/wp-content\/uploads\/usu1839\/2021\/02\/Foto-gimcana-2-min-1024x819.png 1024w, https:\/\/agora.xtec.cat\/zerelcardener\/wp-content\/uploads\/usu1839\/2021\/02\/Foto-gimcana-2-min.png 2000w\" sizes=\"auto, (max-width: 300px) 100vw, 300px\" \/><\/a><\/p>\n<p><a href=\"https:\/\/agora.xtec.cat\/zerelcardener\/wp-content\/uploads\/usu1839\/2021\/02\/Disfresses-grup-joanpalanencs-min.png\"><img loading=\"lazy\" decoding=\"async\" class=\"alignnone wp-image-1355 size-medium\" src=\"https:\/\/agora.xtec.cat\/zerelcardener\/wp-content\/uploads\/usu1839\/2021\/02\/Disfresses-grup-joanpalanencs-min-300x240.png\" alt=\"\" width=\"300\" height=\"240\" srcset=\"https:\/\/agora.xtec.cat\/zerelcardener\/wp-content\/uploads\/usu1839\/2021\/02\/Disfresses-grup-joanpalanencs-min-300x240.png 300w, https:\/\/agora.xtec.cat\/zerelcardener\/wp-content\/uploads\/usu1839\/2021\/02\/Disfresses-grup-joanpalanencs-min-768x614.png 768w, https:\/\/agora.xtec.cat\/zerelcardener\/wp-content\/uploads\/usu1839\/2021\/02\/Disfresses-grup-joanpalanencs-min-1024x819.png 1024w, https:\/\/agora.xtec.cat\/zerelcardener\/wp-content\/uploads\/usu1839\/2021\/02\/Disfresses-grup-joanpalanencs-min.png 2000w\" sizes=\"auto, (max-width: 300px) 100vw, 300px\" \/><\/a><a href=\"https:\/\/agora.xtec.cat\/zerelcardener\/wp-content\/uploads\/usu1839\/2021\/02\/Disfresses-grup-estevets-min.png\"><img loading=\"lazy\" decoding=\"async\" class=\"wp-image-1354 size-medium alignright\" src=\"https:\/\/agora.xtec.cat\/zerelcardener\/wp-content\/uploads\/usu1839\/2021\/02\/Disfresses-grup-estevets-min-300x240.png\" alt=\"\" width=\"300\" height=\"240\" srcset=\"https:\/\/agora.xtec.cat\/zerelcardener\/wp-content\/uploads\/usu1839\/2021\/02\/Disfresses-grup-estevets-min-300x240.png 300w, https:\/\/agora.xtec.cat\/zerelcardener\/wp-content\/uploads\/usu1839\/2021\/02\/Disfresses-grup-estevets-min-768x614.png 768w, https:\/\/agora.xtec.cat\/zerelcardener\/wp-content\/uploads\/usu1839\/2021\/02\/Disfresses-grup-estevets-min-1024x819.png 1024w, https:\/\/agora.xtec.cat\/zerelcardener\/wp-content\/uploads\/usu1839\/2021\/02\/Disfresses-grup-estevets-min.png 2000w\" sizes=\"auto, (max-width: 300px) 100vw, 300px\" \/><\/a><\/p>\n<p><img loading=\"lazy\" decoding=\"async\" class=\"wp-image-1352 size-medium alignnone\" src=\"https:\/\/agora.xtec.cat\/zerelcardener\/wp-content\/uploads\/usu1839\/2021\/02\/diversi\u00f3-min-300x240.png\" alt=\"\" width=\"300\" height=\"240\" srcset=\"https:\/\/agora.xtec.cat\/zerelcardener\/wp-content\/uploads\/usu1839\/2021\/02\/diversi\u00f3-min-300x240.png 300w, https:\/\/agora.xtec.cat\/zerelcardener\/wp-content\/uploads\/usu1839\/2021\/02\/diversi\u00f3-min-768x614.png 768w, https:\/\/agora.xtec.cat\/zerelcardener\/wp-content\/uploads\/usu1839\/2021\/02\/diversi\u00f3-min.png 1000w\" sizes=\"auto, (max-width: 300px) 100vw, 300px\" \/><a href=\"https:\/\/agora.xtec.cat\/zerelcardener\/wp-content\/uploads\/usu1839\/2021\/02\/Festa-min.png\"><img loading=\"lazy\" decoding=\"async\" class=\"wp-image-1356 size-medium alignright\" src=\"https:\/\/agora.xtec.cat\/zerelcardener\/wp-content\/uploads\/usu1839\/2021\/02\/Festa-min-300x240.png\" alt=\"\" width=\"300\" height=\"240\" srcset=\"https:\/\/agora.xtec.cat\/zerelcardener\/wp-content\/uploads\/usu1839\/2021\/02\/Festa-min-300x240.png 300w, https:\/\/agora.xtec.cat\/zerelcardener\/wp-content\/uploads\/usu1839\/2021\/02\/Festa-min-768x614.png 768w, https:\/\/agora.xtec.cat\/zerelcardener\/wp-content\/uploads\/usu1839\/2021\/02\/Festa-min-1024x819.png 1024w, https:\/\/agora.xtec.cat\/zerelcardener\/wp-content\/uploads\/usu1839\/2021\/02\/Festa-min.png 2000w\" sizes=\"auto, (max-width: 300px) 100vw, 300px\" \/><\/a><\/p>\n<p><a href=\"https:\/\/agora.xtec.cat\/zerelcardener\/wp-content\/uploads\/usu1839\/2021\/02\/Gaudim-plegats-min.png\"><img loading=\"lazy\" decoding=\"async\" class=\"wp-image-1353 size-medium aligncenter\" src=\"https:\/\/agora.xtec.cat\/zerelcardener\/wp-content\/uploads\/usu1839\/2021\/02\/Gaudim-plegats-min-300x240.png\" alt=\"\" width=\"300\" height=\"240\" srcset=\"https:\/\/agora.xtec.cat\/zerelcardener\/wp-content\/uploads\/usu1839\/2021\/02\/Gaudim-plegats-min-300x240.png 300w, https:\/\/agora.xtec.cat\/zerelcardener\/wp-content\/uploads\/usu1839\/2021\/02\/Gaudim-plegats-min-768x614.png 768w, https:\/\/agora.xtec.cat\/zerelcardener\/wp-content\/uploads\/usu1839\/2021\/02\/Gaudim-plegats-min.png 1000w\" sizes=\"auto, (max-width: 300px) 100vw, 300px\" \/><\/a><\/p>\n<p><span style=\"font-weight: 400;\">Va ser un Carnaval diferen<\/span><span style=\"font-weight: 400;\">t, per\u00f2 ens ho vam passar molt b\u00e9!!!\u00a0<\/span><\/p>\n","protected":false},"excerpt":{"rendered":"<p>Aquest curs hem hagut de celebrar un carnaval diferent degut a la covid.<br \/>\nEl dia 5 de febrer va arribar a les escoles el rei i la reina carnestoltes (respectivament) per donar-nos les consignes de com venir vestits a l\u2019escola cada dia durant la setmana del&hellip;  <a href=\"https:\/\/agora.xtec.cat\/zerelcardener\/general\/un-carnaval-diferent\/\" title=\"Read UN CARNAVAL DIFERENT!\">Llegeix m\u00e9s\u00bb<\/a><\/p>\n","protected":false},"author":27,"featured_media":0,"comment_status":"closed","ping_status":"closed","sticky":false,"template":"","format":"standard","meta":{"footnotes":""},"categories":[1,29],"tags":[],"class_list":["post-1342","post","type-post","status-publish","format-standard","hentry","category-general","category-portada"],"post_mailing_queue_ids":[],"_links":{"self":[{"href":"https:\/\/agora.xtec.cat\/zerelcardener\/wp-json\/wp\/v2\/posts\/1342","targetHints":{"allow":["GET"]}}],"collection":[{"href":"https:\/\/agora.xtec.cat\/zerelcardener\/wp-json\/wp\/v2\/posts"}],"about":[{"href":"https:\/\/agora.xtec.cat\/zerelcardener\/wp-json\/wp\/v2\/types\/post"}],"author":[{"embeddable":true,"href":"https:\/\/agora.xtec.cat\/zerelcardener\/wp-json\/wp\/v2\/users\/27"}],"replies":[{"embeddable":true,"href":"https:\/\/agora.xtec.cat\/zerelcardener\/wp-json\/wp\/v2\/comments?post=1342"}],"version-history":[{"count":3,"href":"https:\/\/agora.xtec.cat\/zerelcardener\/wp-json\/wp\/v2\/posts\/1342\/revisions"}],"predecessor-version":[{"id":1364,"href":"https:\/\/agora.xtec.cat\/zerelcardener\/wp-json\/wp\/v2\/posts\/1342\/revisions\/1364"}],"wp:attachment":[{"href":"https:\/\/agora.xtec.cat\/zerelcardener\/wp-json\/wp\/v2\/media?parent=1342"}],"wp:term":[{"taxonomy":"category","embeddable":true,"href":"https:\/\/agora.xtec.cat\/zerelcardener\/wp-json\/wp\/v2\/categories?post=1342"},{"taxonomy":"post_tag","embeddable":true,"href":"https:\/\/agora.xtec.cat\/zerelcardener\/wp-json\/wp\/v2\/tags?post=1342"}],"curies":[{"name":"wp","href":"https:\/\/api.w.org\/{rel}","templated":true}]}}