{"id":1309,"date":"2020-09-13T19:32:50","date_gmt":"2020-09-13T17:32:50","guid":{"rendered":"http:\/\/agora.xtec.cat\/zerelcardener\/?p=1309"},"modified":"2025-10-24T00:40:46","modified_gmt":"2025-10-23T22:40:46","slug":"pla-de-reobertura","status":"publish","type":"post","link":"https:\/\/agora.xtec.cat\/zerelcardener\/general\/pla-de-reobertura\/","title":{"rendered":"Pla de Reobertura &#8211; Actualitzaci\u00f3 28\/09"},"content":{"rendered":"<p>Estem a les portes de l&#8217;inici d&#8217;un nou curs escolar marcat pel Covid-19. Des de la direcci\u00f3 de la ZER el Cardener i amb coordinaci\u00f3 amb les direccions de les 2 escoles que en formen part, s&#8217;ha elaborat el Pla de Reobertura de la ZER on hi ha recollits els principis b\u00e0sics de prevenci\u00f3, higiene i promoci\u00f3 de la salut per tal de minimitzar els possibles contagis d&#8217;aquesta pand\u00e8mia i les actuacions a dur\u00a0 terme en cas d&#8217;un possible confinament i haver de fer una educaci\u00f3 telem\u00e0tica. \u00c9s un document que anir\u00e0 canviar\u00e0 segons l\u2019evoluci\u00f3 de la pandemia i les necessitats que es vagin observant als 2 centres.<\/p>\n<p><a href=\"https:\/\/agora.xtec.cat\/zerelcardener\/wp-content\/uploads\/usu1839\/2020\/09\/PLA-REOBERTURA-ZER-CARDENER-1.pdf\">PLA REOBERTURA ZER CARDENER<\/a> &#8211; 28 setembre<\/p>\n<p>&nbsp;<\/p>\n","protected":false},"excerpt":{"rendered":"<p>Estem a les portes de l&#8217;inici d&#8217;un nou curs escolar marcat pel Covid-19. Des de la direcci\u00f3 de la ZER el Cardener i amb coordinaci\u00f3 amb les direccions de les 2 escoles que en formen part, s&#8217;ha elaborat el Pla de Reobertura de la ZER&hellip;  <a href=\"https:\/\/agora.xtec.cat\/zerelcardener\/general\/pla-de-reobertura\/\" title=\"Read Pla de Reobertura &#8211; Actualitzaci\u00f3 28\/09\">Llegeix m\u00e9s\u00bb<\/a><\/p>\n","protected":false},"author":1,"featured_media":0,"comment_status":"closed","ping_status":"closed","sticky":false,"template":"","format":"standard","meta":{"footnotes":""},"categories":[1,114,29],"tags":[],"class_list":["post-1309","post","type-post","status-publish","format-standard","hentry","category-general","category-noticies","category-portada"],"post_mailing_queue_ids":[],"_links":{"self":[{"href":"https:\/\/agora.xtec.cat\/zerelcardener\/wp-json\/wp\/v2\/posts\/1309","targetHints":{"allow":["GET"]}}],"collection":[{"href":"https:\/\/agora.xtec.cat\/zerelcardener\/wp-json\/wp\/v2\/posts"}],"about":[{"href":"https:\/\/agora.xtec.cat\/zerelcardener\/wp-json\/wp\/v2\/types\/post"}],"author":[{"embeddable":true,"href":"https:\/\/agora.xtec.cat\/zerelcardener\/wp-json\/wp\/v2\/users\/1"}],"replies":[{"embeddable":true,"href":"https:\/\/agora.xtec.cat\/zerelcardener\/wp-json\/wp\/v2\/comments?post=1309"}],"version-history":[{"count":3,"href":"https:\/\/agora.xtec.cat\/zerelcardener\/wp-json\/wp\/v2\/posts\/1309\/revisions"}],"predecessor-version":[{"id":1318,"href":"https:\/\/agora.xtec.cat\/zerelcardener\/wp-json\/wp\/v2\/posts\/1309\/revisions\/1318"}],"wp:attachment":[{"href":"https:\/\/agora.xtec.cat\/zerelcardener\/wp-json\/wp\/v2\/media?parent=1309"}],"wp:term":[{"taxonomy":"category","embeddable":true,"href":"https:\/\/agora.xtec.cat\/zerelcardener\/wp-json\/wp\/v2\/categories?post=1309"},{"taxonomy":"post_tag","embeddable":true,"href":"https:\/\/agora.xtec.cat\/zerelcardener\/wp-json\/wp\/v2\/tags?post=1309"}],"curies":[{"name":"wp","href":"https:\/\/api.w.org\/{rel}","templated":true}]}}