{"id":1301,"date":"2020-05-29T18:26:57","date_gmt":"2020-05-29T16:26:57","guid":{"rendered":"http:\/\/agora.xtec.cat\/zerelcardener\/?p=1301"},"modified":"2025-10-24T00:41:11","modified_gmt":"2025-10-23T22:41:11","slug":"pla-de-reobertura-de-la-zer-el-cardener","status":"publish","type":"post","link":"https:\/\/agora.xtec.cat\/zerelcardener\/general\/pla-de-reobertura-de-la-zer-el-cardener\/","title":{"rendered":"Pla de Reobertura de la ZER El Cardener"},"content":{"rendered":"<p>Des de la direcci\u00f3 de la ZER El Cardener s&#8217;han elaborat un conjunt de documents seguint les instruccions marcades pel Departament d&#8217;Educaci\u00f3 i pel Pla de Reobertura dels Centres aprovat el 20 de maig pel PROCICAT pels centres educatius que es troben en fase 2 de desescalada per a aquest mes de juny. En aquests documents s&#8217;expliquen les mesures adoptades per a poder fer la reobertura dels dos centres que conformen la ZER El Cardener seguint tots els protocols de seguretat i higiene. A m\u00e9s a m\u00e9s, aquests documents compten amb el vistiplau de la inspecci\u00f3 dels nostres centres.<\/p>\n<p><a href=\"https:\/\/agora.xtec.cat\/zerelcardener\/wp-content\/uploads\/usu1839\/2020\/05\/Pla-de-Reobertura-ZER-el-Cardener.pdf\">Pla de Reobertura &#8211; ZER el Cardener<\/a><\/p>\n<p><a href=\"https:\/\/agora.xtec.cat\/zerelcardener\/wp-content\/uploads\/usu1839\/2020\/05\/Infografia-Pla-de-Reobertura.pdf\">Infografia &#8211; Pla de Reobertura<\/a><\/p>\n","protected":false},"excerpt":{"rendered":"<p>Des de la direcci\u00f3 de la ZER El Cardener s&#8217;han elaborat un conjunt de documents seguint les instruccions marcades pel Departament d&#8217;Educaci\u00f3 i pel Pla de Reobertura dels Centres aprovat el 20 de maig pel PROCICAT pels centres educatius que es troben en fase 2&hellip;  <a href=\"https:\/\/agora.xtec.cat\/zerelcardener\/general\/pla-de-reobertura-de-la-zer-el-cardener\/\" title=\"Read Pla de Reobertura de la ZER El Cardener\">Llegeix m\u00e9s\u00bb<\/a><\/p>\n","protected":false},"author":1,"featured_media":0,"comment_status":"closed","ping_status":"closed","sticky":false,"template":"","format":"standard","meta":{"footnotes":""},"categories":[1,114,29],"tags":[],"class_list":["post-1301","post","type-post","status-publish","format-standard","hentry","category-general","category-noticies","category-portada"],"post_mailing_queue_ids":[],"_links":{"self":[{"href":"https:\/\/agora.xtec.cat\/zerelcardener\/wp-json\/wp\/v2\/posts\/1301","targetHints":{"allow":["GET"]}}],"collection":[{"href":"https:\/\/agora.xtec.cat\/zerelcardener\/wp-json\/wp\/v2\/posts"}],"about":[{"href":"https:\/\/agora.xtec.cat\/zerelcardener\/wp-json\/wp\/v2\/types\/post"}],"author":[{"embeddable":true,"href":"https:\/\/agora.xtec.cat\/zerelcardener\/wp-json\/wp\/v2\/users\/1"}],"replies":[{"embeddable":true,"href":"https:\/\/agora.xtec.cat\/zerelcardener\/wp-json\/wp\/v2\/comments?post=1301"}],"version-history":[{"count":2,"href":"https:\/\/agora.xtec.cat\/zerelcardener\/wp-json\/wp\/v2\/posts\/1301\/revisions"}],"predecessor-version":[{"id":1308,"href":"https:\/\/agora.xtec.cat\/zerelcardener\/wp-json\/wp\/v2\/posts\/1301\/revisions\/1308"}],"wp:attachment":[{"href":"https:\/\/agora.xtec.cat\/zerelcardener\/wp-json\/wp\/v2\/media?parent=1301"}],"wp:term":[{"taxonomy":"category","embeddable":true,"href":"https:\/\/agora.xtec.cat\/zerelcardener\/wp-json\/wp\/v2\/categories?post=1301"},{"taxonomy":"post_tag","embeddable":true,"href":"https:\/\/agora.xtec.cat\/zerelcardener\/wp-json\/wp\/v2\/tags?post=1301"}],"curies":[{"name":"wp","href":"https:\/\/api.w.org\/{rel}","templated":true}]}}