{"id":1295,"date":"2020-05-13T10:56:03","date_gmt":"2020-05-13T08:56:03","guid":{"rendered":"http:\/\/agora.xtec.cat\/zerelcardener\/?p=1295"},"modified":"2025-10-24T00:39:37","modified_gmt":"2025-10-23T22:39:37","slug":"documentacio-per-a-la-preinscripcio","status":"publish","type":"post","link":"https:\/\/agora.xtec.cat\/zerelcardener\/general\/documentacio-per-a-la-preinscripcio\/","title":{"rendered":"Documentaci\u00f3 per a la preinscripci\u00f3"},"content":{"rendered":"<p>Avui 13 de maig, comen\u00e7a el per\u00edode de preinscripci\u00f3 de forma telem\u00e0tica.<\/p>\n<p>Us adjuntem l&#8217;enlla\u00e7 per poder tramitar la <a href=\"http:\/\/ensenyament.gencat.cat\/ca\/tramits\/tramits-temes\/20483_preinscripcio_escolar?moda=1\">PREINSCRIPCI\u00d3 CURS 2020-21<\/a><\/p>\n<div>Un cop realitzada la preinscripci\u00f3 telem\u00e0tica, cal enviar el resguard que es genera de la sol.licitud i la documentaci\u00f3, escanejada o fotografiada, al correu electr\u00f2nic oficial de l&#8217;escola que hagueu demanat en primera opci\u00f3.<\/div>\n<div><i><b>\u00a0<\/b><\/i><\/div>\n<div>Documentaci\u00f3 que cal presentar:<\/div>\n<div><\/div>\n<div>&#8211; Llibre de fam\u00edlia<\/div>\n<div>&#8211; DNI del pare, de la mare i de l&#8217;alumne (si en t\u00e9)<\/div>\n<div><\/div>\n<div><\/div>\n<div><strong>Important: La sol\u00b7licitud de preinscripci\u00f3 es considera formalitzada amb l&#8217;enviament del correu electr\u00f2nic, amb el resguard i la documentaci\u00f3 acreditativa adjunta escanejada o fotografiada.<\/strong><\/div>\n<div><\/div>\n<div><\/div>\n<div>Per a m\u00e9s informaci\u00f3, podeu consultar la p\u00e0gina web del <a href=\"http:\/\/queestudiar.gencat.cat\/ca\/preinscripcio\/estudis\/obligatoris\/\">Departament d&#8217;Educaci\u00f3<\/a> o enviar un correu electr\u00f2nic a l&#8217;escola demanada en primera opci\u00f3.<\/div>\n<div><\/div>\n<div><\/div>\n<div><a href=\"https:\/\/agora.xtec.cat\/zerelcardener\/wp-content\/uploads\/usu1839\/2020\/05\/IMG-20200508-WA0024.jpg\"><img loading=\"lazy\" decoding=\"async\" class=\"alignnone  wp-image-1287\" src=\"https:\/\/agora.xtec.cat\/zerelcardener\/wp-content\/uploads\/usu1839\/2020\/05\/IMG-20200508-WA0024-212x300.jpg\" alt=\"\" width=\"199\" height=\"283\" srcset=\"https:\/\/agora.xtec.cat\/zerelcardener\/wp-content\/uploads\/usu1839\/2020\/05\/IMG-20200508-WA0024-212x300.jpg 212w, https:\/\/agora.xtec.cat\/zerelcardener\/wp-content\/uploads\/usu1839\/2020\/05\/IMG-20200508-WA0024.jpg 1131w\" sizes=\"auto, (max-width: 199px) 100vw, 199px\" \/>\u00a0<\/a> <a href=\"https:\/\/agora.xtec.cat\/zerelcardener\/wp-content\/uploads\/usu1839\/2020\/05\/prenscripci\u00f3.jpg\"><img loading=\"lazy\" decoding=\"async\" class=\"alignnone  wp-image-1288\" src=\"https:\/\/agora.xtec.cat\/zerelcardener\/wp-content\/uploads\/usu1839\/2020\/05\/prenscripci\u00f3-212x300.jpg\" alt=\"\" width=\"200\" height=\"278\" \/><\/a><\/div>\n<div><\/div>\n","protected":false},"excerpt":{"rendered":"<p>Avui 13 de maig, comen\u00e7a el per\u00edode de preinscripci\u00f3 de forma telem\u00e0tica.<br \/>\nUs adjuntem l&#8217;enlla\u00e7 per poder tramitar la <a href=\"http:\/\/ensenyament.gencat.cat\/ca\/tramits\/tramits-temes\/20483_preinscripcio_escolar?moda=1\">PREINSCRIPCI\u00d3 CURS 2020-21<\/a><br \/>\nUn cop realitzada la preinscripci\u00f3 telem\u00e0tica, cal enviar el resguard que es genera de la sol.licitud i la documentaci\u00f3, escanejada o fotografiada, al correu&hellip;  <a href=\"https:\/\/agora.xtec.cat\/zerelcardener\/general\/documentacio-per-a-la-preinscripcio\/\" title=\"Read Documentaci\u00f3 per a la preinscripci\u00f3\">Llegeix m\u00e9s\u00bb<\/a><\/p>\n","protected":false},"author":1,"featured_media":0,"comment_status":"closed","ping_status":"closed","sticky":false,"template":"","format":"standard","meta":{"footnotes":""},"categories":[1,114,29],"tags":[],"class_list":["post-1295","post","type-post","status-publish","format-standard","hentry","category-general","category-noticies","category-portada"],"post_mailing_queue_ids":[],"_links":{"self":[{"href":"https:\/\/agora.xtec.cat\/zerelcardener\/wp-json\/wp\/v2\/posts\/1295","targetHints":{"allow":["GET"]}}],"collection":[{"href":"https:\/\/agora.xtec.cat\/zerelcardener\/wp-json\/wp\/v2\/posts"}],"about":[{"href":"https:\/\/agora.xtec.cat\/zerelcardener\/wp-json\/wp\/v2\/types\/post"}],"author":[{"embeddable":true,"href":"https:\/\/agora.xtec.cat\/zerelcardener\/wp-json\/wp\/v2\/users\/1"}],"replies":[{"embeddable":true,"href":"https:\/\/agora.xtec.cat\/zerelcardener\/wp-json\/wp\/v2\/comments?post=1295"}],"version-history":[{"count":4,"href":"https:\/\/agora.xtec.cat\/zerelcardener\/wp-json\/wp\/v2\/posts\/1295\/revisions"}],"predecessor-version":[{"id":1300,"href":"https:\/\/agora.xtec.cat\/zerelcardener\/wp-json\/wp\/v2\/posts\/1295\/revisions\/1300"}],"wp:attachment":[{"href":"https:\/\/agora.xtec.cat\/zerelcardener\/wp-json\/wp\/v2\/media?parent=1295"}],"wp:term":[{"taxonomy":"category","embeddable":true,"href":"https:\/\/agora.xtec.cat\/zerelcardener\/wp-json\/wp\/v2\/categories?post=1295"},{"taxonomy":"post_tag","embeddable":true,"href":"https:\/\/agora.xtec.cat\/zerelcardener\/wp-json\/wp\/v2\/tags?post=1295"}],"curies":[{"name":"wp","href":"https:\/\/api.w.org\/{rel}","templated":true}]}}