{"id":1286,"date":"2020-05-09T14:10:56","date_gmt":"2020-05-09T12:10:56","guid":{"rendered":"http:\/\/agora.xtec.cat\/zerelcardener\/?p=1286"},"modified":"2025-10-24T00:40:52","modified_gmt":"2025-10-23T22:40:52","slug":"noves-dates-portes-obertes-2020-21","status":"publish","type":"post","link":"https:\/\/agora.xtec.cat\/zerelcardener\/general\/noves-dates-portes-obertes-2020-21\/","title":{"rendered":"Noves dates Preinscripcions 2020-21"},"content":{"rendered":"<p><a href=\"https:\/\/agora.xtec.cat\/zerelcardener\/wp-content\/uploads\/usu1839\/2020\/05\/IMG-20200508-WA0024.jpg\"><img loading=\"lazy\" decoding=\"async\" class=\"alignnone wp-image-1287\" src=\"https:\/\/agora.xtec.cat\/zerelcardener\/wp-content\/uploads\/usu1839\/2020\/05\/IMG-20200508-WA0024-212x300.jpg\" alt=\"\" width=\"183\" height=\"259\" srcset=\"https:\/\/agora.xtec.cat\/zerelcardener\/wp-content\/uploads\/usu1839\/2020\/05\/IMG-20200508-WA0024-212x300.jpg 212w, https:\/\/agora.xtec.cat\/zerelcardener\/wp-content\/uploads\/usu1839\/2020\/05\/IMG-20200508-WA0024-768x1086.jpg 768w, https:\/\/agora.xtec.cat\/zerelcardener\/wp-content\/uploads\/usu1839\/2020\/05\/IMG-20200508-WA0024-724x1024.jpg 724w, https:\/\/agora.xtec.cat\/zerelcardener\/wp-content\/uploads\/usu1839\/2020\/05\/IMG-20200508-WA0024.jpg 1131w\" sizes=\"auto, (max-width: 183px) 100vw, 183px\" \/> <\/a> <a href=\"https:\/\/agora.xtec.cat\/zerelcardener\/wp-content\/uploads\/usu1839\/2020\/05\/prenscripci\u00f3.jpg\"><img loading=\"lazy\" decoding=\"async\" class=\"alignnone wp-image-1288\" src=\"https:\/\/agora.xtec.cat\/zerelcardener\/wp-content\/uploads\/usu1839\/2020\/05\/prenscripci\u00f3-212x300.jpg\" alt=\"\" width=\"183\" height=\"259\" srcset=\"https:\/\/agora.xtec.cat\/zerelcardener\/wp-content\/uploads\/usu1839\/2020\/05\/prenscripci\u00f3-212x300.jpg 212w, https:\/\/agora.xtec.cat\/zerelcardener\/wp-content\/uploads\/usu1839\/2020\/05\/prenscripci\u00f3-768x1086.jpg 768w, https:\/\/agora.xtec.cat\/zerelcardener\/wp-content\/uploads\/usu1839\/2020\/05\/prenscripci\u00f3-724x1024.jpg 724w, https:\/\/agora.xtec.cat\/zerelcardener\/wp-content\/uploads\/usu1839\/2020\/05\/prenscripci\u00f3.jpg 1587w\" sizes=\"auto, (max-width: 183px) 100vw, 183px\" \/><\/a><\/p>\n<p>Hola fam\u00edlies!!<\/p>\n<p>Per fi us podem anunciar les noves dates de preinscripci\u00f3 pel curs 2020-21 a les dues escoles de la ZER El Cardener. Es podr\u00e0 fer de forma telem\u00e0tica del <strong>13 al 22 de maig<\/strong>, i presencialment amb cita pr\u00e8via del 19 al 22 de maig. Per tal de concretar la cita pr\u00e8via cal fer-ho a trav\u00e9s del correu electr\u00f2nic de l&#8217;escola:<\/p>\n<p>\u00b7 Escola Sant Esteve (Valls de Torroella \/ Sant Mateu de Bages) &#8211; a8038089@xtec.cat<\/p>\n<p>\u00b7 Escola Joan de Pal\u00e0 (La Coromina \/ Cardona) &#8211; a8015612@xtec.cat<\/p>\n<p>&nbsp;<\/p>\n<p>Per a m\u00e9s informaci\u00f3, podeu visitar la p\u00e0gina web del <a href=\"http:\/\/queestudiar.gencat.cat\/ca\/preinscripcio\/estudis\/obligatoris\/\">Departament d&#8217;Educaci\u00f3<\/a>.<\/p>\n<p>&nbsp;<\/p>\n<p>&nbsp;<\/p>\n<p>&nbsp;<\/p>\n","protected":false},"excerpt":{"rendered":"<p><a href=\"https:\/\/agora.xtec.cat\/zerelcardener\/wp-content\/uploads\/usu1839\/2020\/05\/IMG-20200508-WA0024.jpg\"> <\/a> <a href=\"https:\/\/agora.xtec.cat\/zerelcardener\/wp-content\/uploads\/usu1839\/2020\/05\/prenscripci\u00f3.jpg\"><\/a><br \/>\nHola fam\u00edlies!!<br \/>\nPer fi us podem anunciar les noves dates de preinscripci\u00f3 pel curs 2020-21 a les dues escoles de la ZER El Cardener. Es podr\u00e0 fer de forma telem\u00e0tica del 13 al 22 de maig, i presencialment amb cita pr\u00e8via del&hellip;  <a href=\"https:\/\/agora.xtec.cat\/zerelcardener\/general\/noves-dates-portes-obertes-2020-21\/\" title=\"Read Noves dates Preinscripcions 2020-21\">Llegeix m\u00e9s\u00bb<\/a><\/p>\n","protected":false},"author":1,"featured_media":0,"comment_status":"closed","ping_status":"closed","sticky":false,"template":"","format":"standard","meta":{"footnotes":""},"categories":[1,114,29],"tags":[],"class_list":["post-1286","post","type-post","status-publish","format-standard","hentry","category-general","category-noticies","category-portada"],"post_mailing_queue_ids":[],"_links":{"self":[{"href":"https:\/\/agora.xtec.cat\/zerelcardener\/wp-json\/wp\/v2\/posts\/1286","targetHints":{"allow":["GET"]}}],"collection":[{"href":"https:\/\/agora.xtec.cat\/zerelcardener\/wp-json\/wp\/v2\/posts"}],"about":[{"href":"https:\/\/agora.xtec.cat\/zerelcardener\/wp-json\/wp\/v2\/types\/post"}],"author":[{"embeddable":true,"href":"https:\/\/agora.xtec.cat\/zerelcardener\/wp-json\/wp\/v2\/users\/1"}],"replies":[{"embeddable":true,"href":"https:\/\/agora.xtec.cat\/zerelcardener\/wp-json\/wp\/v2\/comments?post=1286"}],"version-history":[{"count":3,"href":"https:\/\/agora.xtec.cat\/zerelcardener\/wp-json\/wp\/v2\/posts\/1286\/revisions"}],"predecessor-version":[{"id":1294,"href":"https:\/\/agora.xtec.cat\/zerelcardener\/wp-json\/wp\/v2\/posts\/1286\/revisions\/1294"}],"wp:attachment":[{"href":"https:\/\/agora.xtec.cat\/zerelcardener\/wp-json\/wp\/v2\/media?parent=1286"}],"wp:term":[{"taxonomy":"category","embeddable":true,"href":"https:\/\/agora.xtec.cat\/zerelcardener\/wp-json\/wp\/v2\/categories?post=1286"},{"taxonomy":"post_tag","embeddable":true,"href":"https:\/\/agora.xtec.cat\/zerelcardener\/wp-json\/wp\/v2\/tags?post=1286"}],"curies":[{"name":"wp","href":"https:\/\/api.w.org\/{rel}","templated":true}]}}