{"id":1271,"date":"2020-03-11T19:11:56","date_gmt":"2020-03-11T18:11:56","guid":{"rendered":"http:\/\/agora.xtec.cat\/zerelcardener\/?p=1271"},"modified":"2020-03-11T19:12:48","modified_gmt":"2020-03-11T18:12:48","slug":"portes-obertes-2","status":"publish","type":"post","link":"https:\/\/agora.xtec.cat\/zerelcardener\/general\/portes-obertes-2\/","title":{"rendered":"Portes Obertes"},"content":{"rendered":"<p><a href=\"https:\/\/agora.xtec.cat\/zerelcardener\/wp-content\/uploads\/usu1839\/2020\/03\/Portes-Obertes-Joan-de-Pal\u00e0.jpg\"><img loading=\"lazy\" decoding=\"async\" class=\"alignnone wp-image-1272\" src=\"https:\/\/agora.xtec.cat\/zerelcardener\/wp-content\/uploads\/usu1839\/2020\/03\/Portes-Obertes-Joan-de-Pal\u00e0.jpg\" alt=\"\" width=\"344\" height=\"481\" \/><\/a> <a href=\"https:\/\/agora.xtec.cat\/zerelcardener\/wp-content\/uploads\/usu1839\/2020\/03\/Portes-Obertes-Sant-Esteve.jpg\"><img loading=\"lazy\" decoding=\"async\" class=\"alignnone wp-image-1273\" src=\"https:\/\/agora.xtec.cat\/zerelcardener\/wp-content\/uploads\/usu1839\/2020\/03\/Portes-Obertes-Sant-Esteve-724x1024.jpg\" alt=\"\" width=\"401\" height=\"591\" \/><\/a><\/p>\n<p>Ja tenim aqu\u00ed les portes obertes de les dues escoles de la ZER El Cardener, una bona oportunitat per entrar a les escoles i veure els treballs i els aprenentatges que hi van fent el nostre alumnat.<\/p>\n<p>Podeu fer una visita a l&#8217;escola Joan de Pal\u00e0 del 16 al 20 de mar\u00e7 entre les 9:30 del mat\u00ed fins a les 17h.<\/p>\n<p>I l&#8217;escola Sant Esteve organitza les portes obertes a trav\u00e9s de la III Festa dels @Estevets del dissabte 28 de mar\u00e7.<\/p>\n<p>No us ho perdeu i veniu a tafanejar!!<\/p>\n","protected":false},"excerpt":{"rendered":"<p><a href=\"https:\/\/agora.xtec.cat\/zerelcardener\/wp-content\/uploads\/usu1839\/2020\/03\/Portes-Obertes-Joan-de-Pal\u00e0.jpg\"><\/a> <a href=\"https:\/\/agora.xtec.cat\/zerelcardener\/wp-content\/uploads\/usu1839\/2020\/03\/Portes-Obertes-Sant-Esteve.jpg\"><\/a><br \/>\nJa tenim aqu\u00ed les portes obertes de les dues escoles de la ZER El Cardener, una bona oportunitat per entrar a les escoles i veure els treballs i els aprenentatges que hi van fent el nostre alumnat.<br \/>\nPodeu fer una visita a l&#8217;escola&hellip;  <a href=\"https:\/\/agora.xtec.cat\/zerelcardener\/general\/portes-obertes-2\/\" title=\"Read Portes Obertes\">Llegeix m\u00e9s\u00bb<\/a><\/p>\n","protected":false},"author":7,"featured_media":0,"comment_status":"open","ping_status":"closed","sticky":false,"template":"","format":"standard","meta":{"footnotes":""},"categories":[1,114,29],"tags":[],"class_list":["post-1271","post","type-post","status-publish","format-standard","hentry","category-general","category-noticies","category-portada"],"post_mailing_queue_ids":[],"_links":{"self":[{"href":"https:\/\/agora.xtec.cat\/zerelcardener\/wp-json\/wp\/v2\/posts\/1271","targetHints":{"allow":["GET"]}}],"collection":[{"href":"https:\/\/agora.xtec.cat\/zerelcardener\/wp-json\/wp\/v2\/posts"}],"about":[{"href":"https:\/\/agora.xtec.cat\/zerelcardener\/wp-json\/wp\/v2\/types\/post"}],"author":[{"embeddable":true,"href":"https:\/\/agora.xtec.cat\/zerelcardener\/wp-json\/wp\/v2\/users\/7"}],"replies":[{"embeddable":true,"href":"https:\/\/agora.xtec.cat\/zerelcardener\/wp-json\/wp\/v2\/comments?post=1271"}],"version-history":[{"count":2,"href":"https:\/\/agora.xtec.cat\/zerelcardener\/wp-json\/wp\/v2\/posts\/1271\/revisions"}],"predecessor-version":[{"id":1275,"href":"https:\/\/agora.xtec.cat\/zerelcardener\/wp-json\/wp\/v2\/posts\/1271\/revisions\/1275"}],"wp:attachment":[{"href":"https:\/\/agora.xtec.cat\/zerelcardener\/wp-json\/wp\/v2\/media?parent=1271"}],"wp:term":[{"taxonomy":"category","embeddable":true,"href":"https:\/\/agora.xtec.cat\/zerelcardener\/wp-json\/wp\/v2\/categories?post=1271"},{"taxonomy":"post_tag","embeddable":true,"href":"https:\/\/agora.xtec.cat\/zerelcardener\/wp-json\/wp\/v2\/tags?post=1271"}],"curies":[{"name":"wp","href":"https:\/\/api.w.org\/{rel}","templated":true}]}}