{"id":6934,"date":"2026-04-28T13:42:31","date_gmt":"2026-04-28T11:42:31","guid":{"rendered":"https:\/\/agora.xtec.cat\/zerebre\/?p=6934"},"modified":"2026-04-28T13:46:23","modified_gmt":"2026-04-28T11:46:23","slug":"dia-mundia-de-la-higiene-i-del-rentat-de-mans-2026","status":"publish","type":"post","link":"https:\/\/agora.xtec.cat\/zerebre\/general\/dia-mundia-de-la-higiene-i-del-rentat-de-mans-2026\/","title":{"rendered":"DIA MUNDIA DE LA HIGIENE I DEL RENTAT DE MANS 2026"},"content":{"rendered":"<p>En motiu del Dia Mundial de la Higiene i del Rentat de Mans, ha vingut a l&#8217;escola l&#8217;infermer Miquel a fer una xerrada a l&#8217;alumnat d&#8217;Educaci\u00f3 infantil i de 1r de prim\u00e0ria sobre la import\u00e0ncia que t\u00e9 el rentar-nos correctament les mans.<\/p>\n<p><span style=\"font-weight: 400;\"><span style=\"font-size: 16px; font-style: normal; font-weight: 400;\">S&#8217;ha acabat la xerrada de manera l\u00fadica, en la qu\u00e8 l&#8217;alumnat ha pogut demostrar tot all\u00f2 apr\u00e8s, en forma de jocs interactius.<\/span><\/span><\/p>\n<p><span style=\"font-weight: 400;\">Enguany han canviat el format i ja no es\u00a0 fa l\u2019acte institucional de forma presencial al Consell Comarcal de la Ribera d&#8217;Ebre.<\/span><\/p>\n<p><span style=\"font-weight: 400;\">La Caixa ens va fer l\u2019entrega del llibre \u201cCom ser tan polit com un drac!\u201d a les seves oficines de Flix. Aquest llibre toca diferents aspectes per dur un estil de vida net i saludable: higiene, alimentaci\u00f3, esport, etc.<\/span><\/p>\n<p><span style=\"font-weight: 400;\">L\u2019escola havia de realitzar algun treball relacionat amb el lema \u201cRentem-nos les mans quan toca\u201d i enviar la fotografia del realitzat, al CRP de la Ribera d\u2019Ebre. La nostra escola hem realitzat una escultura de plastilina plena de virus, que despr\u00e9s de les explicacions pertinents vam \u201crentar\u201d i va quedar la m\u00e0 neta.<\/span><\/p>\n<p>Per acabar, dir que estem molt contents perqu\u00e8 el mural que vam fer el curs passat sobre la higiene de les mans ha estat seleccionat per ser la portada de la campanya d&#8217;enguany. \u00c9s aquest, cliqueu per veure&#8217;l: <a href=\"https:\/\/agora.xtec.cat\/zerebre\/wp-content\/uploads\/usu1719\/2026\/04\/Triptic-Ribera-dEbre.pdf\">Tr\u00edptic Ribera d&#8217;Ebre<\/a><\/p>\n<p>&nbsp;<\/p>\n<p><img loading=\"lazy\" decoding=\"async\" class=\"size-medium wp-image-6935 aligncenter\" src=\"https:\/\/agora.xtec.cat\/zerebre\/wp-content\/uploads\/usu1719\/2026\/04\/infermer-300x225.jpeg\" alt=\"\" width=\"300\" height=\"225\" srcset=\"https:\/\/agora.xtec.cat\/zerebre\/wp-content\/uploads\/usu1719\/2026\/04\/infermer-300x225.jpeg 300w, https:\/\/agora.xtec.cat\/zerebre\/wp-content\/uploads\/usu1719\/2026\/04\/infermer-1024x768.jpeg 1024w, https:\/\/agora.xtec.cat\/zerebre\/wp-content\/uploads\/usu1719\/2026\/04\/infermer-768x576.jpeg 768w, https:\/\/agora.xtec.cat\/zerebre\/wp-content\/uploads\/usu1719\/2026\/04\/infermer-1536x1152.jpeg 1536w, https:\/\/agora.xtec.cat\/zerebre\/wp-content\/uploads\/usu1719\/2026\/04\/infermer.jpeg 2000w\" sizes=\"auto, (max-width: 300px) 100vw, 300px\" \/> \u00a0<img loading=\"lazy\" decoding=\"async\" class=\"size-medium wp-image-6937 aligncenter\" src=\"https:\/\/agora.xtec.cat\/zerebre\/wp-content\/uploads\/usu1719\/2026\/04\/la-palma-donacio-166x300.jpg\" alt=\"\" width=\"166\" height=\"300\" srcset=\"https:\/\/agora.xtec.cat\/zerebre\/wp-content\/uploads\/usu1719\/2026\/04\/la-palma-donacio-166x300.jpg 166w, https:\/\/agora.xtec.cat\/zerebre\/wp-content\/uploads\/usu1719\/2026\/04\/la-palma-donacio-568x1024.jpg 568w, https:\/\/agora.xtec.cat\/zerebre\/wp-content\/uploads\/usu1719\/2026\/04\/la-palma-donacio-768x1385.jpg 768w, https:\/\/agora.xtec.cat\/zerebre\/wp-content\/uploads\/usu1719\/2026\/04\/la-palma-donacio-852x1536.jpg 852w, https:\/\/agora.xtec.cat\/zerebre\/wp-content\/uploads\/usu1719\/2026\/04\/la-palma-donacio.jpg 998w\" sizes=\"auto, (max-width: 166px) 100vw, 166px\" \/><\/p>\n<p><img loading=\"lazy\" decoding=\"async\" class=\"size-medium wp-image-6936 aligncenter\" style=\"font-weight: inherit;\" src=\"https:\/\/agora.xtec.cat\/zerebre\/wp-content\/uploads\/usu1719\/2026\/04\/rentatdemans-240x300.jpeg\" alt=\"\" width=\"240\" height=\"300\" srcset=\"https:\/\/agora.xtec.cat\/zerebre\/wp-content\/uploads\/usu1719\/2026\/04\/rentatdemans-240x300.jpeg 240w, https:\/\/agora.xtec.cat\/zerebre\/wp-content\/uploads\/usu1719\/2026\/04\/rentatdemans-819x1024.jpeg 819w, https:\/\/agora.xtec.cat\/zerebre\/wp-content\/uploads\/usu1719\/2026\/04\/rentatdemans-768x960.jpeg 768w, https:\/\/agora.xtec.cat\/zerebre\/wp-content\/uploads\/usu1719\/2026\/04\/rentatdemans-1229x1536.jpeg 1229w, https:\/\/agora.xtec.cat\/zerebre\/wp-content\/uploads\/usu1719\/2026\/04\/rentatdemans.jpeg 1638w\" sizes=\"auto, (max-width: 240px) 100vw, 240px\" \/><\/p>\n","protected":false},"excerpt":{"rendered":"<p>En motiu del Dia Mundial de la Higiene i del Rentat de Mans, ha vingut a l&#8217;escola l&#8217;infermer Miquel a fer una xerrada a l&#8217;alumnat d&#8217;Educaci\u00f3 infantil i de 1r de prim\u00e0ria sobre la import\u00e0ncia que t\u00e9 el rentar-nos correctament les mans. S&#8217;ha acabat la xerrada de manera l\u00fadica, en la qu\u00e8 l&#8217;alumnat ha pogut [&hellip;]<\/p>\n","protected":false},"author":8,"featured_media":6936,"comment_status":"open","ping_status":"open","sticky":true,"template":"","format":"standard","meta":{"_bbp_topic_count":0,"_bbp_reply_count":0,"_bbp_total_topic_count":0,"_bbp_total_reply_count":0,"_bbp_voice_count":0,"_bbp_anonymous_reply_count":0,"_bbp_topic_count_hidden":0,"_bbp_reply_count_hidden":0,"_bbp_forum_subforum_count":0,"site-sidebar-layout":"default","site-content-layout":"","ast-site-content-layout":"default","site-content-style":"default","site-sidebar-style":"default","ast-global-header-display":"","ast-banner-title-visibility":"","ast-main-header-display":"","ast-hfb-above-header-display":"","ast-hfb-below-header-display":"","ast-hfb-mobile-header-display":"","site-post-title":"","ast-breadcrumbs-content":"","ast-featured-img":"","footer-sml-layout":"","theme-transparent-header-meta":"default","adv-header-id-meta":"","stick-header-meta":"","header-above-stick-meta":"","header-main-stick-meta":"","header-below-stick-meta":"","astra-migrate-meta-layouts":"set","ast-page-background-enabled":"default","ast-page-background-meta":{"desktop":{"background-color":"var(--ast-global-color-4)","background-image":"","background-repeat":"repeat","background-position":"center center","background-size":"auto","background-attachment":"scroll","background-type":"","background-media":"","overlay-type":"","overlay-color":"","overlay-opacity":"","overlay-gradient":""},"tablet":{"background-color":"","background-image":"","background-repeat":"repeat","background-position":"center center","background-size":"auto","background-attachment":"scroll","background-type":"","background-media":"","overlay-type":"","overlay-color":"","overlay-opacity":"","overlay-gradient":""},"mobile":{"background-color":"","background-image":"","background-repeat":"repeat","background-position":"center center","background-size":"auto","background-attachment":"scroll","background-type":"","background-media":"","overlay-type":"","overlay-color":"","overlay-opacity":"","overlay-gradient":""}},"ast-content-background-meta":{"desktop":{"background-color":"var(--ast-global-color-5)","background-image":"","background-repeat":"repeat","background-position":"center center","background-size":"auto","background-attachment":"scroll","background-type":"","background-media":"","overlay-type":"","overlay-color":"","overlay-opacity":"","overlay-gradient":""},"tablet":{"background-color":"var(--ast-global-color-5)","background-image":"","background-repeat":"repeat","background-position":"center center","background-size":"auto","background-attachment":"scroll","background-type":"","background-media":"","overlay-type":"","overlay-color":"","overlay-opacity":"","overlay-gradient":""},"mobile":{"background-color":"var(--ast-global-color-5)","background-image":"","background-repeat":"repeat","background-position":"center center","background-size":"auto","background-attachment":"scroll","background-type":"","background-media":"","overlay-type":"","overlay-color":"","overlay-opacity":"","overlay-gradient":""}},"footnotes":""},"categories":[171,120,507,1],"tags":[555,544,325,265,511,556],"class_list":["post-6934","post","type-post","status-publish","format-standard","has-post-thumbnail","hentry","category-daula","category-escola-1-dabril","category-escola-1-dabril-escola-1-dabril","category-general","tag-1r","tag-curs-2025-2026","tag-donacio","tag-ed-infantil","tag-higiene-de-mans","tag-servei-educatiu-de-la-ribera-debre"],"post_mailing_queue_ids":[],"_links":{"self":[{"href":"https:\/\/agora.xtec.cat\/zerebre\/wp-json\/wp\/v2\/posts\/6934","targetHints":{"allow":["GET"]}}],"collection":[{"href":"https:\/\/agora.xtec.cat\/zerebre\/wp-json\/wp\/v2\/posts"}],"about":[{"href":"https:\/\/agora.xtec.cat\/zerebre\/wp-json\/wp\/v2\/types\/post"}],"author":[{"embeddable":true,"href":"https:\/\/agora.xtec.cat\/zerebre\/wp-json\/wp\/v2\/users\/8"}],"replies":[{"embeddable":true,"href":"https:\/\/agora.xtec.cat\/zerebre\/wp-json\/wp\/v2\/comments?post=6934"}],"version-history":[{"count":2,"href":"https:\/\/agora.xtec.cat\/zerebre\/wp-json\/wp\/v2\/posts\/6934\/revisions"}],"predecessor-version":[{"id":6941,"href":"https:\/\/agora.xtec.cat\/zerebre\/wp-json\/wp\/v2\/posts\/6934\/revisions\/6941"}],"wp:featuredmedia":[{"embeddable":true,"href":"https:\/\/agora.xtec.cat\/zerebre\/wp-json\/wp\/v2\/media\/6936"}],"wp:attachment":[{"href":"https:\/\/agora.xtec.cat\/zerebre\/wp-json\/wp\/v2\/media?parent=6934"}],"wp:term":[{"taxonomy":"category","embeddable":true,"href":"https:\/\/agora.xtec.cat\/zerebre\/wp-json\/wp\/v2\/categories?post=6934"},{"taxonomy":"post_tag","embeddable":true,"href":"https:\/\/agora.xtec.cat\/zerebre\/wp-json\/wp\/v2\/tags?post=6934"}],"curies":[{"name":"wp","href":"https:\/\/api.w.org\/{rel}","templated":true}]}}