{"id":6905,"date":"2026-04-24T13:40:46","date_gmt":"2026-04-24T11:40:46","guid":{"rendered":"https:\/\/agora.xtec.cat\/zerebre\/?p=6905"},"modified":"2026-04-24T13:40:46","modified_gmt":"2026-04-24T11:40:46","slug":"trobada-a-riba-roja-debre-descobrir-per-estimar-la-ribera","status":"publish","type":"post","link":"https:\/\/agora.xtec.cat\/zerebre\/general\/trobada-a-riba-roja-debre-descobrir-per-estimar-la-ribera\/","title":{"rendered":"Trobada a Riba-roja d&#8217;Ebre &#8220;Descobrir per estimar la Ribera&#8221;"},"content":{"rendered":"<p data-path-to-node=\"3\">El passat dilluns 20 d\u2019abril, l\u2019<b data-path-to-node=\"3\" data-index-in-node=\"32\">Escola Sant Agust\u00ed de Riba-roja d\u2019Ebre<\/b> va tenir el plaer de rebre l\u2019alumnat de 5\u00e8 de l\u2019<b data-path-to-node=\"3\" data-index-in-node=\"119\">Escola Llu\u00eds Vinyes de M\u00f3ra d\u2019Ebre<\/b>. Aquesta jornada s\u2019emmarca dins de <b data-path-to-node=\"3\" data-index-in-node=\"189\">&#8220;Descobrir per Estimar&#8221;<\/b>, un nou projecte comarcal que neix amb l\u2019objectiu de vincular els infants amb el patrimoni local i enfortir els lligams entre els centres de prim\u00e0ria de la nostra comarca.<\/p>\n<h3 data-path-to-node=\"4\">Cr\u00f2nica de la jornada a Riba-roja<\/h3>\n<p data-path-to-node=\"5\">En aquesta ocasi\u00f3, els nostres alumnes de 5\u00e8 i 6\u00e8 van exercir de guies d\u2019excepci\u00f3. Van explicar amb detall els panells informatius i el forn d&#8217;oli del <b data-path-to-node=\"5\" data-index-in-node=\"151\">Centre d&#8217;Interpretaci\u00f3 Provisional dels Olis de Ginebre<\/b>, demostrant un gran coneixement i estima pel patrimoni local.<\/p>\n<p data-path-to-node=\"6\">A m\u00e9s, la jornada va comptar amb les seg\u00fcents col\u00b7laboracions:<\/p>\n<ul data-path-to-node=\"7\">\n<li>\n<p data-path-to-node=\"7,0,0\">El <b data-path-to-node=\"7,0,0\" data-index-in-node=\"3\">Sr. Orta<\/b> i el <b data-path-to-node=\"7,0,0\" data-index-in-node=\"17\">Sr. P\u00e9rez<\/b>, membres de l&#8217;Associaci\u00f3 d&#8217;Amics de Riba-roja, que van acompanyar i donar suport als joves guies.<\/p>\n<\/li>\n<li>\n<p data-path-to-node=\"7,1,0\">La <b data-path-to-node=\"7,1,0\" data-index-in-node=\"3\">Sra. Anna Catal\u00e0<\/b> i el <b data-path-to-node=\"7,1,0\" data-index-in-node=\"25\">Sr. Toni Gay<\/b>, qui ens van oferir una enriquidora lli\u00e7\u00f3 etnobot\u00e0nica sobre el ginebre i els seus usos tradicionals.<\/p>\n<\/li>\n<\/ul>\n<h3 data-path-to-node=\"8\">Agra\u00efments<\/h3>\n<p data-path-to-node=\"9\">Volem expressar el nostre sincer agra\u00efment a totes les parts que han fet possible aquesta experi\u00e8ncia:<\/p>\n<ul data-path-to-node=\"10\">\n<li>\n<p data-path-to-node=\"10,0,0\">A l&#8217;<b data-path-to-node=\"10,0,0\" data-index-in-node=\"4\">Escola Llu\u00eds Vinyes<\/b>, per la seva visita, el seu inter\u00e8s i per compartir amb nosaltres aquest cam\u00ed d&#8217;aprenentatge compartit.<\/p>\n<\/li>\n<li>\n<p data-path-to-node=\"10,1,0\">A l&#8217;<b data-path-to-node=\"10,1,0\" data-index-in-node=\"4\">Associaci\u00f3 d\u2019Amics de Riba-roja<\/b>, per la seva implicaci\u00f3 constant en la transmissi\u00f3 del saber popular i el suport als nostres alumnes.<\/p>\n<\/li>\n<li>\n<p data-path-to-node=\"10,2,0\">Al <b data-path-to-node=\"10,2,0\" data-index-in-node=\"3\">Consell Comarcal de la Ribera d\u2019Ebre<\/b>, per facilitar els recursos i el transport necessari per fer realitat aquestes trobades que tant ens enriqueixen.<\/p>\n<\/li>\n<\/ul>\n<p data-path-to-node=\"11\">Gr\u00e0cies a aquesta oportunitat, seguim fent territori i aprenent a estimar el que ens envolta de la m\u00e0 del nostre alumnat. <b data-path-to-node=\"11\" data-index-in-node=\"122\">Endavant amb la descoberta!<\/b><\/p>\n","protected":false},"excerpt":{"rendered":"<p>El passat dilluns 20 d\u2019abril, l\u2019Escola Sant Agust\u00ed de Riba-roja d\u2019Ebre va tenir el plaer de rebre l\u2019alumnat de 5\u00e8 de l\u2019Escola Llu\u00eds Vinyes de M\u00f3ra d\u2019Ebre. Aquesta jornada s\u2019emmarca dins de &#8220;Descobrir per Estimar&#8221;, un nou projecte comarcal que neix amb l\u2019objectiu de vincular els infants amb el patrimoni local i enfortir els lligams [&hellip;]<\/p>\n","protected":false},"author":47,"featured_media":0,"comment_status":"open","ping_status":"open","sticky":true,"template":"","format":"standard","meta":{"_bbp_topic_count":0,"_bbp_reply_count":0,"_bbp_total_topic_count":0,"_bbp_total_reply_count":0,"_bbp_voice_count":0,"_bbp_anonymous_reply_count":0,"_bbp_topic_count_hidden":0,"_bbp_reply_count_hidden":0,"_bbp_forum_subforum_count":0,"site-sidebar-layout":"default","site-content-layout":"","ast-site-content-layout":"default","site-content-style":"default","site-sidebar-style":"default","ast-global-header-display":"","ast-banner-title-visibility":"","ast-main-header-display":"","ast-hfb-above-header-display":"","ast-hfb-below-header-display":"","ast-hfb-mobile-header-display":"","site-post-title":"","ast-breadcrumbs-content":"","ast-featured-img":"","footer-sml-layout":"","theme-transparent-header-meta":"default","adv-header-id-meta":"","stick-header-meta":"","header-above-stick-meta":"","header-main-stick-meta":"","header-below-stick-meta":"","astra-migrate-meta-layouts":"set","ast-page-background-enabled":"default","ast-page-background-meta":{"desktop":{"background-color":"var(--ast-global-color-4)","background-image":"","background-repeat":"repeat","background-position":"center center","background-size":"auto","background-attachment":"scroll","background-type":"","background-media":"","overlay-type":"","overlay-color":"","overlay-opacity":"","overlay-gradient":""},"tablet":{"background-color":"","background-image":"","background-repeat":"repeat","background-position":"center center","background-size":"auto","background-attachment":"scroll","background-type":"","background-media":"","overlay-type":"","overlay-color":"","overlay-opacity":"","overlay-gradient":""},"mobile":{"background-color":"","background-image":"","background-repeat":"repeat","background-position":"center center","background-size":"auto","background-attachment":"scroll","background-type":"","background-media":"","overlay-type":"","overlay-color":"","overlay-opacity":"","overlay-gradient":""}},"ast-content-background-meta":{"desktop":{"background-color":"var(--ast-global-color-5)","background-image":"","background-repeat":"repeat","background-position":"center center","background-size":"auto","background-attachment":"scroll","background-type":"","background-media":"","overlay-type":"","overlay-color":"","overlay-opacity":"","overlay-gradient":""},"tablet":{"background-color":"var(--ast-global-color-5)","background-image":"","background-repeat":"repeat","background-position":"center center","background-size":"auto","background-attachment":"scroll","background-type":"","background-media":"","overlay-type":"","overlay-color":"","overlay-opacity":"","overlay-gradient":""},"mobile":{"background-color":"var(--ast-global-color-5)","background-image":"","background-repeat":"repeat","background-position":"center center","background-size":"auto","background-attachment":"scroll","background-type":"","background-media":"","overlay-type":"","overlay-color":"","overlay-opacity":"","overlay-gradient":""}},"footnotes":""},"categories":[119,433,1,29],"tags":[356,276,466],"class_list":["post-6905","post","type-post","status-publish","format-standard","hentry","category-escola-sant-agusti","category-escola-sant-agusti-2","category-general","category-portada","tag-oli-de-ginebre","tag-primaria","tag-riba-roja"],"post_mailing_queue_ids":[],"_links":{"self":[{"href":"https:\/\/agora.xtec.cat\/zerebre\/wp-json\/wp\/v2\/posts\/6905","targetHints":{"allow":["GET"]}}],"collection":[{"href":"https:\/\/agora.xtec.cat\/zerebre\/wp-json\/wp\/v2\/posts"}],"about":[{"href":"https:\/\/agora.xtec.cat\/zerebre\/wp-json\/wp\/v2\/types\/post"}],"author":[{"embeddable":true,"href":"https:\/\/agora.xtec.cat\/zerebre\/wp-json\/wp\/v2\/users\/47"}],"replies":[{"embeddable":true,"href":"https:\/\/agora.xtec.cat\/zerebre\/wp-json\/wp\/v2\/comments?post=6905"}],"version-history":[{"count":1,"href":"https:\/\/agora.xtec.cat\/zerebre\/wp-json\/wp\/v2\/posts\/6905\/revisions"}],"predecessor-version":[{"id":6906,"href":"https:\/\/agora.xtec.cat\/zerebre\/wp-json\/wp\/v2\/posts\/6905\/revisions\/6906"}],"wp:attachment":[{"href":"https:\/\/agora.xtec.cat\/zerebre\/wp-json\/wp\/v2\/media?parent=6905"}],"wp:term":[{"taxonomy":"category","embeddable":true,"href":"https:\/\/agora.xtec.cat\/zerebre\/wp-json\/wp\/v2\/categories?post=6905"},{"taxonomy":"post_tag","embeddable":true,"href":"https:\/\/agora.xtec.cat\/zerebre\/wp-json\/wp\/v2\/tags?post=6905"}],"curies":[{"name":"wp","href":"https:\/\/api.w.org\/{rel}","templated":true}]}}