{"id":6781,"date":"2026-03-12T15:31:49","date_gmt":"2026-03-12T14:31:49","guid":{"rendered":"https:\/\/agora.xtec.cat\/zerebre\/?p=6781"},"modified":"2026-03-12T15:32:35","modified_gmt":"2026-03-12T14:32:35","slug":"lectura-en-veu-alta-rr-2026","status":"publish","type":"post","link":"https:\/\/agora.xtec.cat\/zerebre\/general\/lectura-en-veu-alta-rr-2026\/","title":{"rendered":"LECTURA EN VEU ALTA RR 2026"},"content":{"rendered":"<p class=\"isSelectedEnd\">Avui ha estat un dia especial per a la nostra escola. Dos alumnes, un de Cicle Mitj\u00e0 i un de Cicle Superior, han representat el centre al <strong>Concurs de Lectura en Veu Alta<\/strong>, que s\u2019ha celebrat a Tortosa.<\/p>\n<p class=\"isSelectedEnd\">Durant el mat\u00ed hem pogut seguir l\u2019esdeveniment en directe des de l\u2019escola. A les aules hem estat molt pendents de les seves intervencions, escoltant amb atenci\u00f3 com llegien davant del jurat i dels altres participants. Ha estat una experi\u00e8ncia molt emocionant, ja que tota la comunitat educativa ha pogut acompanyar-los, encara que fos a dist\u00e0ncia.<\/p>\n<p class=\"isSelectedEnd\">Els nostres representants han fet una gran actuaci\u00f3: han llegit amb expressivitat, bona entonaci\u00f3 i molta seguretat. Estem molt orgullosos de la feina que han fet i de com han representat l\u2019escola.<\/p>\n<p class=\"isSelectedEnd\">Al final de la jornada tamb\u00e9 hem pogut con\u00e8ixer els resultats en directe. Independentment de la classificaci\u00f3 final, participar en aquest concurs \u00e9s ja un gran reconeixement a l\u2019esfor\u00e7, la const\u00e0ncia i l\u2019amor per la lectura.<\/p>\n<p>Des de l\u2019escola volem felicitar els dos alumnes participants per la seva dedicaci\u00f3 i valentia, i animar tot l\u2019alumnat a continuar gaudint de la lectura. Sens dubte, experi\u00e8ncies com aquesta ens recorden la import\u00e0ncia de llegir, compartir hist\u00f2ries i fer cr\u00e9ixer la passi\u00f3 pels llibres.<\/p>\n\r\n\t<div class=\"slideshow_container slideshow_container_style-light\" style=\"height: 300px; \" data-slideshow-id=\"6780\" data-style-name=\"style-light\" data-style-version=\"2.3.1\" >\r\n\r\n\t\t\t\t\t<div class=\"slideshow_loading_icon\"><\/div>\r\n\t\t\r\n\t\t<div class=\"slideshow_content\" style=\"display: none;\">\r\n\r\n\t\t\t<div class=\"slideshow_view\">\r\n\t\t\t\t<div class=\"slideshow_slide slideshow_slide_image\">\r\n\t\t\t\t\t\t\t\t\t\t\t<img src=\"https:\/\/agora.xtec.cat\/zerebre\/wp-content\/uploads\/usu1719\/2026\/03\/Screenshot_20260312_152124-1.jpg\" alt=\"Screenshot_20260312_152124\" width=\"1600\" height=\"720\" \/>\r\n\t\t\t\t\t\t\t\t\t\t<div class=\"slideshow_description_box slideshow_transparent\">\r\n\t\t\t\t\t\t<div class=\"slideshow_title\">Screenshot_20260312_152124<\/div>\t\t\t\t\t\t\t\t\t\t\t<\/div>\r\n\t\t\t\t<\/div>\r\n\r\n\t\t\t\t\t\t<div style=\"clear: both;\"><\/div><\/div><div class=\"slideshow_view\">\r\n\t\t\t\t<div class=\"slideshow_slide slideshow_slide_image\">\r\n\t\t\t\t\t\t\t\t\t\t\t<img src=\"https:\/\/agora.xtec.cat\/zerebre\/wp-content\/uploads\/usu1719\/2026\/03\/WhatsApp-Image-2026-03-12-at-15.13.15.jpeg\" alt=\"WhatsApp Image 2026-03-12 at 15.13.15\" width=\"2048\" height=\"1532\" \/>\r\n\t\t\t\t\t\t\t\t\t\t<div class=\"slideshow_description_box slideshow_transparent\">\r\n\t\t\t\t\t\t<div class=\"slideshow_title\">WhatsApp Image 2026-03-12 at 15.13.15<\/div>\t\t\t\t\t\t\t\t\t\t\t<\/div>\r\n\t\t\t\t<\/div>\r\n\r\n\t\t\t\t\t\t<div style=\"clear: both;\"><\/div><\/div>\r\n\t\t<\/div>\r\n\r\n\t\t<div class=\"slideshow_controlPanel slideshow_transparent\" style=\"display: none;\"><ul><li class=\"slideshow_togglePlay\" data-play-text=\"Visualitza\" data-pause-text=\"Pausa\"><\/li><\/ul><\/div>\r\n\r\n\t\t<div class=\"slideshow_button slideshow_previous slideshow_transparent\" role=\"button\" data-previous-text=\"Anterior\" style=\"display: none;\"><\/div>\r\n\t\t<div class=\"slideshow_button slideshow_next slideshow_transparent\" role=\"button\" data-next-text=\"Seg\u00fcent\" style=\"display: none;\"><\/div>\r\n\r\n\t\t<div class=\"slideshow_pagination\" style=\"display: none;\" data-go-to-text=\"V\u00e9s a la diapositiva\"><div class=\"slideshow_pagination_center\"><\/div><\/div>\r\n\r\n\t\t<!-- WordPress Slideshow Version 2.3.1 -->\r\n\r\n\t\t\t<\/div>\r\n\r\n\n","protected":false},"excerpt":{"rendered":"<p>Avui ha estat un dia especial per a la nostra escola. Dos alumnes, un de Cicle Mitj\u00e0 i un de Cicle Superior, han representat el centre al Concurs de Lectura en Veu Alta, que s\u2019ha celebrat a Tortosa. Durant el mat\u00ed hem pogut seguir l\u2019esdeveniment en directe des de l\u2019escola. A les aules hem estat [&hellip;]<\/p>\n","protected":false},"author":47,"featured_media":6783,"comment_status":"open","ping_status":"open","sticky":true,"template":"","format":"standard","meta":{"_bbp_topic_count":0,"_bbp_reply_count":0,"_bbp_total_topic_count":0,"_bbp_total_reply_count":0,"_bbp_voice_count":0,"_bbp_anonymous_reply_count":0,"_bbp_topic_count_hidden":0,"_bbp_reply_count_hidden":0,"_bbp_forum_subforum_count":0,"site-sidebar-layout":"default","site-content-layout":"","ast-site-content-layout":"default","site-content-style":"default","site-sidebar-style":"default","ast-global-header-display":"","ast-banner-title-visibility":"","ast-main-header-display":"","ast-hfb-above-header-display":"","ast-hfb-below-header-display":"","ast-hfb-mobile-header-display":"","site-post-title":"","ast-breadcrumbs-content":"","ast-featured-img":"","footer-sml-layout":"","theme-transparent-header-meta":"default","adv-header-id-meta":"","stick-header-meta":"","header-above-stick-meta":"","header-main-stick-meta":"","header-below-stick-meta":"","astra-migrate-meta-layouts":"set","ast-page-background-enabled":"default","ast-page-background-meta":{"desktop":{"background-color":"var(--ast-global-color-4)","background-image":"","background-repeat":"repeat","background-position":"center center","background-size":"auto","background-attachment":"scroll","background-type":"","background-media":"","overlay-type":"","overlay-color":"","overlay-opacity":"","overlay-gradient":""},"tablet":{"background-color":"","background-image":"","background-repeat":"repeat","background-position":"center center","background-size":"auto","background-attachment":"scroll","background-type":"","background-media":"","overlay-type":"","overlay-color":"","overlay-opacity":"","overlay-gradient":""},"mobile":{"background-color":"","background-image":"","background-repeat":"repeat","background-position":"center center","background-size":"auto","background-attachment":"scroll","background-type":"","background-media":"","overlay-type":"","overlay-color":"","overlay-opacity":"","overlay-gradient":""}},"ast-content-background-meta":{"desktop":{"background-color":"var(--ast-global-color-5)","background-image":"","background-repeat":"repeat","background-position":"center center","background-size":"auto","background-attachment":"scroll","background-type":"","background-media":"","overlay-type":"","overlay-color":"","overlay-opacity":"","overlay-gradient":""},"tablet":{"background-color":"var(--ast-global-color-5)","background-image":"","background-repeat":"repeat","background-position":"center center","background-size":"auto","background-attachment":"scroll","background-type":"","background-media":"","overlay-type":"","overlay-color":"","overlay-opacity":"","overlay-gradient":""},"mobile":{"background-color":"var(--ast-global-color-5)","background-image":"","background-repeat":"repeat","background-position":"center center","background-size":"auto","background-attachment":"scroll","background-type":"","background-media":"","overlay-type":"","overlay-color":"","overlay-opacity":"","overlay-gradient":""}},"footnotes":""},"categories":[119,433,1,29],"tags":[498,354,274,467,466],"class_list":["post-6781","post","type-post","status-publish","format-standard","has-post-thumbnail","hentry","category-escola-sant-agusti","category-escola-sant-agusti-2","category-general","category-portada","tag-certamen-lectura-en-veu-alta","tag-cicle-mitja","tag-cicle-superior","tag-escola-sant-agusti","tag-riba-roja"],"post_mailing_queue_ids":[],"_links":{"self":[{"href":"https:\/\/agora.xtec.cat\/zerebre\/wp-json\/wp\/v2\/posts\/6781","targetHints":{"allow":["GET"]}}],"collection":[{"href":"https:\/\/agora.xtec.cat\/zerebre\/wp-json\/wp\/v2\/posts"}],"about":[{"href":"https:\/\/agora.xtec.cat\/zerebre\/wp-json\/wp\/v2\/types\/post"}],"author":[{"embeddable":true,"href":"https:\/\/agora.xtec.cat\/zerebre\/wp-json\/wp\/v2\/users\/47"}],"replies":[{"embeddable":true,"href":"https:\/\/agora.xtec.cat\/zerebre\/wp-json\/wp\/v2\/comments?post=6781"}],"version-history":[{"count":1,"href":"https:\/\/agora.xtec.cat\/zerebre\/wp-json\/wp\/v2\/posts\/6781\/revisions"}],"predecessor-version":[{"id":6782,"href":"https:\/\/agora.xtec.cat\/zerebre\/wp-json\/wp\/v2\/posts\/6781\/revisions\/6782"}],"wp:featuredmedia":[{"embeddable":true,"href":"https:\/\/agora.xtec.cat\/zerebre\/wp-json\/wp\/v2\/media\/6783"}],"wp:attachment":[{"href":"https:\/\/agora.xtec.cat\/zerebre\/wp-json\/wp\/v2\/media?parent=6781"}],"wp:term":[{"taxonomy":"category","embeddable":true,"href":"https:\/\/agora.xtec.cat\/zerebre\/wp-json\/wp\/v2\/categories?post=6781"},{"taxonomy":"post_tag","embeddable":true,"href":"https:\/\/agora.xtec.cat\/zerebre\/wp-json\/wp\/v2\/tags?post=6781"}],"curies":[{"name":"wp","href":"https:\/\/api.w.org\/{rel}","templated":true}]}}