{"id":6349,"date":"2025-06-10T09:55:05","date_gmt":"2025-06-10T07:55:05","guid":{"rendered":"https:\/\/agora.xtec.cat\/zerebre\/?p=6349"},"modified":"2025-06-10T09:55:05","modified_gmt":"2025-06-10T07:55:05","slug":"sant-isidre-patro-de-la-pagesia-a-la-palma-debre","status":"publish","type":"post","link":"https:\/\/agora.xtec.cat\/zerebre\/general\/sant-isidre-patro-de-la-pagesia-a-la-palma-debre\/","title":{"rendered":"SANT ISIDRE, PATR\u00d3 DE LA PAGESIA A LA PALMA D&#8217;EBRE"},"content":{"rendered":"<p><span style=\"font-weight: 400;\">El dia 15 de maig \u00e9s la festivitat de Sant Isidre, patr\u00f3 de tota la pagesia de La Palma d&#8217;Ebre. Com ja \u00e9s tradicional, tot i que \u00e9s dia festiu i l&#8217;escola est\u00e0 tancada, dies abans participem en la preparaci\u00f3 d\u2019una exposici\u00f3 que es pot veure al local del Centre cultural i Social.<\/span><\/p>\n<p><span style=\"font-weight: 400;\">Enguany vam decidir fer un &#8220;camp sensorial&#8221;, una proposta pensada per despertar els sentits i connectar amb el m\u00f3n agr\u00edcola que ens envolta. <\/span><span style=\"font-weight: 400;\">Dues setmanes abans de la celebraci\u00f3 vam comen\u00e7ar a preparar l\u2019activitat, pensada com un recorregut interactiu per a tots els ve\u00efns i ve\u00efnes del poble. L\u2019exposici\u00f3 consistia en un passeig sensorial format per nou caixes sorpresa numerades. A dins de cada caixa s\u2019hi amagaven elements relacionats amb el camp, com ara estris i productes t\u00edpics de l\u2019entorn agr\u00edcola: fruites, verdures, plantes arom\u00e0tiques, etc. <\/span><span style=\"font-weight: 400;\">Els participants havien d\u2019introduir-hi la m\u00e0 o acostar-hi el nas per descobrir qu\u00e8 hi havia dins, fent servir el tacte o l\u2019olfacte. Les caixes contenien els seg\u00fcents elements:<\/span><\/p>\n<ol>\n<li><span style=\"font-weight: 400;\"> Branca d\u2019olivera<\/span><\/li>\n<li><span style=\"font-weight: 400;\"> Rasqueta<\/span><\/li>\n<li><span style=\"font-weight: 400;\"> Olives en suc<\/span><\/li>\n<li><span style=\"font-weight: 400;\"> Ra\u00efm<\/span><\/li>\n<li><span style=\"font-weight: 400;\"> Br\u00f2quil<\/span><\/li>\n<li><span style=\"font-weight: 400;\"> Branca d\u2019ametller<\/span><\/li>\n<li><span style=\"font-weight: 400;\"> Setrill<\/span><\/li>\n<li><span style=\"font-weight: 400;\"> Romer<\/span><\/li>\n<li><span style=\"font-weight: 400;\"> Curros<\/span><\/li>\n<\/ol>\n<p><span style=\"font-weight: 400;\">Al final del recorregut, els visitants trobaven una cistella amb les respostes correctes i el t\u00edtol de l\u2019exposici\u00f3: Camp sensorial, en clara refer\u00e8ncia a la proposta vivencial i sensitiva que acabaven de fer.<\/span><\/p>\n<p><span style=\"font-weight: 400;\">Per la tarda el president de la Cooperativa va entregar a l&#8217;escola i a cada alumne un regal en agra\u00efment pel treball realitzat. <\/span><\/p>\n<p><span style=\"font-weight: 400;\">Molt\u00edssimes gr\u00e0cies!<\/span><\/p>\n<p><img loading=\"lazy\" decoding=\"async\" class=\"alignleft\" src=\"https:\/\/encrypted-tbn0.gstatic.com\/images?q=tbn:ANd9GcQmenRZHCaQcKFqlW_AdTjXPKLB5_RGHDjGUxVnJIy8fvRnaEGh_ALtZRSRYctBv9pidH8&amp;usqp=CAU\" alt=\"\ud83d\udc49 Dorso De Mano Con \u00cdndice A La Derecha Emoji: Significado y Uso\" width=\"37\" height=\"37\" \/><\/p>\n<p><span style=\"font-family: inherit; font-size: 1em;\">\u00a0 \u00a0<a href=\"https:\/\/drive.google.com\/drive\/folders\/1PTfgnJmvJCdauMKglL-LIYeiVKakKcK5?usp=sharing\">Clicant aqu\u00ed podreu veure el qu\u00e8 vam fer.<\/a><\/span><\/p>\n","protected":false},"excerpt":{"rendered":"<p>El dia 15 de maig \u00e9s la festivitat de Sant Isidre, patr\u00f3 de tota la pagesia de La Palma d&#8217;Ebre. Com ja \u00e9s tradicional, tot i que \u00e9s dia festiu i l&#8217;escola est\u00e0 tancada, dies abans participem en la preparaci\u00f3 d\u2019una exposici\u00f3 que es pot veure al local del Centre cultural i Social. Enguany vam [&hellip;]<\/p>\n","protected":false},"author":8,"featured_media":0,"comment_status":"open","ping_status":"open","sticky":true,"template":"","format":"standard","meta":{"_bbp_topic_count":0,"_bbp_reply_count":0,"_bbp_total_topic_count":0,"_bbp_total_reply_count":0,"_bbp_voice_count":0,"_bbp_anonymous_reply_count":0,"_bbp_topic_count_hidden":0,"_bbp_reply_count_hidden":0,"_bbp_forum_subforum_count":0,"site-sidebar-layout":"default","site-content-layout":"","ast-site-content-layout":"","site-content-style":"default","site-sidebar-style":"default","ast-global-header-display":"","ast-banner-title-visibility":"","ast-main-header-display":"","ast-hfb-above-header-display":"","ast-hfb-below-header-display":"","ast-hfb-mobile-header-display":"","site-post-title":"","ast-breadcrumbs-content":"","ast-featured-img":"","footer-sml-layout":"","theme-transparent-header-meta":"","adv-header-id-meta":"","stick-header-meta":"","header-above-stick-meta":"","header-main-stick-meta":"","header-below-stick-meta":"","astra-migrate-meta-layouts":"default","ast-page-background-enabled":"default","ast-page-background-meta":{"desktop":{"background-color":"var(--ast-global-color-4)","background-image":"","background-repeat":"repeat","background-position":"center center","background-size":"auto","background-attachment":"scroll","background-type":"","background-media":"","overlay-type":"","overlay-color":"","overlay-opacity":"","overlay-gradient":""},"tablet":{"background-color":"","background-image":"","background-repeat":"repeat","background-position":"center center","background-size":"auto","background-attachment":"scroll","background-type":"","background-media":"","overlay-type":"","overlay-color":"","overlay-opacity":"","overlay-gradient":""},"mobile":{"background-color":"","background-image":"","background-repeat":"repeat","background-position":"center center","background-size":"auto","background-attachment":"scroll","background-type":"","background-media":"","overlay-type":"","overlay-color":"","overlay-opacity":"","overlay-gradient":""}},"ast-content-background-meta":{"desktop":{"background-color":"var(--ast-global-color-5)","background-image":"","background-repeat":"repeat","background-position":"center center","background-size":"auto","background-attachment":"scroll","background-type":"","background-media":"","overlay-type":"","overlay-color":"","overlay-opacity":"","overlay-gradient":""},"tablet":{"background-color":"var(--ast-global-color-5)","background-image":"","background-repeat":"repeat","background-position":"center center","background-size":"auto","background-attachment":"scroll","background-type":"","background-media":"","overlay-type":"","overlay-color":"","overlay-opacity":"","overlay-gradient":""},"mobile":{"background-color":"var(--ast-global-color-5)","background-image":"","background-repeat":"repeat","background-position":"center center","background-size":"auto","background-attachment":"scroll","background-type":"","background-media":"","overlay-type":"","overlay-color":"","overlay-opacity":"","overlay-gradient":""}},"footnotes":""},"categories":[155,149,171,120,1],"tags":[419,495,445,418],"class_list":["post-6349","post","type-post","status-publish","format-standard","hentry","category-amb-lentorn","category-celebracions-lp","category-daula","category-escola-1-dabril","category-general","tag-cooperativa","tag-curs-2024-2025","tag-exposicio","tag-sant-isidre"],"post_mailing_queue_ids":[],"_links":{"self":[{"href":"https:\/\/agora.xtec.cat\/zerebre\/wp-json\/wp\/v2\/posts\/6349","targetHints":{"allow":["GET"]}}],"collection":[{"href":"https:\/\/agora.xtec.cat\/zerebre\/wp-json\/wp\/v2\/posts"}],"about":[{"href":"https:\/\/agora.xtec.cat\/zerebre\/wp-json\/wp\/v2\/types\/post"}],"author":[{"embeddable":true,"href":"https:\/\/agora.xtec.cat\/zerebre\/wp-json\/wp\/v2\/users\/8"}],"replies":[{"embeddable":true,"href":"https:\/\/agora.xtec.cat\/zerebre\/wp-json\/wp\/v2\/comments?post=6349"}],"version-history":[{"count":2,"href":"https:\/\/agora.xtec.cat\/zerebre\/wp-json\/wp\/v2\/posts\/6349\/revisions"}],"predecessor-version":[{"id":6351,"href":"https:\/\/agora.xtec.cat\/zerebre\/wp-json\/wp\/v2\/posts\/6349\/revisions\/6351"}],"wp:attachment":[{"href":"https:\/\/agora.xtec.cat\/zerebre\/wp-json\/wp\/v2\/media?parent=6349"}],"wp:term":[{"taxonomy":"category","embeddable":true,"href":"https:\/\/agora.xtec.cat\/zerebre\/wp-json\/wp\/v2\/categories?post=6349"},{"taxonomy":"post_tag","embeddable":true,"href":"https:\/\/agora.xtec.cat\/zerebre\/wp-json\/wp\/v2\/tags?post=6349"}],"curies":[{"name":"wp","href":"https:\/\/api.w.org\/{rel}","templated":true}]}}