{"id":6067,"date":"2024-06-25T11:26:15","date_gmt":"2024-06-25T09:26:15","guid":{"rendered":"https:\/\/agora.xtec.cat\/zerebre\/?p=6067"},"modified":"2024-06-26T00:17:36","modified_gmt":"2024-06-25T22:17:36","slug":"mostra-de-teatre-lp","status":"publish","type":"post","link":"https:\/\/agora.xtec.cat\/zerebre\/altres-lp\/escola-1-dabril\/mostra-de-teatre-lp\/","title":{"rendered":"MOSTRA DE TEATRE LP"},"content":{"rendered":"<p>Els nostres nens i nenes de prim\u00e0ria i infantil van treballar amb molt d&#8217;esfor\u00e7 a un certamen que participa la nostra escola, aquest s&#8217;anomena &#8220;Mostra de Teatre de la Ribera&#8221;. En aquest certamen hi participen les escoles que ho desitgen per despr\u00e9s compartir el resultat del que han fet amb la resta, com es pot deduir pel nom del certamen, \u00e9s una obra teatral.<\/p>\n<p>Ha estat un proc\u00e9s llarg, que ha involucrat tot el curs a les classes de valors. Per avan\u00e7ar feina, al primer trimestre els alumnes van gaudir de l&#8217;oportunitat de decidir la tem\u00e0tica del teatre i l&#8217;estructura d&#8217;aquesta obra (de manera molt gen\u00e8rica). Finalment, el docent va elaborar l&#8217;obra tenint en compte el que els i les alumnes havien decidit i les seves edats.<\/p>\n<p>Breument, l&#8217;obra es situa a una resid\u00e8ncia d&#8217;avis del pirineu catal\u00e0, on hi ha un nombre molt redu\u00eft d&#8217;avis i \u00e0vies. Malauradament, l&#8217;ambient que es respira \u00e9s de molta tensi\u00f3 i sense hi ha discussions i, per aquest motiu, el gerent de la resid\u00e8ncia busca solucions al problema, perqu\u00e8 el problema va a m\u00e9s (no insereixo m\u00e9s informaci\u00f3 per no fer un <em>spoiler<\/em>).<\/p>\n<p>El t\u00edtol de l&#8217;obra \u00e9s &#8220;El ball ens uneix&#8221; i est\u00e0 penjat a la plataforma digital <em>Youtube,\u00a0<\/em>l&#8217;enlla\u00e7 \u00e9s el seg\u00fcent: <a href=\"https:\/\/youtu.be\/x_iPBE-34Fs\">EL BALL ENS UNEIX-MOSTRA DE TEATRE LP-2024<\/a><\/p>\n","protected":false},"excerpt":{"rendered":"<p>Els nostres nens i nenes de prim\u00e0ria i infantil van treballar amb molt d&#8217;esfor\u00e7 a un certamen que participa la nostra escola, aquest s&#8217;anomena &#8220;Mostra de Teatre de la Ribera&#8221;. En aquest certamen hi participen les escoles que ho desitgen per despr\u00e9s compartir el resultat del que han fet amb la resta, com es pot [&hellip;]<\/p>\n","protected":false},"author":47,"featured_media":0,"comment_status":"open","ping_status":"closed","sticky":true,"template":"","format":"standard","meta":{"_bbp_topic_count":0,"_bbp_reply_count":0,"_bbp_total_topic_count":0,"_bbp_total_reply_count":0,"_bbp_voice_count":0,"_bbp_anonymous_reply_count":0,"_bbp_topic_count_hidden":0,"_bbp_reply_count_hidden":0,"_bbp_forum_subforum_count":0,"site-sidebar-layout":"default","site-content-layout":"","ast-site-content-layout":"","site-content-style":"default","site-sidebar-style":"default","ast-global-header-display":"","ast-banner-title-visibility":"","ast-main-header-display":"","ast-hfb-above-header-display":"","ast-hfb-below-header-display":"","ast-hfb-mobile-header-display":"","site-post-title":"","ast-breadcrumbs-content":"","ast-featured-img":"","footer-sml-layout":"","theme-transparent-header-meta":"","adv-header-id-meta":"","stick-header-meta":"","header-above-stick-meta":"","header-main-stick-meta":"","header-below-stick-meta":"","astra-migrate-meta-layouts":"default","ast-page-background-enabled":"default","ast-page-background-meta":{"desktop":{"background-color":"var(--ast-global-color-4)","background-image":"","background-repeat":"repeat","background-position":"center center","background-size":"auto","background-attachment":"scroll","background-type":"","background-media":"","overlay-type":"","overlay-color":"","overlay-opacity":"","overlay-gradient":""},"tablet":{"background-color":"","background-image":"","background-repeat":"repeat","background-position":"center center","background-size":"auto","background-attachment":"scroll","background-type":"","background-media":"","overlay-type":"","overlay-color":"","overlay-opacity":"","overlay-gradient":""},"mobile":{"background-color":"","background-image":"","background-repeat":"repeat","background-position":"center center","background-size":"auto","background-attachment":"scroll","background-type":"","background-media":"","overlay-type":"","overlay-color":"","overlay-opacity":"","overlay-gradient":""}},"ast-content-background-meta":{"desktop":{"background-color":"var(--ast-global-color-5)","background-image":"","background-repeat":"repeat","background-position":"center center","background-size":"auto","background-attachment":"scroll","background-type":"","background-media":"","overlay-type":"","overlay-color":"","overlay-opacity":"","overlay-gradient":""},"tablet":{"background-color":"var(--ast-global-color-5)","background-image":"","background-repeat":"repeat","background-position":"center center","background-size":"auto","background-attachment":"scroll","background-type":"","background-media":"","overlay-type":"","overlay-color":"","overlay-opacity":"","overlay-gradient":""},"mobile":{"background-color":"var(--ast-global-color-5)","background-image":"","background-repeat":"repeat","background-position":"center center","background-size":"auto","background-attachment":"scroll","background-type":"","background-media":"","overlay-type":"","overlay-color":"","overlay-opacity":"","overlay-gradient":""}},"footnotes":""},"categories":[171,120],"tags":[476,265,469,424,276],"class_list":["post-6067","post","type-post","status-publish","format-standard","hentry","category-daula","category-escola-1-dabril","tag-curs-2023-2024","tag-ed-infantil","tag-la-palma","tag-mostra-de-teatre","tag-primaria"],"post_mailing_queue_ids":[],"_links":{"self":[{"href":"https:\/\/agora.xtec.cat\/zerebre\/wp-json\/wp\/v2\/posts\/6067","targetHints":{"allow":["GET"]}}],"collection":[{"href":"https:\/\/agora.xtec.cat\/zerebre\/wp-json\/wp\/v2\/posts"}],"about":[{"href":"https:\/\/agora.xtec.cat\/zerebre\/wp-json\/wp\/v2\/types\/post"}],"author":[{"embeddable":true,"href":"https:\/\/agora.xtec.cat\/zerebre\/wp-json\/wp\/v2\/users\/47"}],"replies":[{"embeddable":true,"href":"https:\/\/agora.xtec.cat\/zerebre\/wp-json\/wp\/v2\/comments?post=6067"}],"version-history":[{"count":2,"href":"https:\/\/agora.xtec.cat\/zerebre\/wp-json\/wp\/v2\/posts\/6067\/revisions"}],"predecessor-version":[{"id":6081,"href":"https:\/\/agora.xtec.cat\/zerebre\/wp-json\/wp\/v2\/posts\/6067\/revisions\/6081"}],"wp:attachment":[{"href":"https:\/\/agora.xtec.cat\/zerebre\/wp-json\/wp\/v2\/media?parent=6067"}],"wp:term":[{"taxonomy":"category","embeddable":true,"href":"https:\/\/agora.xtec.cat\/zerebre\/wp-json\/wp\/v2\/categories?post=6067"},{"taxonomy":"post_tag","embeddable":true,"href":"https:\/\/agora.xtec.cat\/zerebre\/wp-json\/wp\/v2\/tags?post=6067"}],"curies":[{"name":"wp","href":"https:\/\/api.w.org\/{rel}","templated":true}]}}