{"id":6013,"date":"2024-05-20T13:45:26","date_gmt":"2024-05-20T11:45:26","guid":{"rendered":"https:\/\/agora.xtec.cat\/zerebre\/?p=6013"},"modified":"2024-05-20T13:45:26","modified_gmt":"2024-05-20T11:45:26","slug":"sant-isidre24","status":"publish","type":"post","link":"https:\/\/agora.xtec.cat\/zerebre\/altres-lp\/escola-1-dabril\/sant-isidre24\/","title":{"rendered":"Sant Isidre&#8217;24"},"content":{"rendered":"<p>El passat 15 de maig de 2024, l&#8217;Escola 1 d&#8217;Abril va organitzar una exposici\u00f3 per celebrar Sant Isidre, centrada en recordar l&#8217;incendi que va afectar la Ribera d&#8217;Ebre l&#8217;any 2019. Aquesta exposici\u00f3 va ser un viatge emotiu a trav\u00e9s de les fases de recuperaci\u00f3 del bosc, des del desastre fins a la regeneraci\u00f3.<\/p>\n<p>La primera fase representava el moment de l&#8217;incendi, amb focs simulats i il\u00b7luminats per donar una sensaci\u00f3 m\u00e9s realista. A la segona fase, els visitants trobaven arbres recreats amb paper negre, mostrant la devastaci\u00f3 causada pel foc. La tercera fase necessitava la participaci\u00f3 dels visitants. Aqu\u00ed es presentaven paneres amb brots que havien de ser col\u00b7locats en forats preparats, simbolitzant la regeneraci\u00f3 del bosc gr\u00e0cies a l&#8217;esfor\u00e7 comunitari. En la quarta fase, els arbres estaven representats amb flors i mostraven un creixement moderat, indicant l&#8217;esperan\u00e7a i la recuperaci\u00f3 progressiva. Al final, es trobava un gran arbre amb el lema de l&#8217;exposici\u00f3: &#8220;Planta la palma&#8221;. Aqu\u00ed, els m\u00e9s petits de l&#8217;escola (1r cicle d&#8217;infantil) havien creat un sol. Els visitants eren convidats a deixar la seva empremta a l&#8217;arbre amb un retolador negre, simbolitzant que, col\u00b7lectivament, podem fer cr\u00e9ixer de nou el bosc.<\/p>\n<p>L&#8217;exposici\u00f3 no nom\u00e9s va educar sobre les conseq\u00fc\u00e8ncies del foc, sin\u00f3 que tamb\u00e9 va inspirar l&#8217;esperan\u00e7a i la participaci\u00f3 activa en la preservaci\u00f3 del nostre entorn natural. L&#8217;Escola 1 d&#8217;Abril vol agrair a tota la comunitat la seva col\u00b7laboraci\u00f3 i suport en aquesta exposici\u00f3.<\/p>\n<p>Enlla\u00e7 a les fotos <a href=\"https:\/\/drive.google.com\/drive\/folders\/1kItdv10iUh5K-G1dzqDXF8XDE9bU4h5S?usp=sharing\">AQU\u00cd<\/a>.<\/p>\n","protected":false},"excerpt":{"rendered":"<p>El passat 15 de maig de 2024, l&#8217;Escola 1 d&#8217;Abril va organitzar una exposici\u00f3 per celebrar Sant Isidre, centrada en recordar l&#8217;incendi que va afectar la Ribera d&#8217;Ebre l&#8217;any 2019. Aquesta exposici\u00f3 va ser un viatge emotiu a trav\u00e9s de les fases de recuperaci\u00f3 del bosc, des del desastre fins a la regeneraci\u00f3. La primera [&hellip;]<\/p>\n","protected":false},"author":50,"featured_media":6014,"comment_status":"open","ping_status":"closed","sticky":true,"template":"","format":"standard","meta":{"_bbp_topic_count":0,"_bbp_reply_count":0,"_bbp_total_topic_count":0,"_bbp_total_reply_count":0,"_bbp_voice_count":0,"_bbp_anonymous_reply_count":0,"_bbp_topic_count_hidden":0,"_bbp_reply_count_hidden":0,"_bbp_forum_subforum_count":0,"site-sidebar-layout":"default","site-content-layout":"","ast-site-content-layout":"","site-content-style":"default","site-sidebar-style":"default","ast-global-header-display":"","ast-banner-title-visibility":"","ast-main-header-display":"","ast-hfb-above-header-display":"","ast-hfb-below-header-display":"","ast-hfb-mobile-header-display":"","site-post-title":"","ast-breadcrumbs-content":"","ast-featured-img":"","footer-sml-layout":"","theme-transparent-header-meta":"","adv-header-id-meta":"","stick-header-meta":"","header-above-stick-meta":"","header-main-stick-meta":"","header-below-stick-meta":"","astra-migrate-meta-layouts":"default","ast-page-background-enabled":"default","ast-page-background-meta":{"desktop":{"background-color":"var(--ast-global-color-4)","background-image":"","background-repeat":"repeat","background-position":"center center","background-size":"auto","background-attachment":"scroll","background-type":"","background-media":"","overlay-type":"","overlay-color":"","overlay-opacity":"","overlay-gradient":""},"tablet":{"background-color":"","background-image":"","background-repeat":"repeat","background-position":"center center","background-size":"auto","background-attachment":"scroll","background-type":"","background-media":"","overlay-type":"","overlay-color":"","overlay-opacity":"","overlay-gradient":""},"mobile":{"background-color":"","background-image":"","background-repeat":"repeat","background-position":"center center","background-size":"auto","background-attachment":"scroll","background-type":"","background-media":"","overlay-type":"","overlay-color":"","overlay-opacity":"","overlay-gradient":""}},"ast-content-background-meta":{"desktop":{"background-color":"var(--ast-global-color-5)","background-image":"","background-repeat":"repeat","background-position":"center center","background-size":"auto","background-attachment":"scroll","background-type":"","background-media":"","overlay-type":"","overlay-color":"","overlay-opacity":"","overlay-gradient":""},"tablet":{"background-color":"var(--ast-global-color-5)","background-image":"","background-repeat":"repeat","background-position":"center center","background-size":"auto","background-attachment":"scroll","background-type":"","background-media":"","overlay-type":"","overlay-color":"","overlay-opacity":"","overlay-gradient":""},"mobile":{"background-color":"var(--ast-global-color-5)","background-image":"","background-repeat":"repeat","background-position":"center center","background-size":"auto","background-attachment":"scroll","background-type":"","background-media":"","overlay-type":"","overlay-color":"","overlay-opacity":"","overlay-gradient":""}},"footnotes":""},"categories":[237,149,120],"tags":[445,418],"class_list":["post-6013","post","type-post","status-publish","format-standard","has-post-thumbnail","hentry","category-activitats","category-celebracions-lp","category-escola-1-dabril","tag-exposicio","tag-sant-isidre"],"post_mailing_queue_ids":[],"_links":{"self":[{"href":"https:\/\/agora.xtec.cat\/zerebre\/wp-json\/wp\/v2\/posts\/6013","targetHints":{"allow":["GET"]}}],"collection":[{"href":"https:\/\/agora.xtec.cat\/zerebre\/wp-json\/wp\/v2\/posts"}],"about":[{"href":"https:\/\/agora.xtec.cat\/zerebre\/wp-json\/wp\/v2\/types\/post"}],"author":[{"embeddable":true,"href":"https:\/\/agora.xtec.cat\/zerebre\/wp-json\/wp\/v2\/users\/50"}],"replies":[{"embeddable":true,"href":"https:\/\/agora.xtec.cat\/zerebre\/wp-json\/wp\/v2\/comments?post=6013"}],"version-history":[{"count":1,"href":"https:\/\/agora.xtec.cat\/zerebre\/wp-json\/wp\/v2\/posts\/6013\/revisions"}],"predecessor-version":[{"id":6015,"href":"https:\/\/agora.xtec.cat\/zerebre\/wp-json\/wp\/v2\/posts\/6013\/revisions\/6015"}],"wp:featuredmedia":[{"embeddable":true,"href":"https:\/\/agora.xtec.cat\/zerebre\/wp-json\/wp\/v2\/media\/6014"}],"wp:attachment":[{"href":"https:\/\/agora.xtec.cat\/zerebre\/wp-json\/wp\/v2\/media?parent=6013"}],"wp:term":[{"taxonomy":"category","embeddable":true,"href":"https:\/\/agora.xtec.cat\/zerebre\/wp-json\/wp\/v2\/categories?post=6013"},{"taxonomy":"post_tag","embeddable":true,"href":"https:\/\/agora.xtec.cat\/zerebre\/wp-json\/wp\/v2\/tags?post=6013"}],"curies":[{"name":"wp","href":"https:\/\/api.w.org\/{rel}","templated":true}]}}