{"id":5946,"date":"2024-04-08T10:53:53","date_gmt":"2024-04-08T08:53:53","guid":{"rendered":"https:\/\/agora.xtec.cat\/zerebre\/?p=5946"},"modified":"2024-04-08T10:55:40","modified_gmt":"2024-04-08T08:55:40","slug":"taller-de-minerals","status":"publish","type":"post","link":"https:\/\/agora.xtec.cat\/zerebre\/altres-lp\/escola-1-dabril\/taller-de-minerals\/","title":{"rendered":"Taller de Roques i Minerals"},"content":{"rendered":"<p>El passat dijous 4 d&#8217;abril, a l&#8217;escola de la Palma D&#8217;Ebre vam tenir la sort de rebre la visita de l&#8217;Alvaro Arasa, un ge\u00f2leg genial que ens va portar en un viatge emocionant pel m\u00f3n de les roques i minerals amb un taller super divertit.<\/p>\n<p>Amb moltes ganes de descobrir coses noves, els alumnes es van ajuntar per aprendre de primera m\u00e0 tot sobre les roques i minerals. L&#8217;Alvaro va arribar carregat amb tota mena de mostres de pedres i minerals, i va explicar cada detall.<\/p>\n<p>Els alumnes van poder tocar, veure i fins i tot olorar les roques i minerals que ens va portar l&#8217;Alvaro. Van aprendre sobre els colors, formes i textures \u00faniques de cada pe\u00e7a, i com les podem trobar en la natura al nostre voltant.<\/p>\n<p>Amb un estil molt pr\u00e0ctic i entretingut, l&#8217;Alvaro ens va mostrar com es formen les roques, per qu\u00e8 s\u00f3n importants i fins i tot com podem recon\u00e8ixer-les. Amb experiments divertits i activitats pr\u00e0ctiques, els alumnes van poder viure la ci\u00e8ncia en acci\u00f3 i veure com la geologia \u00e9s part del nostre dia a dia.<\/p>\n<p>Aix\u00ed que moltes gr\u00e0cies, Alvaro Arasa, per compartir amb nosaltres el teu coneixement i passi\u00f3 per les roques i minerals. Va ser un dia genial i segur que deixar\u00e0 una empremta duradora en els nostres cors<\/p>\n<p><a href=\"https:\/\/drive.google.com\/drive\/folders\/1utjsbCAOCFUCbkhyV9GC6CJGeDIUyoex?usp=sharing\">Enlla\u00e7 a fotos.<\/a><\/p>\n","protected":false},"excerpt":{"rendered":"<p>El passat dijous 4 d&#8217;abril, a l&#8217;escola de la Palma D&#8217;Ebre vam tenir la sort de rebre la visita de l&#8217;Alvaro Arasa, un ge\u00f2leg genial que ens va portar en un viatge emocionant pel m\u00f3n de les roques i minerals amb un taller super divertit. Amb moltes ganes de descobrir coses noves, els alumnes es [&hellip;]<\/p>\n","protected":false},"author":1,"featured_media":5947,"comment_status":"open","ping_status":"closed","sticky":true,"template":"","format":"standard","meta":{"_bbp_topic_count":0,"_bbp_reply_count":0,"_bbp_total_topic_count":0,"_bbp_total_reply_count":0,"_bbp_voice_count":0,"_bbp_anonymous_reply_count":0,"_bbp_topic_count_hidden":0,"_bbp_reply_count_hidden":0,"_bbp_forum_subforum_count":0,"site-sidebar-layout":"default","site-content-layout":"","ast-site-content-layout":"","site-content-style":"default","site-sidebar-style":"default","ast-global-header-display":"","ast-banner-title-visibility":"","ast-main-header-display":"","ast-hfb-above-header-display":"","ast-hfb-below-header-display":"","ast-hfb-mobile-header-display":"","site-post-title":"","ast-breadcrumbs-content":"","ast-featured-img":"","footer-sml-layout":"","theme-transparent-header-meta":"","adv-header-id-meta":"","stick-header-meta":"","header-above-stick-meta":"","header-main-stick-meta":"","header-below-stick-meta":"","astra-migrate-meta-layouts":"default","ast-page-background-enabled":"default","ast-page-background-meta":{"desktop":{"background-color":"var(--ast-global-color-4)","background-image":"","background-repeat":"repeat","background-position":"center center","background-size":"auto","background-attachment":"scroll","background-type":"","background-media":"","overlay-type":"","overlay-color":"","overlay-opacity":"","overlay-gradient":""},"tablet":{"background-color":"","background-image":"","background-repeat":"repeat","background-position":"center center","background-size":"auto","background-attachment":"scroll","background-type":"","background-media":"","overlay-type":"","overlay-color":"","overlay-opacity":"","overlay-gradient":""},"mobile":{"background-color":"","background-image":"","background-repeat":"repeat","background-position":"center center","background-size":"auto","background-attachment":"scroll","background-type":"","background-media":"","overlay-type":"","overlay-color":"","overlay-opacity":"","overlay-gradient":""}},"ast-content-background-meta":{"desktop":{"background-color":"var(--ast-global-color-5)","background-image":"","background-repeat":"repeat","background-position":"center center","background-size":"auto","background-attachment":"scroll","background-type":"","background-media":"","overlay-type":"","overlay-color":"","overlay-opacity":"","overlay-gradient":""},"tablet":{"background-color":"var(--ast-global-color-5)","background-image":"","background-repeat":"repeat","background-position":"center center","background-size":"auto","background-attachment":"scroll","background-type":"","background-media":"","overlay-type":"","overlay-color":"","overlay-opacity":"","overlay-gradient":""},"mobile":{"background-color":"var(--ast-global-color-5)","background-image":"","background-repeat":"repeat","background-position":"center center","background-size":"auto","background-attachment":"scroll","background-type":"","background-media":"","overlay-type":"","overlay-color":"","overlay-opacity":"","overlay-gradient":""}},"footnotes":""},"categories":[237,120],"tags":[476,499,366],"class_list":["post-5946","post","type-post","status-publish","format-standard","has-post-thumbnail","hentry","category-activitats","category-escola-1-dabril","tag-curs-2023-2024","tag-roques-i-mierals","tag-tallers"],"post_mailing_queue_ids":[],"_links":{"self":[{"href":"https:\/\/agora.xtec.cat\/zerebre\/wp-json\/wp\/v2\/posts\/5946","targetHints":{"allow":["GET"]}}],"collection":[{"href":"https:\/\/agora.xtec.cat\/zerebre\/wp-json\/wp\/v2\/posts"}],"about":[{"href":"https:\/\/agora.xtec.cat\/zerebre\/wp-json\/wp\/v2\/types\/post"}],"author":[{"embeddable":true,"href":"https:\/\/agora.xtec.cat\/zerebre\/wp-json\/wp\/v2\/users\/1"}],"replies":[{"embeddable":true,"href":"https:\/\/agora.xtec.cat\/zerebre\/wp-json\/wp\/v2\/comments?post=5946"}],"version-history":[{"count":2,"href":"https:\/\/agora.xtec.cat\/zerebre\/wp-json\/wp\/v2\/posts\/5946\/revisions"}],"predecessor-version":[{"id":5949,"href":"https:\/\/agora.xtec.cat\/zerebre\/wp-json\/wp\/v2\/posts\/5946\/revisions\/5949"}],"wp:featuredmedia":[{"embeddable":true,"href":"https:\/\/agora.xtec.cat\/zerebre\/wp-json\/wp\/v2\/media\/5947"}],"wp:attachment":[{"href":"https:\/\/agora.xtec.cat\/zerebre\/wp-json\/wp\/v2\/media?parent=5946"}],"wp:term":[{"taxonomy":"category","embeddable":true,"href":"https:\/\/agora.xtec.cat\/zerebre\/wp-json\/wp\/v2\/categories?post=5946"},{"taxonomy":"post_tag","embeddable":true,"href":"https:\/\/agora.xtec.cat\/zerebre\/wp-json\/wp\/v2\/tags?post=5946"}],"curies":[{"name":"wp","href":"https:\/\/api.w.org\/{rel}","templated":true}]}}