{"id":5866,"date":"2024-01-08T11:51:37","date_gmt":"2024-01-08T10:51:37","guid":{"rendered":"https:\/\/agora.xtec.cat\/zerebre\/?p=5866"},"modified":"2024-01-20T09:55:10","modified_gmt":"2024-01-20T08:55:10","slug":"celebrem-el-nadal-a-lescola-1-dabril","status":"publish","type":"post","link":"https:\/\/agora.xtec.cat\/zerebre\/general\/celebrem-el-nadal-a-lescola-1-dabril\/","title":{"rendered":"CELEBREM EL NADAL A L&#8217;ESCOLA 1 D&#8217;ABRIL"},"content":{"rendered":"<p>A l&#8217;escola 1 d&#8217;Abril, l&#8217;alumnat de cicle mitj\u00e0 i cicle superior van comen\u00e7ar amb creativitat i esperit competititu, participant en el concurs de postals de Nadal organitzat per l&#8217;Ajuntament de la Palma d&#8217;Ebre. La postal de l&#8217;Emily es va al\u00e7ar com a guanyadora.<\/p>\n<p><a href=\"https:\/\/drive.google.com\/drive\/folders\/1yvQXil9Qq2wIPVdk4mKtrYetzLgSa2Tk?usp=sharing\">Dissenys de les postals<\/a><\/p>\n<p>Per clausurar el curs amb una nota musical, l&#8217;\u00faltim dia de l&#8217;escola va estar marcat per un concert que va destacar el talent de l&#8217;alumnat de l&#8217;escola. Les actuacions van abastar una \u00e0mplia gamma d&#8217;expressions art\u00edstiques: can\u00e7ons, poemes i percussions corporals.<\/p>\n<p>Programa del concert (Cliqueu damunt de cada t\u00edtol per veure el v\u00eddeo)<\/p>\n<ul>\n<li><a href=\"https:\/\/drive.google.com\/file\/d\/1frzYXWe4Cn0JWtN5lm2x89BThg0dSwrL\/view?usp=sharing\">Can\u00e7\u00f3: Un Camell d&#8217;Orient (Cicle Mitj\u00e0 i Cicle Superior)<\/a><\/li>\n<li><a href=\"https:\/\/drive.google.com\/file\/d\/1oBO4zIv979kOHQyIUhXd0G7OMbAOTrJf\/view?usp=sharing\">Poema: Camell Despistat (Cicle Inicial)<\/a><\/li>\n<li><a href=\"https:\/\/drive.google.com\/file\/d\/1xkDf2gjk2Jn29-0BVg66NHMPWUB9aaf5\/view?usp=sharing\">Flauta: Ara ve Nadal (Cicle Superior)<\/a><\/li>\n<li><a href=\"https:\/\/drive.google.com\/file\/d\/1rrBQBeOUYm0LDXo1_bULIP0J_KtNCXT4\/view?usp=sharing\">Can\u00e7\u00f3: Rudolf (Cicle Inicial)<\/a><\/li>\n<li><a href=\"https:\/\/drive.google.com\/file\/d\/1AlmNddTimGCX0O6J4Cy0_a9ZnwNM2Jxd\/view?usp=sharing\">Arpa: Pizzicatto (Cicle Mitj\u00e0 i Cicle Superior)<\/a><\/li>\n<li><a href=\"https:\/\/drive.google.com\/file\/d\/1GiPUFMIL2Am9KNrcYuCVnKa-98Y6dUm6\/view?usp=sharing\">Poema: Com Alegre Campaneta (Educaci\u00f3 Infantil)<\/a><\/li>\n<li><a href=\"https:\/\/drive.google.com\/file\/d\/1r2ynKDBtX5WIJ7Mtn976SBeIM7OzE40O\/view?usp=sharing\">Percussi\u00f3 Corporal: Navidad Rock (Cicle Mitj\u00e0 i Cicle Superior)<\/a><\/li>\n<li><a href=\"https:\/\/drive.google.com\/file\/d\/1UIyNwmR7gseDLdoKWUCP82oHVUjuY6t_\/view?usp=sharing\">Can\u00e7\u00f3: Ara ve Nadal (Educaci\u00f3 Infantil)<\/a><\/li>\n<li><a href=\"https:\/\/drive.google.com\/file\/d\/1Cine2Dg7cbDhUV9Iku8GCy_uZsaccYXR\/view?usp=sharing\">Poema: El Caganer (Cicle Mitj\u00e0 i Cicle Superior)<\/a><\/li>\n<li><a href=\"https:\/\/drive.google.com\/file\/d\/1r9YNZt-A8GkyPxGXYK5oVl9BtvmNHEso\/view?usp=sharing\">Instrumental: Dulce Navidad (Cicle Inicial)<\/a><\/li>\n<li><a href=\"https:\/\/drive.google.com\/file\/d\/1d_6YGQJxmk_cem6sitOQGkiO5oyfrZ4L\/view?usp=sharing\">Percussi\u00f3 Corporal: Marxa Radetzky (Cicle Mitj\u00e0 i Cicle Superior)<\/a><\/li>\n<li><a href=\"https:\/\/drive.google.com\/file\/d\/1JbLspXLKvHDZtbi_rWMYzRWmd9a7Lcjs\/view?usp=sharing\">Can\u00e7\u00f3: Fum fum fum (Tots\/es)<\/a><\/li>\n<\/ul>\n<p><a href=\"https:\/\/drive.google.com\/drive\/folders\/1-aA5EYQ_VKjMGmOUWkRMJRS3Cbc-d__D?usp=sharing\">Fotos del Concert<\/a><\/p>\n<p>Al concert, vam comptar amb la pres\u00e8ncia del mateix Pare Noel, que va arribar carregat d&#8217;alegria i regals per als estudiants de l&#8217;escola. Van ser regals que de segur utilitzarem amb el nostre dia a dia a l&#8217;escola.<\/p>\n<p><a href=\"https:\/\/drive.google.com\/drive\/folders\/1kbe3aEOaQneMetafYdsB9ynPjgsU8cKs?usp=sharing\">Fotos Regals Pare Noel<\/a><\/p>\n<p>Per agafar forces l&#8217;escola va convidar a tots els assistents a esmorzar i vam poder intercanviar impressions de la jornada.<\/p>\n<p>La festa nadalenca a l&#8217;escola, va culminar amb la tradicional celebraci\u00f3 del caga ti\u00f3. Aquesta va posar punt i final a un dia a l&#8217;escola ple de rialles, amistat i esperit nadalenc.<\/p>\n<p><a href=\"https:\/\/drive.google.com\/drive\/folders\/1t2aO9y_fqnLbskciwjonszBbkSNbr_3b?usp=sharing\">Fotos Caga ti\u00f3<\/a><\/p>\n","protected":false},"excerpt":{"rendered":"<p>A l&#8217;escola 1 d&#8217;Abril, l&#8217;alumnat de cicle mitj\u00e0 i cicle superior van comen\u00e7ar amb creativitat i esperit competititu, participant en el concurs de postals de Nadal organitzat per l&#8217;Ajuntament de la Palma d&#8217;Ebre. La postal de l&#8217;Emily es va al\u00e7ar com a guanyadora. Dissenys de les postals Per clausurar el curs amb una nota musical, [&hellip;]<\/p>\n","protected":false},"author":1,"featured_media":5864,"comment_status":"open","ping_status":"closed","sticky":true,"template":"","format":"standard","meta":{"_bbp_topic_count":0,"_bbp_reply_count":0,"_bbp_total_topic_count":0,"_bbp_total_reply_count":0,"_bbp_voice_count":0,"_bbp_anonymous_reply_count":0,"_bbp_topic_count_hidden":0,"_bbp_reply_count_hidden":0,"_bbp_forum_subforum_count":0,"site-sidebar-layout":"default","site-content-layout":"","ast-site-content-layout":"","site-content-style":"default","site-sidebar-style":"default","ast-global-header-display":"","ast-banner-title-visibility":"","ast-main-header-display":"","ast-hfb-above-header-display":"","ast-hfb-below-header-display":"","ast-hfb-mobile-header-display":"","site-post-title":"","ast-breadcrumbs-content":"","ast-featured-img":"","footer-sml-layout":"","theme-transparent-header-meta":"","adv-header-id-meta":"","stick-header-meta":"","header-above-stick-meta":"","header-main-stick-meta":"","header-below-stick-meta":"","astra-migrate-meta-layouts":"default","ast-page-background-enabled":"default","ast-page-background-meta":{"desktop":{"background-color":"var(--ast-global-color-4)","background-image":"","background-repeat":"repeat","background-position":"center center","background-size":"auto","background-attachment":"scroll","background-type":"","background-media":"","overlay-type":"","overlay-color":"","overlay-opacity":"","overlay-gradient":""},"tablet":{"background-color":"","background-image":"","background-repeat":"repeat","background-position":"center center","background-size":"auto","background-attachment":"scroll","background-type":"","background-media":"","overlay-type":"","overlay-color":"","overlay-opacity":"","overlay-gradient":""},"mobile":{"background-color":"","background-image":"","background-repeat":"repeat","background-position":"center center","background-size":"auto","background-attachment":"scroll","background-type":"","background-media":"","overlay-type":"","overlay-color":"","overlay-opacity":"","overlay-gradient":""}},"ast-content-background-meta":{"desktop":{"background-color":"var(--ast-global-color-5)","background-image":"","background-repeat":"repeat","background-position":"center center","background-size":"auto","background-attachment":"scroll","background-type":"","background-media":"","overlay-type":"","overlay-color":"","overlay-opacity":"","overlay-gradient":""},"tablet":{"background-color":"var(--ast-global-color-5)","background-image":"","background-repeat":"repeat","background-position":"center center","background-size":"auto","background-attachment":"scroll","background-type":"","background-media":"","overlay-type":"","overlay-color":"","overlay-opacity":"","overlay-gradient":""},"mobile":{"background-color":"var(--ast-global-color-5)","background-image":"","background-repeat":"repeat","background-position":"center center","background-size":"auto","background-attachment":"scroll","background-type":"","background-media":"","overlay-type":"","overlay-color":"","overlay-opacity":"","overlay-gradient":""}},"footnotes":""},"categories":[149,156,171,120,1],"tags":[476,253,262,487,435],"class_list":["post-5866","post","type-post","status-publish","format-standard","has-post-thumbnail","hentry","category-celebracions-lp","category-concursos-lp","category-daula","category-escola-1-dabril","category-general","tag-curs-2023-2024","tag-nadal","tag-pare-noel","tag-postal-ajuntament","tag-tronc-de-nadal"],"post_mailing_queue_ids":[],"_links":{"self":[{"href":"https:\/\/agora.xtec.cat\/zerebre\/wp-json\/wp\/v2\/posts\/5866","targetHints":{"allow":["GET"]}}],"collection":[{"href":"https:\/\/agora.xtec.cat\/zerebre\/wp-json\/wp\/v2\/posts"}],"about":[{"href":"https:\/\/agora.xtec.cat\/zerebre\/wp-json\/wp\/v2\/types\/post"}],"author":[{"embeddable":true,"href":"https:\/\/agora.xtec.cat\/zerebre\/wp-json\/wp\/v2\/users\/1"}],"replies":[{"embeddable":true,"href":"https:\/\/agora.xtec.cat\/zerebre\/wp-json\/wp\/v2\/comments?post=5866"}],"version-history":[{"count":4,"href":"https:\/\/agora.xtec.cat\/zerebre\/wp-json\/wp\/v2\/posts\/5866\/revisions"}],"predecessor-version":[{"id":5873,"href":"https:\/\/agora.xtec.cat\/zerebre\/wp-json\/wp\/v2\/posts\/5866\/revisions\/5873"}],"wp:featuredmedia":[{"embeddable":true,"href":"https:\/\/agora.xtec.cat\/zerebre\/wp-json\/wp\/v2\/media\/5864"}],"wp:attachment":[{"href":"https:\/\/agora.xtec.cat\/zerebre\/wp-json\/wp\/v2\/media?parent=5866"}],"wp:term":[{"taxonomy":"category","embeddable":true,"href":"https:\/\/agora.xtec.cat\/zerebre\/wp-json\/wp\/v2\/categories?post=5866"},{"taxonomy":"post_tag","embeddable":true,"href":"https:\/\/agora.xtec.cat\/zerebre\/wp-json\/wp\/v2\/tags?post=5866"}],"curies":[{"name":"wp","href":"https:\/\/api.w.org\/{rel}","templated":true}]}}