{"id":5853,"date":"2023-12-05T09:57:49","date_gmt":"2023-12-05T08:57:49","guid":{"rendered":"https:\/\/agora.xtec.cat\/zerebre\/?p=5853"},"modified":"2023-12-05T10:08:50","modified_gmt":"2023-12-05T09:08:50","slug":"radio-riba-roja-debre","status":"publish","type":"post","link":"https:\/\/agora.xtec.cat\/zerebre\/escola-sant-agusti\/radio-riba-roja-debre\/","title":{"rendered":"R\u00e0dio Riba-roja d&#8217;Ebre!"},"content":{"rendered":"<p>Durant aquest primer trimestre, l&#8217;alumnat de cicle superior de l&#8217;escola Sant Agust\u00ed hem iniciat l&#8217;ambient de la r\u00e0dio a l&#8217;escola. L&#8217;objectiu de l&#8217;ambient \u00e9s millorar la compet\u00e8ncia comunicativa del nostre alumnat d&#8217;una forma significativa i motivant a trav\u00e9s d&#8217;una experi\u00e8ncia pr\u00e0ctica. Durant les primeres sessions l&#8217;alumnat ha estat treballant les claus de la comunicaci\u00f3 amb jocs i tasques de vocalitzaci\u00f3 i pronuncia aix\u00ed com, activitats de persuasi\u00f3. L&#8217;Ambient es va iniciar amb un programa de r\u00e0dio que molt aviat us compartirem!<\/p>\n<p><a href=\"https:\/\/go.ivoox.com\/sq\/2336409\">R\u00e0dio escola Riba-roja d&#8217;Ebre<\/a><\/p>\n<p>Us anirem penjat les propostes que anem realitzant al seg\u00fcent enlla\u00e7! Esperem que us agradin!<\/p>\n<p><a href=\"https:\/\/agora.xtec.cat\/zerebre\/wp-content\/uploads\/usu1719\/2023\/12\/RADIO-RR-1.png\"><img loading=\"lazy\" decoding=\"async\" class=\"alignnone wp-image-5858 size-full\" src=\"https:\/\/agora.xtec.cat\/zerebre\/wp-content\/uploads\/usu1719\/2023\/12\/RADIO-RR-1.png\" alt=\"\" width=\"320\" height=\"320\" srcset=\"https:\/\/agora.xtec.cat\/zerebre\/wp-content\/uploads\/usu1719\/2023\/12\/RADIO-RR-1.png 320w, https:\/\/agora.xtec.cat\/zerebre\/wp-content\/uploads\/usu1719\/2023\/12\/RADIO-RR-1-300x300.png 300w, https:\/\/agora.xtec.cat\/zerebre\/wp-content\/uploads\/usu1719\/2023\/12\/RADIO-RR-1-150x150.png 150w\" sizes=\"auto, (max-width: 320px) 100vw, 320px\" \/><\/a><\/p>\n","protected":false},"excerpt":{"rendered":"<p>Durant aquest primer trimestre, l&#8217;alumnat de cicle superior de l&#8217;escola Sant Agust\u00ed hem iniciat l&#8217;ambient de la r\u00e0dio a l&#8217;escola. L&#8217;objectiu de l&#8217;ambient \u00e9s millorar la compet\u00e8ncia comunicativa del nostre alumnat d&#8217;una forma significativa i motivant a trav\u00e9s d&#8217;una experi\u00e8ncia pr\u00e0ctica. Durant les primeres sessions l&#8217;alumnat ha estat treballant les claus de la comunicaci\u00f3 amb [&hellip;]<\/p>\n","protected":false},"author":1,"featured_media":5858,"comment_status":"open","ping_status":"closed","sticky":true,"template":"","format":"standard","meta":{"_bbp_topic_count":0,"_bbp_reply_count":0,"_bbp_total_topic_count":0,"_bbp_total_reply_count":0,"_bbp_voice_count":0,"_bbp_anonymous_reply_count":0,"_bbp_topic_count_hidden":0,"_bbp_reply_count_hidden":0,"_bbp_forum_subforum_count":0,"site-sidebar-layout":"default","site-content-layout":"","ast-site-content-layout":"","site-content-style":"default","site-sidebar-style":"default","ast-global-header-display":"","ast-banner-title-visibility":"","ast-main-header-display":"","ast-hfb-above-header-display":"","ast-hfb-below-header-display":"","ast-hfb-mobile-header-display":"","site-post-title":"","ast-breadcrumbs-content":"","ast-featured-img":"","footer-sml-layout":"","theme-transparent-header-meta":"","adv-header-id-meta":"","stick-header-meta":"","header-above-stick-meta":"","header-main-stick-meta":"","header-below-stick-meta":"","astra-migrate-meta-layouts":"default","ast-page-background-enabled":"default","ast-page-background-meta":{"desktop":{"background-color":"var(--ast-global-color-4)","background-image":"","background-repeat":"repeat","background-position":"center center","background-size":"auto","background-attachment":"scroll","background-type":"","background-media":"","overlay-type":"","overlay-color":"","overlay-opacity":"","overlay-gradient":""},"tablet":{"background-color":"","background-image":"","background-repeat":"repeat","background-position":"center center","background-size":"auto","background-attachment":"scroll","background-type":"","background-media":"","overlay-type":"","overlay-color":"","overlay-opacity":"","overlay-gradient":""},"mobile":{"background-color":"","background-image":"","background-repeat":"repeat","background-position":"center center","background-size":"auto","background-attachment":"scroll","background-type":"","background-media":"","overlay-type":"","overlay-color":"","overlay-opacity":"","overlay-gradient":""}},"ast-content-background-meta":{"desktop":{"background-color":"var(--ast-global-color-5)","background-image":"","background-repeat":"repeat","background-position":"center center","background-size":"auto","background-attachment":"scroll","background-type":"","background-media":"","overlay-type":"","overlay-color":"","overlay-opacity":"","overlay-gradient":""},"tablet":{"background-color":"var(--ast-global-color-5)","background-image":"","background-repeat":"repeat","background-position":"center center","background-size":"auto","background-attachment":"scroll","background-type":"","background-media":"","overlay-type":"","overlay-color":"","overlay-opacity":"","overlay-gradient":""},"mobile":{"background-color":"var(--ast-global-color-5)","background-image":"","background-repeat":"repeat","background-position":"center center","background-size":"auto","background-attachment":"scroll","background-type":"","background-media":"","overlay-type":"","overlay-color":"","overlay-opacity":"","overlay-gradient":""}},"footnotes":""},"categories":[119,433],"tags":[],"class_list":["post-5853","post","type-post","status-publish","format-standard","has-post-thumbnail","hentry","category-escola-sant-agusti","category-escola-sant-agusti-2"],"post_mailing_queue_ids":[],"_links":{"self":[{"href":"https:\/\/agora.xtec.cat\/zerebre\/wp-json\/wp\/v2\/posts\/5853","targetHints":{"allow":["GET"]}}],"collection":[{"href":"https:\/\/agora.xtec.cat\/zerebre\/wp-json\/wp\/v2\/posts"}],"about":[{"href":"https:\/\/agora.xtec.cat\/zerebre\/wp-json\/wp\/v2\/types\/post"}],"author":[{"embeddable":true,"href":"https:\/\/agora.xtec.cat\/zerebre\/wp-json\/wp\/v2\/users\/1"}],"replies":[{"embeddable":true,"href":"https:\/\/agora.xtec.cat\/zerebre\/wp-json\/wp\/v2\/comments?post=5853"}],"version-history":[{"count":5,"href":"https:\/\/agora.xtec.cat\/zerebre\/wp-json\/wp\/v2\/posts\/5853\/revisions"}],"predecessor-version":[{"id":5863,"href":"https:\/\/agora.xtec.cat\/zerebre\/wp-json\/wp\/v2\/posts\/5853\/revisions\/5863"}],"wp:featuredmedia":[{"embeddable":true,"href":"https:\/\/agora.xtec.cat\/zerebre\/wp-json\/wp\/v2\/media\/5858"}],"wp:attachment":[{"href":"https:\/\/agora.xtec.cat\/zerebre\/wp-json\/wp\/v2\/media?parent=5853"}],"wp:term":[{"taxonomy":"category","embeddable":true,"href":"https:\/\/agora.xtec.cat\/zerebre\/wp-json\/wp\/v2\/categories?post=5853"},{"taxonomy":"post_tag","embeddable":true,"href":"https:\/\/agora.xtec.cat\/zerebre\/wp-json\/wp\/v2\/tags?post=5853"}],"curies":[{"name":"wp","href":"https:\/\/api.w.org\/{rel}","templated":true}]}}