{"id":5822,"date":"2023-11-15T15:21:34","date_gmt":"2023-11-15T14:21:34","guid":{"rendered":"https:\/\/agora.xtec.cat\/zerebre\/?p=5822"},"modified":"2024-03-18T11:54:24","modified_gmt":"2024-03-18T10:54:24","slug":"taller-ciberseguritat-i-hivernacle","status":"publish","type":"post","link":"https:\/\/agora.xtec.cat\/zerebre\/escola-sant-agusti\/taller-ciberseguritat-i-hivernacle\/","title":{"rendered":"TALLER CIBERSEGURITAT I HIVERNACLE"},"content":{"rendered":"<p><span style=\"font-weight: 400;\">El divendres 27 d\u2019octubre es va realitzar a l\u2019escola un taller de ciberseguretat gr\u00e0cies al \u00abPECT Pobles Vius i Actius\u00bb dins el programa \u00abProjecte RuralCatLab\u00bb cofinan\u00e7at per la Generalitat de Catalunya, en el marc del Programa FEDER.\u00a0<\/span><\/p>\n<p><span style=\"font-weight: 400;\">La formaci\u00f3 de ciberseguretat va esdevenir molt interessant i de gran aprenentatge per als assistents. Val a dir, que les fam\u00edlies que van poder estar-hi, van participar de valent exposant els seus coneixements i compartint-los, aix\u00ed com fent preguntes molt interessants per l\u2019aprenentatge de tots i totes.\u00a0<\/span><\/p>\n<p><span style=\"font-weight: 400;\">En quant a la tem\u00e0tica, es van tractar els seg\u00fcents temes:\u00a0<\/span><\/p>\n<ol>\n<li><span style=\"font-weight: 400;\"> Qu\u00e8 \u00e9s Internet? Com funciona? . L\u2019Internet de les coses.<\/span><\/li>\n<\/ol>\n<p><span style=\"font-weight: 400;\">\u00a0Aquesta \u00faltima definici\u00f3 fa refer\u00e8ncia al fet que les coses, els objectes, tenen \u00a0 \u00a0 Internet, com ara un hivernacle.\u00a0<\/span><\/p>\n<ol start=\"2\">\n<li><span style=\"font-weight: 400;\">Riscos. Com ens protegim?<\/span><\/li>\n<\/ol>\n<p><span style=\"font-weight: 400;\">A Internet, sobretot ara amb la intel\u00b7lig\u00e8ncia artificial, \u00e9s molt f\u00e0cil ser enganyats, per tant, ens van recomanar no acceptar mai peticions de desconeguts.\u00a0<\/span><\/p>\n<p><span style=\"font-weight: 400;\">Les imatges que pengem a les diferents plataformes, passen a ser propietat d\u2019aquestes i de manera conscient o inconscient, aix\u00ed com altres dades que poden vendre.\u00a0<\/span><\/p>\n<p><span style=\"font-weight: 400;\">Quan portem un tel\u00e8fon al damunt, en tot moment, poden saber quin \u00e9s el nostre recorregut.\u00a0<\/span><\/p>\n<p><span style=\"font-weight: 400;\">Per tal de protegir-nos:\u00a0\u00a0<\/span><\/p>\n<p><span style=\"font-weight: 400;\">-No fer servir la mateixa contrasenya a tot arreu, mai compartir-la amb ning\u00fa i sobretot no fer servir 123456! com a contrasenya.\u00a0<\/span><\/p>\n<p><span style=\"font-weight: 400;\">-Canviar la contrasenya cada cert temps (uns sis mesos com a m\u00e0xim).\u00a0\u00a0<\/span><\/p>\n<p><span style=\"font-weight: 400;\">&#8211; Fer c\u00f2pies de seguretat.<\/span><\/p>\n<p><span style=\"font-weight: 400;\">&#8211; Els navegadors han de tenir l&#8217;encap\u00e7alament \u00abhttps\u00bb per tal de ser segurs,.<\/span><\/p>\n<p><span style=\"font-weight: 400;\">-Les cookies \u00e9s millor si les rebutgem, deixen registre.\u00a0<\/span><\/p>\n<ol start=\"3\">\n<li><span style=\"font-weight: 400;\">Segon factor d\u2019autentificaci\u00f3. Xarxes socials. Privacitat.<\/span><\/li>\n<\/ol>\n<p><span style=\"font-weight: 400;\">Recomanaven fer un doble factor d\u2019autentificaci\u00f3.\u00a0<\/span><\/p>\n<p><span style=\"font-weight: 400;\">A les xarxes socials, vigilar qu\u00e8 diem i com ho diem. A qui afegim? Quant de temps dediquem a les xarxes socials?\u00a0<\/span><\/p>\n<p><span style=\"font-weight: 400;\">Els perfils haurien de ser privats i\u00a0 mai donar dades. Les c\u00e0meres les haur\u00edem de tenir tapades.\u00a0<\/span><\/p>\n<p><span style=\"font-weight: 400;\">Per tal de protegir als infants, els hi podem preguntar: Aix\u00f2 que penges, ho podries ensenyar als pares?<\/span><span style=\"font-weight: 400;\">Finalment, van donar a l\u2019escola un hivernacle domotitzat i varen explicar com funciona\u00a0 per tal de poder comprovar l\u2019estat de les plantes: la temperatura, la llum, la humitat i anar fent un seguiment d\u2019aquestes amb una placa wappsto.bit.\u00a0 El professorat disposa d\u2019una guia formativa per tal que l\u2019alumnat pugui dur a terme activitats de programaci\u00f3.\u00a0<\/span><\/p>\n<p><a href=\"https:\/\/agora.xtec.cat\/zerebre\/wp-content\/uploads\/usu1719\/2023\/11\/IMG_20231027_151853-1-scaled.jpg\"><img loading=\"lazy\" decoding=\"async\" class=\"alignnone size-large wp-image-5824\" src=\"https:\/\/agora.xtec.cat\/zerebre\/wp-content\/uploads\/usu1719\/2023\/11\/IMG_20231027_151853-1-1024x768.jpg\" alt=\"\" width=\"1024\" height=\"768\" srcset=\"https:\/\/agora.xtec.cat\/zerebre\/wp-content\/uploads\/usu1719\/2023\/11\/IMG_20231027_151853-1-1024x768.jpg 1024w, https:\/\/agora.xtec.cat\/zerebre\/wp-content\/uploads\/usu1719\/2023\/11\/IMG_20231027_151853-1-300x225.jpg 300w, https:\/\/agora.xtec.cat\/zerebre\/wp-content\/uploads\/usu1719\/2023\/11\/IMG_20231027_151853-1-768x576.jpg 768w, https:\/\/agora.xtec.cat\/zerebre\/wp-content\/uploads\/usu1719\/2023\/11\/IMG_20231027_151853-1-1536x1152.jpg 1536w, https:\/\/agora.xtec.cat\/zerebre\/wp-content\/uploads\/usu1719\/2023\/11\/IMG_20231027_151853-1-2048x1536.jpg 2048w, https:\/\/agora.xtec.cat\/zerebre\/wp-content\/uploads\/usu1719\/2023\/11\/IMG_20231027_151853-1-200x150.jpg 200w\" sizes=\"auto, (max-width: 1024px) 100vw, 1024px\" \/><\/a><\/p>\n<p><a href=\"https:\/\/agora.xtec.cat\/zerebre\/wp-content\/uploads\/usu1719\/2023\/11\/IMG_20231027_152233-scaled.jpg\"><img loading=\"lazy\" decoding=\"async\" class=\"alignnone wp-image-5825\" src=\"https:\/\/agora.xtec.cat\/zerebre\/wp-content\/uploads\/usu1719\/2023\/11\/IMG_20231027_152233-471x1024.jpg\" alt=\"\" width=\"311\" height=\"676\" srcset=\"https:\/\/agora.xtec.cat\/zerebre\/wp-content\/uploads\/usu1719\/2023\/11\/IMG_20231027_152233-471x1024.jpg 471w, https:\/\/agora.xtec.cat\/zerebre\/wp-content\/uploads\/usu1719\/2023\/11\/IMG_20231027_152233-138x300.jpg 138w, https:\/\/agora.xtec.cat\/zerebre\/wp-content\/uploads\/usu1719\/2023\/11\/IMG_20231027_152233-768x1668.jpg 768w, https:\/\/agora.xtec.cat\/zerebre\/wp-content\/uploads\/usu1719\/2023\/11\/IMG_20231027_152233-707x1536.jpg 707w, https:\/\/agora.xtec.cat\/zerebre\/wp-content\/uploads\/usu1719\/2023\/11\/IMG_20231027_152233-943x2048.jpg 943w, https:\/\/agora.xtec.cat\/zerebre\/wp-content\/uploads\/usu1719\/2023\/11\/IMG_20231027_152233-scaled.jpg 1178w\" sizes=\"auto, (max-width: 311px) 100vw, 311px\" \/><\/a><a href=\"https:\/\/agora.xtec.cat\/zerebre\/wp-content\/uploads\/usu1719\/2023\/11\/IMG-20231115-WA0001.jpg\"><img loading=\"lazy\" decoding=\"async\" class=\" wp-image-5831 alignright\" src=\"https:\/\/agora.xtec.cat\/zerebre\/wp-content\/uploads\/usu1719\/2023\/11\/IMG-20231115-WA0001-599x1024.jpg\" alt=\"\" width=\"393\" height=\"672\" srcset=\"https:\/\/agora.xtec.cat\/zerebre\/wp-content\/uploads\/usu1719\/2023\/11\/IMG-20231115-WA0001-599x1024.jpg 599w, https:\/\/agora.xtec.cat\/zerebre\/wp-content\/uploads\/usu1719\/2023\/11\/IMG-20231115-WA0001-175x300.jpg 175w, https:\/\/agora.xtec.cat\/zerebre\/wp-content\/uploads\/usu1719\/2023\/11\/IMG-20231115-WA0001-768x1314.jpg 768w, https:\/\/agora.xtec.cat\/zerebre\/wp-content\/uploads\/usu1719\/2023\/11\/IMG-20231115-WA0001-898x1536.jpg 898w, https:\/\/agora.xtec.cat\/zerebre\/wp-content\/uploads\/usu1719\/2023\/11\/IMG-20231115-WA0001.jpg 1169w\" sizes=\"auto, (max-width: 393px) 100vw, 393px\" \/><\/a><\/p>\n","protected":false},"excerpt":{"rendered":"<p>El divendres 27 d\u2019octubre es va realitzar a l\u2019escola un taller de ciberseguretat gr\u00e0cies al \u00abPECT Pobles Vius i Actius\u00bb dins el programa \u00abProjecte RuralCatLab\u00bb cofinan\u00e7at per la Generalitat de Catalunya, en el marc del Programa FEDER.\u00a0 La formaci\u00f3 de ciberseguretat va esdevenir molt interessant i de gran aprenentatge per als assistents. Val a dir, [&hellip;]<\/p>\n","protected":false},"author":47,"featured_media":0,"comment_status":"open","ping_status":"closed","sticky":true,"template":"","format":"standard","meta":{"_bbp_topic_count":0,"_bbp_reply_count":0,"_bbp_total_topic_count":0,"_bbp_total_reply_count":0,"_bbp_voice_count":0,"_bbp_anonymous_reply_count":0,"_bbp_topic_count_hidden":0,"_bbp_reply_count_hidden":0,"_bbp_forum_subforum_count":0,"site-sidebar-layout":"default","site-content-layout":"","ast-site-content-layout":"","site-content-style":"default","site-sidebar-style":"default","ast-global-header-display":"","ast-banner-title-visibility":"","ast-main-header-display":"","ast-hfb-above-header-display":"","ast-hfb-below-header-display":"","ast-hfb-mobile-header-display":"","site-post-title":"","ast-breadcrumbs-content":"","ast-featured-img":"","footer-sml-layout":"","theme-transparent-header-meta":"","adv-header-id-meta":"","stick-header-meta":"","header-above-stick-meta":"","header-main-stick-meta":"","header-below-stick-meta":"","astra-migrate-meta-layouts":"default","ast-page-background-enabled":"default","ast-page-background-meta":{"desktop":{"background-color":"var(--ast-global-color-4)","background-image":"","background-repeat":"repeat","background-position":"center center","background-size":"auto","background-attachment":"scroll","background-type":"","background-media":"","overlay-type":"","overlay-color":"","overlay-opacity":"","overlay-gradient":""},"tablet":{"background-color":"","background-image":"","background-repeat":"repeat","background-position":"center center","background-size":"auto","background-attachment":"scroll","background-type":"","background-media":"","overlay-type":"","overlay-color":"","overlay-opacity":"","overlay-gradient":""},"mobile":{"background-color":"","background-image":"","background-repeat":"repeat","background-position":"center center","background-size":"auto","background-attachment":"scroll","background-type":"","background-media":"","overlay-type":"","overlay-color":"","overlay-opacity":"","overlay-gradient":""}},"ast-content-background-meta":{"desktop":{"background-color":"var(--ast-global-color-5)","background-image":"","background-repeat":"repeat","background-position":"center center","background-size":"auto","background-attachment":"scroll","background-type":"","background-media":"","overlay-type":"","overlay-color":"","overlay-opacity":"","overlay-gradient":""},"tablet":{"background-color":"var(--ast-global-color-5)","background-image":"","background-repeat":"repeat","background-position":"center center","background-size":"auto","background-attachment":"scroll","background-type":"","background-media":"","overlay-type":"","overlay-color":"","overlay-opacity":"","overlay-gradient":""},"mobile":{"background-color":"var(--ast-global-color-5)","background-image":"","background-repeat":"repeat","background-position":"center center","background-size":"auto","background-attachment":"scroll","background-type":"","background-media":"","overlay-type":"","overlay-color":"","overlay-opacity":"","overlay-gradient":""}},"footnotes":""},"categories":[167,119,433],"tags":[484,265,467,451,276],"class_list":["post-5822","post","type-post","status-publish","format-standard","hentry","category-biblioteca-rr","category-escola-sant-agusti","category-escola-sant-agusti-2","tag-ciberseguretat","tag-ed-infantil","tag-escola-sant-agusti","tag-llar-dinfants","tag-primaria"],"post_mailing_queue_ids":[],"_links":{"self":[{"href":"https:\/\/agora.xtec.cat\/zerebre\/wp-json\/wp\/v2\/posts\/5822","targetHints":{"allow":["GET"]}}],"collection":[{"href":"https:\/\/agora.xtec.cat\/zerebre\/wp-json\/wp\/v2\/posts"}],"about":[{"href":"https:\/\/agora.xtec.cat\/zerebre\/wp-json\/wp\/v2\/types\/post"}],"author":[{"embeddable":true,"href":"https:\/\/agora.xtec.cat\/zerebre\/wp-json\/wp\/v2\/users\/47"}],"replies":[{"embeddable":true,"href":"https:\/\/agora.xtec.cat\/zerebre\/wp-json\/wp\/v2\/comments?post=5822"}],"version-history":[{"count":4,"href":"https:\/\/agora.xtec.cat\/zerebre\/wp-json\/wp\/v2\/posts\/5822\/revisions"}],"predecessor-version":[{"id":5832,"href":"https:\/\/agora.xtec.cat\/zerebre\/wp-json\/wp\/v2\/posts\/5822\/revisions\/5832"}],"wp:attachment":[{"href":"https:\/\/agora.xtec.cat\/zerebre\/wp-json\/wp\/v2\/media?parent=5822"}],"wp:term":[{"taxonomy":"category","embeddable":true,"href":"https:\/\/agora.xtec.cat\/zerebre\/wp-json\/wp\/v2\/categories?post=5822"},{"taxonomy":"post_tag","embeddable":true,"href":"https:\/\/agora.xtec.cat\/zerebre\/wp-json\/wp\/v2\/tags?post=5822"}],"curies":[{"name":"wp","href":"https:\/\/api.w.org\/{rel}","templated":true}]}}