{"id":5756,"date":"2023-11-04T09:50:47","date_gmt":"2023-11-04T08:50:47","guid":{"rendered":"https:\/\/agora.xtec.cat\/zerebre\/?p=5756"},"modified":"2023-11-04T09:50:47","modified_gmt":"2023-11-04T08:50:47","slug":"tenim-un-viver-domotitzat","status":"publish","type":"post","link":"https:\/\/agora.xtec.cat\/zerebre\/altres-lp\/escola-1-dabril\/tenim-un-viver-domotitzat\/","title":{"rendered":"TENIM UN VIVER DOMOTITZAT!"},"content":{"rendered":"<p>El &#8220;PECT Pobles Vius i Actius&#8221; ha dut a terme un programa que porta per nom &#8220;Projecte RuralCatLab&#8221;.<\/p>\n<p>L\u2019objecte d\u2019aquest projecte \u00e9s cofinan\u00e7at per la Generalitat de Catalunya, en el marc del Programa operatiu FEDER de Catalunya 2014-2020, objectiu d\u2019inversi\u00f3 en creixement i ocupaci\u00f3. Aquest projecte est\u00e0 emmarcat\/da dins la iniciativa d\u2019intervenci\u00f3 coordinada PECT Pobles vius i actius, operaci\u00f3 2 &#8211; Formaci\u00f3 i Tecnologia.<\/p>\n<p>Aplicat a l&#8217;escola, aquest projecte ens aporta formaci\u00f3 a tot el professorat per dur a terme el treball del viver, aix\u00ed com eines per aplicar-lo dins l&#8217;aula amb el nostre alumnats, de tots els cicles.<\/p>\n<p>Lligat amb la xerrada <a href=\"https:\/\/agora.xtec.cat\/zerebre\/?p=5736&amp;preview=true\">&#8220;Taller de ciberseguretat&#8221;<\/a>\u00a0 \u00a0ens van donar a l&#8217;escola un hivernacle i tamb\u00e9 un sensor <span style=\"font-family: inherit; font-size: 1em;\">amb el qual podrem comprovar l&#8217;estat de les nostres plantes: si tenen suficient llum, si tenen prou humitat a la terra, en podrem fer un seguiment. <\/span><\/p>\n<p><span style=\"font-family: inherit; font-size: 1em;\">Aquest sensor est\u00e0 connectat a una placa Wappsto.bit per tal de poder realitzar activitats de programaci\u00f3 o ampliacions del treball de l&#8217;aula amb el nostre alumnat.<img loading=\"lazy\" decoding=\"async\" class=\"aligncenter wp-image-5789 size-medium\" src=\"https:\/\/agora.xtec.cat\/zerebre\/wp-content\/uploads\/usu1719\/2023\/11\/hivernacle-1-300x225.jpg\" alt=\"\" width=\"300\" height=\"225\" srcset=\"https:\/\/agora.xtec.cat\/zerebre\/wp-content\/uploads\/usu1719\/2023\/11\/hivernacle-1-300x225.jpg 300w, https:\/\/agora.xtec.cat\/zerebre\/wp-content\/uploads\/usu1719\/2023\/11\/hivernacle-1-768x576.jpg 768w, https:\/\/agora.xtec.cat\/zerebre\/wp-content\/uploads\/usu1719\/2023\/11\/hivernacle-1-200x150.jpg 200w, https:\/\/agora.xtec.cat\/zerebre\/wp-content\/uploads\/usu1719\/2023\/11\/hivernacle-1.jpg 1024w\" sizes=\"auto, (max-width: 300px) 100vw, 300px\" \/><\/span><\/p>\n<p>&nbsp;<\/p>\n","protected":false},"excerpt":{"rendered":"<p>El &#8220;PECT Pobles Vius i Actius&#8221; ha dut a terme un programa que porta per nom &#8220;Projecte RuralCatLab&#8221;. L\u2019objecte d\u2019aquest projecte \u00e9s cofinan\u00e7at per la Generalitat de Catalunya, en el marc del Programa operatiu FEDER de Catalunya 2014-2020, objectiu d\u2019inversi\u00f3 en creixement i ocupaci\u00f3. Aquest projecte est\u00e0 emmarcat\/da dins la iniciativa d\u2019intervenci\u00f3 coordinada PECT Pobles [&hellip;]<\/p>\n","protected":false},"author":8,"featured_media":0,"comment_status":"open","ping_status":"closed","sticky":true,"template":"","format":"standard","meta":{"_bbp_topic_count":0,"_bbp_reply_count":0,"_bbp_total_topic_count":0,"_bbp_total_reply_count":0,"_bbp_voice_count":0,"_bbp_anonymous_reply_count":0,"_bbp_topic_count_hidden":0,"_bbp_reply_count_hidden":0,"_bbp_forum_subforum_count":0,"site-sidebar-layout":"default","site-content-layout":"","ast-site-content-layout":"","site-content-style":"default","site-sidebar-style":"default","ast-global-header-display":"","ast-banner-title-visibility":"","ast-main-header-display":"","ast-hfb-above-header-display":"","ast-hfb-below-header-display":"","ast-hfb-mobile-header-display":"","site-post-title":"","ast-breadcrumbs-content":"","ast-featured-img":"","footer-sml-layout":"","theme-transparent-header-meta":"","adv-header-id-meta":"","stick-header-meta":"","header-above-stick-meta":"","header-main-stick-meta":"","header-below-stick-meta":"","astra-migrate-meta-layouts":"default","ast-page-background-enabled":"default","ast-page-background-meta":{"desktop":{"background-color":"var(--ast-global-color-4)","background-image":"","background-repeat":"repeat","background-position":"center center","background-size":"auto","background-attachment":"scroll","background-type":"","background-media":"","overlay-type":"","overlay-color":"","overlay-opacity":"","overlay-gradient":""},"tablet":{"background-color":"","background-image":"","background-repeat":"repeat","background-position":"center center","background-size":"auto","background-attachment":"scroll","background-type":"","background-media":"","overlay-type":"","overlay-color":"","overlay-opacity":"","overlay-gradient":""},"mobile":{"background-color":"","background-image":"","background-repeat":"repeat","background-position":"center center","background-size":"auto","background-attachment":"scroll","background-type":"","background-media":"","overlay-type":"","overlay-color":"","overlay-opacity":"","overlay-gradient":""}},"ast-content-background-meta":{"desktop":{"background-color":"var(--ast-global-color-5)","background-image":"","background-repeat":"repeat","background-position":"center center","background-size":"auto","background-attachment":"scroll","background-type":"","background-media":"","overlay-type":"","overlay-color":"","overlay-opacity":"","overlay-gradient":""},"tablet":{"background-color":"var(--ast-global-color-5)","background-image":"","background-repeat":"repeat","background-position":"center center","background-size":"auto","background-attachment":"scroll","background-type":"","background-media":"","overlay-type":"","overlay-color":"","overlay-opacity":"","overlay-gradient":""},"mobile":{"background-color":"var(--ast-global-color-5)","background-image":"","background-repeat":"repeat","background-position":"center center","background-size":"auto","background-attachment":"scroll","background-type":"","background-media":"","overlay-type":"","overlay-color":"","overlay-opacity":"","overlay-gradient":""}},"footnotes":""},"categories":[153,155,120,205],"tags":[476,245,486,485,481,480],"class_list":["post-5756","post","type-post","status-publish","format-standard","hentry","category-altres-lp","category-amb-lentorn","category-escola-1-dabril","category-families","tag-curs-2023-2024","tag-entorn","tag-pobles-vius-i-actius","tag-ruralcatlab","tag-tic-tac","tag-xerrada"],"post_mailing_queue_ids":[],"_links":{"self":[{"href":"https:\/\/agora.xtec.cat\/zerebre\/wp-json\/wp\/v2\/posts\/5756","targetHints":{"allow":["GET"]}}],"collection":[{"href":"https:\/\/agora.xtec.cat\/zerebre\/wp-json\/wp\/v2\/posts"}],"about":[{"href":"https:\/\/agora.xtec.cat\/zerebre\/wp-json\/wp\/v2\/types\/post"}],"author":[{"embeddable":true,"href":"https:\/\/agora.xtec.cat\/zerebre\/wp-json\/wp\/v2\/users\/8"}],"replies":[{"embeddable":true,"href":"https:\/\/agora.xtec.cat\/zerebre\/wp-json\/wp\/v2\/comments?post=5756"}],"version-history":[{"count":6,"href":"https:\/\/agora.xtec.cat\/zerebre\/wp-json\/wp\/v2\/posts\/5756\/revisions"}],"predecessor-version":[{"id":5806,"href":"https:\/\/agora.xtec.cat\/zerebre\/wp-json\/wp\/v2\/posts\/5756\/revisions\/5806"}],"wp:attachment":[{"href":"https:\/\/agora.xtec.cat\/zerebre\/wp-json\/wp\/v2\/media?parent=5756"}],"wp:term":[{"taxonomy":"category","embeddable":true,"href":"https:\/\/agora.xtec.cat\/zerebre\/wp-json\/wp\/v2\/categories?post=5756"},{"taxonomy":"post_tag","embeddable":true,"href":"https:\/\/agora.xtec.cat\/zerebre\/wp-json\/wp\/v2\/tags?post=5756"}],"curies":[{"name":"wp","href":"https:\/\/api.w.org\/{rel}","templated":true}]}}