{"id":5689,"date":"2023-10-31T11:26:12","date_gmt":"2023-10-31T10:26:12","guid":{"rendered":"https:\/\/agora.xtec.cat\/zerebre\/?p=5689"},"modified":"2024-03-05T18:59:21","modified_gmt":"2024-03-05T17:59:21","slug":"xerrada-fem-us-de-la-biblioteca-de-lescola","status":"publish","type":"post","link":"https:\/\/agora.xtec.cat\/zerebre\/altres-lp\/escola-1-dabril\/xerrada-fem-us-de-la-biblioteca-de-lescola\/","title":{"rendered":"Xerrada: &#8220;FEM \u00daS DE LA BIBLIOTECA DE L&#8217;ESCOLA&#8221;"},"content":{"rendered":"<p>El dia 24 d&#8217;octubre es celebra el Dia Mundial de les Biblioteques. La manera de celebrar-ho enguany, a la nostra escola, va ser amb una activitat adre\u00e7ada a l&#8217;alumnat i una altra adre\u00e7ada a tota la comunitat escolar i ve\u00efnat del municipi, en general.<\/p>\n<p>El dijous dia 26 d&#8217;octubre va tenir lloc la primera activitat: la xerrada que portava per t\u00edtol &#8220;Fem \u00fas de la biblioteca de l&#8217;escola&#8221;. Va ser impartida per la coordinadora de la biblioteca escolar, Anna Blad\u00e9. Amb aquesta xerrada es pretenia:<\/p>\n<ul>\n<li>apropar la biblioteca de l&#8217;escola a la comunitat escolar i ve\u00efnat en general,<\/li>\n<li>aprendre a consultar el fons bibliogr\u00e0fic del centre, catalogat amb el programa eP\u00e8rgam,<\/li>\n<li>animar al pr\u00e9stec dels llibres de la biblioteca per a \u00fas personal i per als seus fills i filles,<\/li>\n<li>publicitar la franja de &#8220;biblioteca oberta al ve\u00efnat&#8221;,<\/li>\n<li>animar a participar com a voluntari en les tasques bibliotec\u00e0ries.<\/li>\n<\/ul>\n<p><img loading=\"lazy\" decoding=\"async\" class=\"size-medium wp-image-5694 alignleft\" src=\"https:\/\/agora.xtec.cat\/zerebre\/wp-content\/uploads\/usu1719\/2023\/10\/xerrada_biblitoeca-300x249.jpeg\" alt=\"\" width=\"300\" height=\"249\" srcset=\"https:\/\/agora.xtec.cat\/zerebre\/wp-content\/uploads\/usu1719\/2023\/10\/xerrada_biblitoeca-300x250.jpeg 300w, https:\/\/agora.xtec.cat\/zerebre\/wp-content\/uploads\/usu1719\/2023\/10\/xerrada_biblitoeca-1024x852.jpeg 1024w, https:\/\/agora.xtec.cat\/zerebre\/wp-content\/uploads\/usu1719\/2023\/10\/xerrada_biblitoeca-768x639.jpeg 768w, https:\/\/agora.xtec.cat\/zerebre\/wp-content\/uploads\/usu1719\/2023\/10\/xerrada_biblitoeca.jpeg 1348w\" sizes=\"auto, (max-width: 300px) 100vw, 300px\" \/><\/p>\n<p>En primer lloc es va fer una explicaci\u00f3 amb la distribuci\u00f3 dels llibres en els diferents espais de la biblioteca, es va explicar la seva proced\u00e8ncia (adquisicions del centre i donacions de diferents sectors: fam\u00edlies, ve\u00efnat, organismes diversos, etc), es van explicar com gestiona el pr\u00e9stec l&#8217;alumnat, de quina manera els recomanen als seus companys i com es recullen les diferents recomanacions.<\/p>\n<p>Despr\u00e9s vam passar a la part pr\u00e0ctica en la qu\u00e8 es van explicar els passos per poder accedir a la catalogaci\u00f3 amb el programa eP\u00e8rgam i com podran sol\u00b7licitar el pr\u00e9stec dels llibres.<\/p>\n<p>Vam comptar amb un 33&#8217;33% de participaci\u00f3 per part de les fam\u00edlies del centre, amb molt bon feed-back de totes les mares assistents.<\/p>\n<p>&nbsp;<\/p>\n<p>Per poder arribar a totes aquelles que no van poder assistir presencialment, es va fer arribar un full-resum amb la indicaci\u00f3 dels passos a seguir per poder accedir al nostre fons bibliogr\u00e0fic.<\/p>\n<p>Clicant a aquest <strong>enlla\u00e7<\/strong> <strong><a href=\"https:\/\/agora.xtec.cat\/zerebre\/wp-content\/uploads\/usu1719\/2023\/10\/Consultar-ePergam.pdf\">Consultar eP\u00e8rgam<\/a><\/strong> podreu seguir els passos per accedir al programa eP\u00e8rgam i consultar els llibres de la nostra escola que estiguin catalogats (tot i que en tenim una bona pila que encara no els hem introdu\u00eft i aquests no els podreu trobar dins el programa).<\/p>\n<p>&nbsp;<\/p>\n","protected":false},"excerpt":{"rendered":"<p>El dia 24 d&#8217;octubre es celebra el Dia Mundial de les Biblioteques. La manera de celebrar-ho enguany, a la nostra escola, va ser amb una activitat adre\u00e7ada a l&#8217;alumnat i una altra adre\u00e7ada a tota la comunitat escolar i ve\u00efnat del municipi, en general. El dijous dia 26 d&#8217;octubre va tenir lloc la primera activitat: [&hellip;]<\/p>\n","protected":false},"author":8,"featured_media":5694,"comment_status":"open","ping_status":"closed","sticky":true,"template":"","format":"standard","meta":{"_bbp_topic_count":0,"_bbp_reply_count":0,"_bbp_total_topic_count":0,"_bbp_total_reply_count":0,"_bbp_voice_count":0,"_bbp_anonymous_reply_count":0,"_bbp_topic_count_hidden":0,"_bbp_reply_count_hidden":0,"_bbp_forum_subforum_count":0,"site-sidebar-layout":"default","site-content-layout":"","ast-site-content-layout":"","site-content-style":"default","site-sidebar-style":"default","ast-global-header-display":"","ast-banner-title-visibility":"","ast-main-header-display":"","ast-hfb-above-header-display":"","ast-hfb-below-header-display":"","ast-hfb-mobile-header-display":"","site-post-title":"","ast-breadcrumbs-content":"","ast-featured-img":"","footer-sml-layout":"","theme-transparent-header-meta":"","adv-header-id-meta":"","stick-header-meta":"","header-above-stick-meta":"","header-main-stick-meta":"","header-below-stick-meta":"","astra-migrate-meta-layouts":"default","ast-page-background-enabled":"default","ast-page-background-meta":{"desktop":{"background-color":"var(--ast-global-color-4)","background-image":"","background-repeat":"repeat","background-position":"center center","background-size":"auto","background-attachment":"scroll","background-type":"","background-media":"","overlay-type":"","overlay-color":"","overlay-opacity":"","overlay-gradient":""},"tablet":{"background-color":"","background-image":"","background-repeat":"repeat","background-position":"center center","background-size":"auto","background-attachment":"scroll","background-type":"","background-media":"","overlay-type":"","overlay-color":"","overlay-opacity":"","overlay-gradient":""},"mobile":{"background-color":"","background-image":"","background-repeat":"repeat","background-position":"center center","background-size":"auto","background-attachment":"scroll","background-type":"","background-media":"","overlay-type":"","overlay-color":"","overlay-opacity":"","overlay-gradient":""}},"ast-content-background-meta":{"desktop":{"background-color":"var(--ast-global-color-5)","background-image":"","background-repeat":"repeat","background-position":"center center","background-size":"auto","background-attachment":"scroll","background-type":"","background-media":"","overlay-type":"","overlay-color":"","overlay-opacity":"","overlay-gradient":""},"tablet":{"background-color":"var(--ast-global-color-5)","background-image":"","background-repeat":"repeat","background-position":"center center","background-size":"auto","background-attachment":"scroll","background-type":"","background-media":"","overlay-type":"","overlay-color":"","overlay-opacity":"","overlay-gradient":""},"mobile":{"background-color":"var(--ast-global-color-5)","background-image":"","background-repeat":"repeat","background-position":"center center","background-size":"auto","background-attachment":"scroll","background-type":"","background-media":"","overlay-type":"","overlay-color":"","overlay-opacity":"","overlay-gradient":""}},"footnotes":""},"categories":[155,159,120,205],"tags":[365,476,475,478,391,477],"class_list":["post-5689","post","type-post","status-publish","format-standard","has-post-thumbnail","hentry","category-amb-lentorn","category-biblioteca-lp","category-escola-1-dabril","category-families","tag-biblioteca-oberta-al-veinat","tag-curs-2023-2024","tag-dia-mundial-de-la-biblioteca","tag-dinamitzacio","tag-seminari-de-biblioteques-escolars-de-la-ribera-debre","tag-xerrrada"],"post_mailing_queue_ids":[],"_links":{"self":[{"href":"https:\/\/agora.xtec.cat\/zerebre\/wp-json\/wp\/v2\/posts\/5689","targetHints":{"allow":["GET"]}}],"collection":[{"href":"https:\/\/agora.xtec.cat\/zerebre\/wp-json\/wp\/v2\/posts"}],"about":[{"href":"https:\/\/agora.xtec.cat\/zerebre\/wp-json\/wp\/v2\/types\/post"}],"author":[{"embeddable":true,"href":"https:\/\/agora.xtec.cat\/zerebre\/wp-json\/wp\/v2\/users\/8"}],"replies":[{"embeddable":true,"href":"https:\/\/agora.xtec.cat\/zerebre\/wp-json\/wp\/v2\/comments?post=5689"}],"version-history":[{"count":6,"href":"https:\/\/agora.xtec.cat\/zerebre\/wp-json\/wp\/v2\/posts\/5689\/revisions"}],"predecessor-version":[{"id":5924,"href":"https:\/\/agora.xtec.cat\/zerebre\/wp-json\/wp\/v2\/posts\/5689\/revisions\/5924"}],"wp:featuredmedia":[{"embeddable":true,"href":"https:\/\/agora.xtec.cat\/zerebre\/wp-json\/wp\/v2\/media\/5694"}],"wp:attachment":[{"href":"https:\/\/agora.xtec.cat\/zerebre\/wp-json\/wp\/v2\/media?parent=5689"}],"wp:term":[{"taxonomy":"category","embeddable":true,"href":"https:\/\/agora.xtec.cat\/zerebre\/wp-json\/wp\/v2\/categories?post=5689"},{"taxonomy":"post_tag","embeddable":true,"href":"https:\/\/agora.xtec.cat\/zerebre\/wp-json\/wp\/v2\/tags?post=5689"}],"curies":[{"name":"wp","href":"https:\/\/api.w.org\/{rel}","templated":true}]}}