{"id":5581,"date":"2023-07-27T13:20:54","date_gmt":"2023-07-27T11:20:54","guid":{"rendered":"https:\/\/agora.xtec.cat\/zerebre\/?p=5581"},"modified":"2023-07-27T13:22:28","modified_gmt":"2023-07-27T11:22:28","slug":"visita-de-lescriptora-convidada-olga-besoli","status":"publish","type":"post","link":"https:\/\/agora.xtec.cat\/zerebre\/altres-lp\/escola-1-dabril\/visita-de-lescriptora-convidada-olga-besoli\/","title":{"rendered":"VISITA DE L&#8217;ESCRIPTORA CONVIDADA: OLGA BESOL\u00cd"},"content":{"rendered":"<p>El dijous, dia 1 de juny, ens van visitar les Germanes Besol\u00ed, l&#8217;Olga (escriptora) i l&#8217;Ester (il\u00b7lustradora) dels contes infantils que ens va regalar l&#8217;Ajuntament per la diada de Sant Jordi (&#8220;El pallasso Muniatto&#8221; i &#8220;Muniatto, the casteller&#8221;)<\/p>\n<p>Tota l&#8217;escola ens vam reunir en una mateixa aula per escoltar-les parlar sobre els motius que les van motivar a treballar juntes, qui \u00e9s el pallasso Muniatto i el paper que t\u00e9 cadascuna en l&#8217;elaboraci\u00f3 de cada llibre (ja que una s&#8217;encarrega majorit\u00e0riament del text i l&#8217;altra dels dibuixos). A m\u00e9s d&#8217;aix\u00f2, les autores van ficar un petit v\u00eddeo del pallasso Muniatto, que ja l&#8217;havien conegut en persona el curs passat per la festa de final de curs.<\/p>\n<p>Tamb\u00e9 vam tenir l&#8217;oportunitat de gaudir de veure una de les seves obres de manera dramatitzada, \u00e9s a dir, van explicar un conte davant dels nens i nenes mentre ho representaven amb objectes i m\u00fasica.<\/p>\n<p>Despr\u00e9s de l&#8217;anterior, els infants van poder fer preguntes a les dues autores sobre aquelles coses que volien saber o que no els hi havia quedat gaire enteses.<\/p>\n<p>Finalment, les autores van firmar els llibres de cadascun dels nens i nenes, afegint-hi un text alegre amb un bonic pallasso Muniatto dibuixat al costat.<\/p>\n<p>Dies abans, els m\u00e9s petits de l&#8217;escola van preparar l&#8217;exposici\u00f3 de l&#8217;entrada, amb els llibres que tenim a la biblioteca de l&#8217;autora.<\/p>\n<p>Cliqueu a aquest <em><strong><a href=\"https:\/\/drive.google.com\/drive\/folders\/1rcEx0lWgRcExylsKaGFlriJOG95eLtHR?usp=sharing\">ENLLA\u00c7<\/a> <\/strong><\/em>per veure les fotos de la visita.<\/p>\n<p>&nbsp;<\/p>\n","protected":false},"excerpt":{"rendered":"<p>El dijous, dia 1 de juny, ens van visitar les Germanes Besol\u00ed, l&#8217;Olga (escriptora) i l&#8217;Ester (il\u00b7lustradora) dels contes infantils que ens va regalar l&#8217;Ajuntament per la diada de Sant Jordi (&#8220;El pallasso Muniatto&#8221; i &#8220;Muniatto, the casteller&#8221;) Tota l&#8217;escola ens vam reunir en una mateixa aula per escoltar-les parlar sobre els motius que les [&hellip;]<\/p>\n","protected":false},"author":8,"featured_media":5587,"comment_status":"open","ping_status":"closed","sticky":true,"template":"","format":"standard","meta":{"_bbp_topic_count":0,"_bbp_reply_count":0,"_bbp_total_topic_count":0,"_bbp_total_reply_count":0,"_bbp_voice_count":0,"_bbp_anonymous_reply_count":0,"_bbp_topic_count_hidden":0,"_bbp_reply_count_hidden":0,"_bbp_forum_subforum_count":0,"site-sidebar-layout":"default","site-content-layout":"","ast-site-content-layout":"","site-content-style":"default","site-sidebar-style":"default","ast-global-header-display":"","ast-banner-title-visibility":"","ast-main-header-display":"","ast-hfb-above-header-display":"","ast-hfb-below-header-display":"","ast-hfb-mobile-header-display":"","site-post-title":"","ast-breadcrumbs-content":"","ast-featured-img":"","footer-sml-layout":"","theme-transparent-header-meta":"","adv-header-id-meta":"","stick-header-meta":"","header-above-stick-meta":"","header-main-stick-meta":"","header-below-stick-meta":"","astra-migrate-meta-layouts":"default","ast-page-background-enabled":"default","ast-page-background-meta":{"desktop":{"background-color":"var(--ast-global-color-4)","background-image":"","background-repeat":"repeat","background-position":"center center","background-size":"auto","background-attachment":"scroll","background-type":"","background-media":"","overlay-type":"","overlay-color":"","overlay-opacity":"","overlay-gradient":""},"tablet":{"background-color":"","background-image":"","background-repeat":"repeat","background-position":"center center","background-size":"auto","background-attachment":"scroll","background-type":"","background-media":"","overlay-type":"","overlay-color":"","overlay-opacity":"","overlay-gradient":""},"mobile":{"background-color":"","background-image":"","background-repeat":"repeat","background-position":"center center","background-size":"auto","background-attachment":"scroll","background-type":"","background-media":"","overlay-type":"","overlay-color":"","overlay-opacity":"","overlay-gradient":""}},"ast-content-background-meta":{"desktop":{"background-color":"var(--ast-global-color-5)","background-image":"","background-repeat":"repeat","background-position":"center center","background-size":"auto","background-attachment":"scroll","background-type":"","background-media":"","overlay-type":"","overlay-color":"","overlay-opacity":"","overlay-gradient":""},"tablet":{"background-color":"var(--ast-global-color-5)","background-image":"","background-repeat":"repeat","background-position":"center center","background-size":"auto","background-attachment":"scroll","background-type":"","background-media":"","overlay-type":"","overlay-color":"","overlay-opacity":"","overlay-gradient":""},"mobile":{"background-color":"var(--ast-global-color-5)","background-image":"","background-repeat":"repeat","background-position":"center center","background-size":"auto","background-attachment":"scroll","background-type":"","background-media":"","overlay-type":"","overlay-color":"","overlay-opacity":"","overlay-gradient":""}},"footnotes":""},"categories":[159,120],"tags":[210,434,429,453,452],"class_list":["post-5581","post","type-post","status-publish","format-standard","has-post-thumbnail","hentry","category-biblioteca-lp","category-escola-1-dabril","tag-autors-a-les-aules","tag-curs-2022-2023","tag-escriptor","tag-illustrador","tag-pallasso"],"post_mailing_queue_ids":[],"_links":{"self":[{"href":"https:\/\/agora.xtec.cat\/zerebre\/wp-json\/wp\/v2\/posts\/5581","targetHints":{"allow":["GET"]}}],"collection":[{"href":"https:\/\/agora.xtec.cat\/zerebre\/wp-json\/wp\/v2\/posts"}],"about":[{"href":"https:\/\/agora.xtec.cat\/zerebre\/wp-json\/wp\/v2\/types\/post"}],"author":[{"embeddable":true,"href":"https:\/\/agora.xtec.cat\/zerebre\/wp-json\/wp\/v2\/users\/8"}],"replies":[{"embeddable":true,"href":"https:\/\/agora.xtec.cat\/zerebre\/wp-json\/wp\/v2\/comments?post=5581"}],"version-history":[{"count":3,"href":"https:\/\/agora.xtec.cat\/zerebre\/wp-json\/wp\/v2\/posts\/5581\/revisions"}],"predecessor-version":[{"id":5590,"href":"https:\/\/agora.xtec.cat\/zerebre\/wp-json\/wp\/v2\/posts\/5581\/revisions\/5590"}],"wp:featuredmedia":[{"embeddable":true,"href":"https:\/\/agora.xtec.cat\/zerebre\/wp-json\/wp\/v2\/media\/5587"}],"wp:attachment":[{"href":"https:\/\/agora.xtec.cat\/zerebre\/wp-json\/wp\/v2\/media?parent=5581"}],"wp:term":[{"taxonomy":"category","embeddable":true,"href":"https:\/\/agora.xtec.cat\/zerebre\/wp-json\/wp\/v2\/categories?post=5581"},{"taxonomy":"post_tag","embeddable":true,"href":"https:\/\/agora.xtec.cat\/zerebre\/wp-json\/wp\/v2\/tags?post=5581"}],"curies":[{"name":"wp","href":"https:\/\/api.w.org\/{rel}","templated":true}]}}