{"id":5570,"date":"2023-06-26T12:24:19","date_gmt":"2023-06-26T10:24:19","guid":{"rendered":"https:\/\/agora.xtec.cat\/zerebre\/?p=5570"},"modified":"2023-07-27T12:55:59","modified_gmt":"2023-07-27T10:55:59","slug":"festival-la-palma-debre","status":"publish","type":"post","link":"https:\/\/agora.xtec.cat\/zerebre\/altres-lp\/escola-1-dabril\/festival-la-palma-debre\/","title":{"rendered":"FESTIVAL LA PALMA D&#8217;EBRE"},"content":{"rendered":"<p>El passat dijous 22 de juny els nostres alumnes van acomiadar el curs de la millor manera possible, mitjan\u00e7ant un festival s\u00faper preparat per la seva part que contenia actuacions molt originals: plenes de diversi\u00f3, drama, suspens, celebracions i amb un acomiadament final.<\/p>\n<p>L&#8217;assist\u00e8ncia va ser incre\u00efble, tot el teatre amb cadires de dalt i baix i cap va quedar buida! El poble sencer hi era present, tot i haver aquesta pressi\u00f3 (perqu\u00e8 hi havia molt p\u00fablic) els nostres nens i nenes van oferir un espectacle del m\u00e9s excepcional i van controlar els nervis de manera incre\u00efble. Els mestres hem quedat s\u00faper contents amb les seves actuacions, de totes maneres no esper\u00e0vem menys d&#8217;ells i elles!<\/p>\n<p>Les actuacions van ser les seg\u00fcents:<\/p>\n<ol>\n<li style=\"font-weight: 400;\" aria-level=\"1\"><span style=\"font-weight: 400;\">Teatre \u201cCanviem pensaments a favor del planeta\u201d\u00a0<\/span><\/li>\n<\/ol>\n<p><span style=\"font-weight: 400;\">2. \u201cNo, tu no\u201d (Emilly, J\u00falia i Ana M\u00aa)<\/span><\/p>\n<p><span style=\"font-weight: 400;\">3. Jungla (Ali, M.Ali, Marc, Arlette i Aran)\u00a0<\/span><\/p>\n<p><span style=\"font-weight: 400;\">4. Flauta ( CM+CS)\u00a0<\/span><\/p>\n<p><span style=\"font-weight: 400;\">5. \u201cEl colesterol\u201d (chicharr\u00f3n) (Nil, Emily, J\u00falia, Guillem i Adri\u00e0)<\/span><\/p>\n<p><span style=\"font-weight: 400;\">6. Anunci 1<\/span><\/p>\n<p><span style=\"font-weight: 400;\">7. Performance (Emily+Nil+Ana)<\/span><\/p>\n<p><span style=\"font-weight: 400;\">8. Anunci 2\u00a0<\/span><\/p>\n<p><span style=\"font-weight: 400;\">9. \u201cEstrelles\u201d instruments (Ali, M.Ali,Marc, Arlette i Aran)<\/span><\/p>\n<p><span style=\"font-weight: 400;\">10. \u201cAcr\u00f3stico\u201d (Nil, J\u00falia i Adri\u00e0)<\/span><\/p>\n<p><span style=\"font-weight: 400;\">11. Percussi\u00f3 i can\u00e7\u00f3 Remor (CM +CS)<\/span><\/p>\n<p><span style=\"font-weight: 400;\">12. \u201cOn anir\u00e9?\u201d (Emily)<\/span><\/p>\n<p><span style=\"font-weight: 400;\">13. Performance (J\u00falia, Guillem, Adri\u00e0)<\/span><\/p>\n<p><span style=\"font-weight: 400;\">14. \u201cVict\u00f2ria\u201d (CM+CS)<\/span><\/p>\n<p><span style=\"font-weight: 400;\">15. Nil piano<\/span><\/p>\n<p><span style=\"font-weight: 400;\">16. \u201cVivan las manos de colores\u201d (tots)<\/span><\/p>\n<p>Esperem que passeu un bon estiu i que el gaudiu molt amb les persones que m\u00e9s us importen, ara a descansar!<\/p>\n\r\n\t<div class=\"slideshow_container slideshow_container_style-light\" style=\"height: 300px; \" data-slideshow-id=\"5558\" data-style-name=\"style-light\" data-style-version=\"2.3.1\" >\r\n\r\n\t\t\t\t\t<div class=\"slideshow_loading_icon\"><\/div>\r\n\t\t\r\n\t\t<div class=\"slideshow_content\" style=\"display: none;\">\r\n\r\n\t\t\t<div class=\"slideshow_view\">\t<div style=\"clear: both;\"><\/div><\/div><div class=\"slideshow_view\">\t<div style=\"clear: both;\"><\/div><\/div><div class=\"slideshow_view\">\t<div style=\"clear: both;\"><\/div><\/div><div class=\"slideshow_view\">\t<div style=\"clear: both;\"><\/div><\/div><div class=\"slideshow_view\">\t<div style=\"clear: both;\"><\/div><\/div><div class=\"slideshow_view\">\t<div style=\"clear: both;\"><\/div><\/div><div class=\"slideshow_view\">\t<div style=\"clear: both;\"><\/div><\/div><div class=\"slideshow_view\">\t<div style=\"clear: both;\"><\/div><\/div><div class=\"slideshow_view\">\t<div style=\"clear: both;\"><\/div><\/div><div class=\"slideshow_view\">\t<div style=\"clear: both;\"><\/div><\/div><div class=\"slideshow_view\">\t<div style=\"clear: both;\"><\/div><\/div>\r\n\t\t<\/div>\r\n\r\n\t\t<div class=\"slideshow_controlPanel slideshow_transparent\" style=\"display: none;\"><ul><li class=\"slideshow_togglePlay\" data-play-text=\"Visualitza\" data-pause-text=\"Pausa\"><\/li><\/ul><\/div>\r\n\r\n\t\t<div class=\"slideshow_button slideshow_previous slideshow_transparent\" role=\"button\" data-previous-text=\"Anterior\" style=\"display: none;\"><\/div>\r\n\t\t<div class=\"slideshow_button slideshow_next slideshow_transparent\" role=\"button\" data-next-text=\"Seg\u00fcent\" style=\"display: none;\"><\/div>\r\n\r\n\t\t<div class=\"slideshow_pagination\" style=\"display: none;\" data-go-to-text=\"V\u00e9s a la diapositiva\"><div class=\"slideshow_pagination_center\"><\/div><\/div>\r\n\r\n\t\t<!-- WordPress Slideshow Version 2.3.1 -->\r\n\r\n\t\t\t<\/div>\r\n\r\n\n","protected":false},"excerpt":{"rendered":"<p>El passat dijous 22 de juny els nostres alumnes van acomiadar el curs de la millor manera possible, mitjan\u00e7ant un festival s\u00faper preparat per la seva part que contenia actuacions molt originals: plenes de diversi\u00f3, drama, suspens, celebracions i amb un acomiadament final. L&#8217;assist\u00e8ncia va ser incre\u00efble, tot el teatre amb cadires de dalt i [&hellip;]<\/p>\n","protected":false},"author":47,"featured_media":0,"comment_status":"open","ping_status":"closed","sticky":true,"template":"","format":"standard","meta":{"_bbp_topic_count":0,"_bbp_reply_count":0,"_bbp_total_topic_count":0,"_bbp_total_reply_count":0,"_bbp_voice_count":0,"_bbp_anonymous_reply_count":0,"_bbp_topic_count_hidden":0,"_bbp_reply_count_hidden":0,"_bbp_forum_subforum_count":0,"site-sidebar-layout":"default","site-content-layout":"","ast-site-content-layout":"","site-content-style":"default","site-sidebar-style":"default","ast-global-header-display":"","ast-banner-title-visibility":"","ast-main-header-display":"","ast-hfb-above-header-display":"","ast-hfb-below-header-display":"","ast-hfb-mobile-header-display":"","site-post-title":"","ast-breadcrumbs-content":"","ast-featured-img":"","footer-sml-layout":"","theme-transparent-header-meta":"","adv-header-id-meta":"","stick-header-meta":"","header-above-stick-meta":"","header-main-stick-meta":"","header-below-stick-meta":"","astra-migrate-meta-layouts":"default","ast-page-background-enabled":"default","ast-page-background-meta":{"desktop":{"background-color":"var(--ast-global-color-4)","background-image":"","background-repeat":"repeat","background-position":"center center","background-size":"auto","background-attachment":"scroll","background-type":"","background-media":"","overlay-type":"","overlay-color":"","overlay-opacity":"","overlay-gradient":""},"tablet":{"background-color":"","background-image":"","background-repeat":"repeat","background-position":"center center","background-size":"auto","background-attachment":"scroll","background-type":"","background-media":"","overlay-type":"","overlay-color":"","overlay-opacity":"","overlay-gradient":""},"mobile":{"background-color":"","background-image":"","background-repeat":"repeat","background-position":"center center","background-size":"auto","background-attachment":"scroll","background-type":"","background-media":"","overlay-type":"","overlay-color":"","overlay-opacity":"","overlay-gradient":""}},"ast-content-background-meta":{"desktop":{"background-color":"var(--ast-global-color-5)","background-image":"","background-repeat":"repeat","background-position":"center center","background-size":"auto","background-attachment":"scroll","background-type":"","background-media":"","overlay-type":"","overlay-color":"","overlay-opacity":"","overlay-gradient":""},"tablet":{"background-color":"var(--ast-global-color-5)","background-image":"","background-repeat":"repeat","background-position":"center center","background-size":"auto","background-attachment":"scroll","background-type":"","background-media":"","overlay-type":"","overlay-color":"","overlay-opacity":"","overlay-gradient":""},"mobile":{"background-color":"var(--ast-global-color-5)","background-image":"","background-repeat":"repeat","background-position":"center center","background-size":"auto","background-attachment":"scroll","background-type":"","background-media":"","overlay-type":"","overlay-color":"","overlay-opacity":"","overlay-gradient":""}},"footnotes":""},"categories":[149,120],"tags":[142,353,434,265,426,424],"class_list":["post-5570","post","type-post","status-publish","format-standard","hentry","category-celebracions-lp","category-escola-1-dabril","tag-cicle-inicial","tag-cicle-mitja-i-cicle-superior","tag-curs-2022-2023","tag-ed-infantil","tag-festival-fi-de-curs","tag-mostra-de-teatre"],"post_mailing_queue_ids":[],"_links":{"self":[{"href":"https:\/\/agora.xtec.cat\/zerebre\/wp-json\/wp\/v2\/posts\/5570","targetHints":{"allow":["GET"]}}],"collection":[{"href":"https:\/\/agora.xtec.cat\/zerebre\/wp-json\/wp\/v2\/posts"}],"about":[{"href":"https:\/\/agora.xtec.cat\/zerebre\/wp-json\/wp\/v2\/types\/post"}],"author":[{"embeddable":true,"href":"https:\/\/agora.xtec.cat\/zerebre\/wp-json\/wp\/v2\/users\/47"}],"replies":[{"embeddable":true,"href":"https:\/\/agora.xtec.cat\/zerebre\/wp-json\/wp\/v2\/comments?post=5570"}],"version-history":[{"count":2,"href":"https:\/\/agora.xtec.cat\/zerebre\/wp-json\/wp\/v2\/posts\/5570\/revisions"}],"predecessor-version":[{"id":5572,"href":"https:\/\/agora.xtec.cat\/zerebre\/wp-json\/wp\/v2\/posts\/5570\/revisions\/5572"}],"wp:attachment":[{"href":"https:\/\/agora.xtec.cat\/zerebre\/wp-json\/wp\/v2\/media?parent=5570"}],"wp:term":[{"taxonomy":"category","embeddable":true,"href":"https:\/\/agora.xtec.cat\/zerebre\/wp-json\/wp\/v2\/categories?post=5570"},{"taxonomy":"post_tag","embeddable":true,"href":"https:\/\/agora.xtec.cat\/zerebre\/wp-json\/wp\/v2\/tags?post=5570"}],"curies":[{"name":"wp","href":"https:\/\/api.w.org\/{rel}","templated":true}]}}