{"id":5355,"date":"2023-05-18T11:48:00","date_gmt":"2023-05-18T09:48:00","guid":{"rendered":"https:\/\/agora.xtec.cat\/zerebre\/?p=5355"},"modified":"2023-05-18T11:50:09","modified_gmt":"2023-05-18T09:50:09","slug":"iniciacio-al-padel-a-cicle-superior","status":"publish","type":"post","link":"https:\/\/agora.xtec.cat\/zerebre\/escola-sant-agusti\/iniciacio-al-padel-a-cicle-superior\/","title":{"rendered":"Iniciaci\u00f3 al p\u00e0del a Cicle Superior"},"content":{"rendered":"<p>L&#8217;alumnat de cicle superior de l&#8217;escola ha iniciat una situaci\u00f3 d&#8217;aprenentatge relacionada amb el p\u00e0del a educaci\u00f3 f\u00edsica. L&#8217;objectiu principal \u00e9s fomentar l&#8217;activitat f\u00edsica saludable a partir\u00a0 dels recursos esportius de l&#8217;entorn proper.<\/p>\n<p>Durant les properes sessions l&#8217;alumnat aprendr\u00e0, no nom\u00e9s els coneixements f\u00edsics i t\u00e8cnics del p\u00e0del sin\u00f3 tamb\u00e9 una s\u00e8rie de valors transversals com, la comunicaci\u00f3 efectiva, l&#8217;autosuperaci\u00f3, l&#8217;esfor\u00e7, la const\u00e0ncia i la col\u00b7laboraci\u00f3.<\/p>\n<p>Finalment, volem agrair al Club de P\u00e0del de Riba-Roja d&#8217;Ebre la cessi\u00f3 de les pistes que tenim al costat de l&#8217;escola per a poder fer l&#8217;activitat d&#8217;aquesta forma tant satisfact\u00f2ria.<\/p>\n<p>Esperem que cadasc\u00fa gaudeixi de l&#8217;activitat independentment del nivell de pr\u00e0ctica i que alguns o algunes s&#8217;animin a posar-lo en pr\u00e0ctica en el seu temps d&#8217;oci per a fer-lo m\u00e9s saludable!<\/p>\n<p><a href=\"https:\/\/drive.google.com\/file\/d\/1Nhlob4H_mWNyqJOtkDCad9coyIUDMRtu\/view?usp=sharing\">Fotos p\u00e0del<\/a><\/p>\n<p><a href=\"https:\/\/agora.xtec.cat\/zerebre\/wp-content\/uploads\/usu1719\/2023\/05\/images.jpg\"><img loading=\"lazy\" decoding=\"async\" class=\"alignnone size-full wp-image-5358\" src=\"https:\/\/agora.xtec.cat\/zerebre\/wp-content\/uploads\/usu1719\/2023\/05\/images.jpg\" alt=\"\" width=\"275\" height=\"183\" \/><\/a><\/p>\n","protected":false},"excerpt":{"rendered":"<p>L&#8217;alumnat de cicle superior de l&#8217;escola ha iniciat una situaci\u00f3 d&#8217;aprenentatge relacionada amb el p\u00e0del a educaci\u00f3 f\u00edsica. L&#8217;objectiu principal \u00e9s fomentar l&#8217;activitat f\u00edsica saludable a partir\u00a0 dels recursos esportius de l&#8217;entorn proper. Durant les properes sessions l&#8217;alumnat aprendr\u00e0, no nom\u00e9s els coneixements f\u00edsics i t\u00e8cnics del p\u00e0del sin\u00f3 tamb\u00e9 una s\u00e8rie de valors transversals [&hellip;]<\/p>\n","protected":false},"author":1,"featured_media":5358,"comment_status":"open","ping_status":"closed","sticky":true,"template":"","format":"standard","meta":{"_bbp_topic_count":0,"_bbp_reply_count":0,"_bbp_total_topic_count":0,"_bbp_total_reply_count":0,"_bbp_voice_count":0,"_bbp_anonymous_reply_count":0,"_bbp_topic_count_hidden":0,"_bbp_reply_count_hidden":0,"_bbp_forum_subforum_count":0,"site-sidebar-layout":"default","site-content-layout":"","ast-site-content-layout":"","site-content-style":"default","site-sidebar-style":"default","ast-global-header-display":"","ast-banner-title-visibility":"","ast-main-header-display":"","ast-hfb-above-header-display":"","ast-hfb-below-header-display":"","ast-hfb-mobile-header-display":"","site-post-title":"","ast-breadcrumbs-content":"","ast-featured-img":"","footer-sml-layout":"","theme-transparent-header-meta":"","adv-header-id-meta":"","stick-header-meta":"","header-above-stick-meta":"","header-main-stick-meta":"","header-below-stick-meta":"","astra-migrate-meta-layouts":"default","ast-page-background-enabled":"default","ast-page-background-meta":{"desktop":{"background-color":"var(--ast-global-color-4)","background-image":"","background-repeat":"repeat","background-position":"center center","background-size":"auto","background-attachment":"scroll","background-type":"","background-media":"","overlay-type":"","overlay-color":"","overlay-opacity":"","overlay-gradient":""},"tablet":{"background-color":"","background-image":"","background-repeat":"repeat","background-position":"center center","background-size":"auto","background-attachment":"scroll","background-type":"","background-media":"","overlay-type":"","overlay-color":"","overlay-opacity":"","overlay-gradient":""},"mobile":{"background-color":"","background-image":"","background-repeat":"repeat","background-position":"center center","background-size":"auto","background-attachment":"scroll","background-type":"","background-media":"","overlay-type":"","overlay-color":"","overlay-opacity":"","overlay-gradient":""}},"ast-content-background-meta":{"desktop":{"background-color":"var(--ast-global-color-5)","background-image":"","background-repeat":"repeat","background-position":"center center","background-size":"auto","background-attachment":"scroll","background-type":"","background-media":"","overlay-type":"","overlay-color":"","overlay-opacity":"","overlay-gradient":""},"tablet":{"background-color":"var(--ast-global-color-5)","background-image":"","background-repeat":"repeat","background-position":"center center","background-size":"auto","background-attachment":"scroll","background-type":"","background-media":"","overlay-type":"","overlay-color":"","overlay-opacity":"","overlay-gradient":""},"mobile":{"background-color":"var(--ast-global-color-5)","background-image":"","background-repeat":"repeat","background-position":"center center","background-size":"auto","background-attachment":"scroll","background-type":"","background-media":"","overlay-type":"","overlay-color":"","overlay-opacity":"","overlay-gradient":""}},"footnotes":""},"categories":[119],"tags":[],"class_list":["post-5355","post","type-post","status-publish","format-standard","has-post-thumbnail","hentry","category-escola-sant-agusti"],"post_mailing_queue_ids":[],"_links":{"self":[{"href":"https:\/\/agora.xtec.cat\/zerebre\/wp-json\/wp\/v2\/posts\/5355","targetHints":{"allow":["GET"]}}],"collection":[{"href":"https:\/\/agora.xtec.cat\/zerebre\/wp-json\/wp\/v2\/posts"}],"about":[{"href":"https:\/\/agora.xtec.cat\/zerebre\/wp-json\/wp\/v2\/types\/post"}],"author":[{"embeddable":true,"href":"https:\/\/agora.xtec.cat\/zerebre\/wp-json\/wp\/v2\/users\/1"}],"replies":[{"embeddable":true,"href":"https:\/\/agora.xtec.cat\/zerebre\/wp-json\/wp\/v2\/comments?post=5355"}],"version-history":[{"count":3,"href":"https:\/\/agora.xtec.cat\/zerebre\/wp-json\/wp\/v2\/posts\/5355\/revisions"}],"predecessor-version":[{"id":5359,"href":"https:\/\/agora.xtec.cat\/zerebre\/wp-json\/wp\/v2\/posts\/5355\/revisions\/5359"}],"wp:featuredmedia":[{"embeddable":true,"href":"https:\/\/agora.xtec.cat\/zerebre\/wp-json\/wp\/v2\/media\/5358"}],"wp:attachment":[{"href":"https:\/\/agora.xtec.cat\/zerebre\/wp-json\/wp\/v2\/media?parent=5355"}],"wp:term":[{"taxonomy":"category","embeddable":true,"href":"https:\/\/agora.xtec.cat\/zerebre\/wp-json\/wp\/v2\/categories?post=5355"},{"taxonomy":"post_tag","embeddable":true,"href":"https:\/\/agora.xtec.cat\/zerebre\/wp-json\/wp\/v2\/tags?post=5355"}],"curies":[{"name":"wp","href":"https:\/\/api.w.org\/{rel}","templated":true}]}}